{"id":11200,"date":"2011-12-30T06:29:00","date_gmt":"2011-12-30T08:29:00","guid":{"rendered":"http:\/\/www.pedromigao.com.br\/ourodetolo\/2011\/12\/orun-aye-tempo-de-retrospectiva\/"},"modified":"2011-12-30T06:29:00","modified_gmt":"2011-12-30T08:29:00","slug":"orun-aye-tempo-de-retrospectiva","status":"publish","type":"post","link":"https:\/\/www.pedromigao.com.br\/ourodetolo\/2011\/12\/orun-aye-tempo-de-retrospectiva\/","title":{"rendered":"Orun Ay\u00e9 &#8211; &quot;Tempo de Retrospectiva&quot;"},"content":{"rendered":"<div><a href=\"http:\/\/3.bp.blogspot.com\/-pGS_ip163bE\/TvpBx5W0P3I\/AAAAAAAAEI0\/VHsvVe7c5Jk\/s1600\/Acesso+B+2011+122.JPG\" imageanchor=\"1\"><img loading=\"lazy\" decoding=\"async\" border=\"0\" height=\"480\" src=\"http:\/\/www.pedromigao.com.br\/ourodetolo\/wp-content\/uploads\/2011\/12\/Acesso+B+2011+1221.jpg\" width=\"640\"><\/a><\/div>\n<p><\/p>\n<div>Excepcionalmente nesta sexta feira, \u00faltimo dia \u00fatil do ano, <b>mais uma edi\u00e7\u00e3o da coluna &#8220;Orun Ay\u00e9&#8221;, do compositor Aloisio Villar.<\/b><\/div>\n<div><\/div>\n<div>Tenho a dizer que eu \u00e9 quem agrade\u00e7o por ter a presen\u00e7a do compositor entre os colunistas, com um p\u00fablico fiel a cada domingo. E tamb\u00e9m pela honra de ser seu parceiro de samba na Acad\u00eamicos do Dend\u00ea.<\/div>\n<div><\/div>\n<div>E saiba que estarei cantando seu samba na avenida em 2012, mais uma vez tendo a honra de desfilar a convite na m\u00edtica Ala de Compositores da agremia\u00e7\u00e3o. O leitor sabe que n\u00e3o sou torcedor da escola, sou portelense apaixonado e que se Deus quiser ir\u00e1 participar da reden\u00e7\u00e3o azul e branca em fevereiro, mas a Uni\u00e3o da Ilha me recebeu bem e est\u00e1 dentro do meu cora\u00e7\u00e3o tamb\u00e9m.<\/div>\n<div><\/div>\n<div>Rasga\u00e7\u00e3o de seda \u00e0 parte, vamos ao texto. E adianto que a coluna do domingo que vem, dia 08, ter\u00e1 como tema &#8220;O Barcelona dos Sambas&#8221;. Ser\u00e1 imperd\u00edvel.<\/div>\n<div><\/div>\n<div><b><i>Tempo de Retrospectiva<\/i><\/b><\/div>\n<div><\/div>\n<div>Come\u00e7o a coluna com uma curiosidade.\u00a0<\/div>\n<div><\/div>\n<div>J\u00e1 notaram que h\u00e1 palavras que s\u00f3 ouvimos ou lemos em alguns momentos do ano? Por exemplo, a palavra \u201cpr\u00f3spero\u201d. S\u00f3 ouvimos no Natal quando algu\u00e9m deseja \u201cFeliz Natal e um pr\u00f3spero ano novo\u201d. No carnaval temos a palavra \u201cgenit\u00e1lia\u201d.\u00a0<\/div>\n<div><\/div>\n<div>E na virada de ano a palavra \u201cretrospectiva\u201d. Sejamos sinceros: algu\u00e9m usa essa palavra em alguma outra \u00e9poca do ano?\u00a0<\/div>\n<div><\/div>\n<div>Nem eu.\u00a0<\/div>\n<div><\/div>\n<div>Mas todo mundo adora fazer quando chega a semana entre o Natal e a virada de ano. Essa semana que eu considero ao mesmo tempo a mais chata do ano, pois, n\u00e3o acontece nada (gra\u00e7as a Deus temos o Adriano imperador pra movimentar esse mundo mon\u00f3tono) e tamb\u00e9m \u00e9 a \u00faltima semana daquele per\u00edodo mon\u00f3tono entre a quarta-feira de cinzas e a virada de ano <i>[N.do.E.: vem para a minha ger\u00eancia que ver\u00e1 que n\u00e3o foi nada parado (risos)]<\/i>.\u00a0<\/div>\n<div><\/div>\n<div>Como eu disse, n\u00e3o h\u00e1 nada pra se fazer nesse per\u00edodo. Os melhores programas de televis\u00e3o est\u00e3o de f\u00e9rias, os jogadores de futebol est\u00e3o de f\u00e9rias, Papai Noel j\u00e1 voltou pro P\u00f3lo Norte e o d\u00e9cimo terceiro tamb\u00e9m j\u00e1 foi embora &#8211; ent\u00e3o as pessoas tiram essa semana pra refletir.\u00a0<\/div>\n<div><\/div>\n<div>E quase sempre a reflex\u00e3o sobre o ano \u00e9 p\u00e9ssima. Amaldi\u00e7oam o ano que est\u00e1 terminando, culpam o coitado por todas as mazelas e desejam que o ano seguinte seja melhor.\u00a0A\u00ed chega o fim do ano seguinte e fazem as mesmas reclama\u00e7\u00f5es, esquecendo que o que ocorre \u00e9 apenas uma mudan\u00e7a de data no calend\u00e1rio. Um ano n\u00e3o tem poder de mudar nossas vidas, s\u00f3 a gente.\u00a0<\/div>\n<div><\/div>\n<div>E assim como todo mundo, tiro o fim de ano pra fazer reflex\u00f5es. 2011 pra mim foi um ano positivo. Um ano que posso dizer que cresci, evolu\u00ed, botei molho ingl\u00eas na feijoada.\u00a0<\/div>\n<div><\/div>\n<div>A conquista na Uni\u00e3o da Ilha foi o simbolismo de um ano vitorioso. Uma vit\u00f3ria sonhada, buscada e esperada por muitos anos. Uma grande campanha que fizemos nos dois meses de uma disputa impec\u00e1vel onde mostramos a todos a nossa for\u00e7a.\u00a0<\/div>\n<div><\/div>\n<div>E no final a sensa\u00e7\u00e3o do dever cumprido e que somos realidade.\u00a0<\/div>\n<div><\/div>\n<div>Um bom ano no samba, que tamb\u00e9m trouxe minha sexta vit\u00f3ria no Acad\u00eamicos do Dend\u00ea, outra jun\u00e7\u00e3o, mas outra disputa onde sa\u00edmos de cabe\u00e7a erguida e sabendo que fomos vitoriosos. Virei assim o maior vencedor da hist\u00f3ria da agremia\u00e7\u00e3o e tive a honra de dividir mais uma conquista com o Pedro Mig\u00e3o.\u00a0<\/div>\n<div><\/div>\n<div>Mais uma vit\u00f3ria na Unidos do Aquarius de Cabo Frio e no bloco Unidos de Tubiacanga, aqui na Ilha do Governador. Experi\u00eancias como compositor na Mocidade de Aparecida de Manaus e Unidos do Peruche de S\u00e3o Paulo e um samba despretensioso que quase surpreendeu no Boi da Ilha <i>[N.do.E.: o &#8220;pombo&#8221; s\u00f3 foi abatido na final\u00edssima&#8230; risos]<\/i>.\u00a0<\/div>\n<div><\/div>\n<div>Conquista de novas amizades no samba. Novos parceiros agregados como Lobo Jr, Neco do Banjo e Violinha no Dend\u00ea, Boi e Tubiacanga. Talentos novos no samba.\u00a0<\/div>\n<div><\/div>\n<div>Mas sem d\u00favidas os grandes momentos foram proporcionados pela Uni\u00e3o da Ilha. A campanha vitoriosa, acompanhar a grava\u00e7\u00e3o do samba, a festa de lan\u00e7amento de cd, o reconhecimento. A cada ensaio na AA.Portuguesa uma emo\u00e7\u00e3o diferente, uma emo\u00e7\u00e3o maior ainda na volta \u00e0 nossa casa agora em dezembro, com a inaugura\u00e7\u00e3o da quadra.\u00a0<\/div>\n<div><\/div>\n<div>E me sentir como uma crian\u00e7a ao ganhar uma bicicleta quando chegou o meu cd das escolas de samba do grupo especial: peguei correndo uma tesoura a fim de tirar o pl\u00e1stico e ver meu nome no encarte.\u00a0<\/div>\n<div><\/div>\n<div>Termino meu ano no samba de 2011 imaginando para fevereiro de 2012 a maior emo\u00e7\u00e3o da minha vida de compositor.\u00a0<\/div>\n<div><\/div>\n<div>A Uni\u00e3o da Ilha na avenida com um samba meu.\u00a0<\/div>\n<div><\/div>\n<div>Escrevi muito em 2011, mas n\u00e3o foram s\u00f3 sambas. Fiz m\u00fasicas, escrevi livros e desde abril virei colunista desse blog. Com essa foram trinta e seis colunas em pouco menos de nove meses. Nove meses ininterruptos. Todos os fins de semana com uma coluna in\u00e9dita.\u00a0<\/div>\n<div><\/div>\n<div>Agrade\u00e7o ao Mig\u00e3o pela oportunidade.\u00a0<\/div>\n<div><\/div>\n<div>Escrever nesse blog ajudou muito no meu desenvolvimento como escritor. Vejo as primeiras colunas e as atuais e noto uma melhora &#8211; e o Ouro de Tolo foi fundamental para que eu pegasse o jeito como cronista.\u00a0<\/div>\n<div><\/div>\n<div>Foi um dos meus melhores anos escrevendo, onde me senti mais maduro ao escrever e acho que no geral escrevi coisas boas.\u00a0<\/div>\n<div><\/div>\n<div>Em muitas delas tive inspira\u00e7\u00e3o. Como todo escritor, poeta, as mulheres me serviram de inspira\u00e7\u00e3o. Para o lado bom ou lado ruim acabei usando as minhas experi\u00eancias com elas para escrever: seja uma m\u00fasica, um cap\u00edtulo de um livro ou uma coluna.\u00a0<\/div>\n<div><\/div>\n<div>Conheci mulheres maravilhosas em 2011 que me proporcionaram momentos inesquec\u00edveis. Com algumas convivi algumas horas, outras dias, semanas. Algumas entraram e sa\u00edram da minha vida, outras chegaram para ficar &#8211; e tem o grupo que ainda n\u00e3o sei. Mas todas elas serviram como motiva\u00e7\u00e3o para um amadurecimento meu, experi\u00eancias de amadurecimento.\u00a0<\/div>\n<div><\/div>\n<div>Como aquela pessoa especial que passei o ano inteiro entre idas e vindas, melhoras e pioras, aproxima\u00e7\u00f5es e afastamentos, amor e m\u00e1goas, despedidas e poesias. Cada vez que a sentia perto de mim me inspirava, que se afastava tamb\u00e9m. Sorrisos e l\u00e1grimas se transformavam em letras e palavras.\u00a0<\/div>\n<div><\/div>\n<div>E assim fui construindo um ano em versos.\u00a0<\/div>\n<div><\/div>\n<div>Minha vida foi constru\u00edda e moldada por mulheres e 2011 n\u00e3o foi diferente.\u00a0<\/div>\n<div><\/div>\n<div>A maioria das minhas amizades s\u00e3o femininas, da minha fam\u00edlia s\u00e3o mulheres, ficantes e namoradas passam pela minha vida e permanecem pra puxar minhas orelhas, dar conselhos e tamb\u00e9m receber.\u00a0<\/div>\n<div><\/div>\n<div>Fui criado por mulheres (m\u00e3e e av\u00f3) e hoje crio uma. Bia cresceu muito em 2011. Falante, com sorriso que mostra que seus dentes de leite j\u00e1 est\u00e3o todos l\u00e1, bem humorada, dan\u00e7arina, comunicativa, carism\u00e1tica e j\u00e1 criou em Patati, Patat\u00e1 e Dora aventureira seus primeiros \u00eddolos.\u00a0<\/div>\n<div><\/div>\n<div>De todas as boas rela\u00e7\u00f5es que tenho com as mulheres posso dizer com orgulho que a mulher que me dou melhor hoje \u00e9 minha filha. \u00c9 n\u00edtido o quanto ela me ama e a cada dia amo mais tamb\u00e9m.\u00a0<\/div>\n<div><\/div>\n<div>Reforcei boas amizades fora do samba e sementes profissionais foram plantadas para belos frutos serem colhidos em 2012. Vejo esse bom ano de 2011 como um ano preparat\u00f3rio para um grande 2012.\u00a0<\/div>\n<div><\/div>\n<div>Mas principalmente minha maior vit\u00f3ria em 2011 foi virar um homem de verdade.\u00a0<\/div>\n<div><\/div>\n<div>Ano que reconheci erros e me expus na frente de pessoas com as quais errei, ano que reatei amizades, que procurei pessoas importantes pra mim e que estavam afastadas. Ano que mostrei pra algumas pessoas que amava e amo que n\u00e3o sou infal\u00edvel, tenho defeitos e erro muito.\u00a0<\/div>\n<div><\/div>\n<div>Mas em 2011 aprendi que reconhecer falhas, erros e pedir desculpas n\u00e3o s\u00e3o sinais de fraqueza ou vergonha e me senti feliz e orgulhoso com essa descoberta.\u00a0<\/div>\n<div><\/div>\n<div>O fim do ano se aproxima e nele vem nostalgia de outras viradas de ano, retrospectiva de outras retrospectivas. Tive viradas de anos importantes como a de 2005, quando estava brigado com a minha m\u00e3e e me &#8216;deu uma louca&#8217; indo a seu quarto antes de meia noite lhe dar um abra\u00e7o. Quando entrei no quarto faltando um minuto ela come\u00e7ou a chorar e me abra\u00e7ou forte.\u00a0<\/div>\n<div><\/div>\n<div>Foi seu \u00faltimo reveillon. Ela faleceu quatro meses depois e se eu n\u00e3o tivesse ido at\u00e9 ela guardaria pra sempre esse remorso.\u00a0<\/div>\n<div><\/div>\n<div>N\u00e3o sei o que me reserva o pr\u00f3ximo reveillon. Se ter\u00e1 algo marcante como esse ou outros que tive, nem sei como ser\u00e1 o pr\u00f3ximo ano, o meu destino ser\u00e1 como Deus quiser.\u00a0<\/div>\n<div><\/div>\n<div>E espero que seja bom, n\u00e3o s\u00f3 o reveillon como o ano de 2012. N\u00e3o vou deixar que a data aja por mim pra depois culp\u00e1-la se n\u00e3o der certo. Vou fazer meu 2012 acontecer como fiz em 2011. Um ano quase perfeito, o \u201cquase\u201d tem um peso muito grande pra atrapalhar, mas n\u00e3o posso e nem tenho o direito de me lamentar.\u00a0<\/div>\n<div><\/div>\n<div>At\u00e9 porque 2012 ta\u00ed pra consertar nossos erros de 2011 e confirmar os acertos.\u00a0<\/div>\n<div><\/div>\n<div>Vamos usar o ano de 2012 pra amar, viver, realizar, at\u00e9 porque se os Maias acertarem e o mundo acabar pelo menos tudo ter\u00e1 valido a pena.\u00a0<\/div>\n<div><\/div>\n<div>E que as retrospectivas sejam sempre hist\u00f3rias com final feliz.\u00a0<\/div>\n<div><\/div>\n<div>Porque a hist\u00f3ria de nossas vidas somos n\u00f3s que escrevemos, n\u00e3o mudan\u00e7as de anos.\u00a0<\/div>\n<div><\/div>\n<div>Feliz 2012 !! Orun Ay\u00e9!<\/div>\n","protected":false},"excerpt":{"rendered":"<p>Excepcionalmente nesta sexta feira, \u00faltimo dia \u00fatil do ano, mais uma edi\u00e7\u00e3o da coluna &#8220;Orun Ay\u00e9&#8221;, do compositor Aloisio Villar. Tenho a dizer que euTour Details<\/p>\n","protected":false},"author":2,"featured_media":0,"comment_status":"open","ping_status":"open","sticky":false,"template":"","format":"standard","meta":{"footnotes":""},"categories":[8],"tags":[7,6],"class_list":["post-11200","post","type-post","status-publish","format-standard","hentry","category-orun-aye","tag-reflexoes","tag-vida-cotidiana"],"_links":{"self":[{"href":"https:\/\/www.pedromigao.com.br\/ourodetolo\/wp-json\/wp\/v2\/posts\/11200","targetHints":{"allow":["GET"]}}],"collection":[{"href":"https:\/\/www.pedromigao.com.br\/ourodetolo\/wp-json\/wp\/v2\/posts"}],"about":[{"href":"https:\/\/www.pedromigao.com.br\/ourodetolo\/wp-json\/wp\/v2\/types\/post"}],"author":[{"embeddable":true,"href":"https:\/\/www.pedromigao.com.br\/ourodetolo\/wp-json\/wp\/v2\/users\/2"}],"replies":[{"embeddable":true,"href":"https:\/\/www.pedromigao.com.br\/ourodetolo\/wp-json\/wp\/v2\/comments?post=11200"}],"version-history":[{"count":0,"href":"https:\/\/www.pedromigao.com.br\/ourodetolo\/wp-json\/wp\/v2\/posts\/11200\/revisions"}],"wp:attachment":[{"href":"https:\/\/www.pedromigao.com.br\/ourodetolo\/wp-json\/wp\/v2\/media?parent=11200"}],"wp:term":[{"taxonomy":"category","embeddable":true,"href":"https:\/\/www.pedromigao.com.br\/ourodetolo\/wp-json\/wp\/v2\/categories?post=11200"},{"taxonomy":"post_tag","embeddable":true,"href":"https:\/\/www.pedromigao.com.br\/ourodetolo\/wp-json\/wp\/v2\/tags?post=11200"}],"curies":[{"name":"wp","href":"https:\/\/api.w.org\/{rel}","templated":true}]}}