{"id":10971,"date":"2012-07-22T09:36:00","date_gmt":"2012-07-22T11:36:00","guid":{"rendered":"http:\/\/www.pedromigao.com.br\/ourodetolo\/2012\/07\/orun-aye-quinze-anos\/"},"modified":"2012-07-22T09:36:00","modified_gmt":"2012-07-22T11:36:00","slug":"orun-aye-quinze-anos","status":"publish","type":"post","link":"https:\/\/www.pedromigao.com.br\/ourodetolo\/2012\/07\/orun-aye-quinze-anos\/","title":{"rendered":"Orun Ay\u00e9 &#8211; &quot;Quinze Anos&quot;"},"content":{"rendered":"<div><a href=\"http:\/\/4.bp.blogspot.com\/-ypZ3Crkkdzo\/UAmskcW7P0I\/AAAAAAAAFco\/ykTn6-Jg0q8\/s1600\/Acesso+B+2011+122.JPG\" imageanchor=\"1\"><img loading=\"lazy\" decoding=\"async\" border=\"0\" hda=\"true\" height=\"480\" src=\"http:\/\/www.pedromigao.com.br\/ourodetolo\/wp-content\/uploads\/2012\/07\/Acesso+B+2011+1221.jpg\" width=\"640\"><\/a><\/div>\n<div><\/div>\n<div><strong>Na coluna Orun Ay\u00e9 de hoje o compositor Alo\u00edsio Villar<\/strong> faz um balan\u00e7o de seus quinze anos como compositor de samba de enredo, do qual sou personagem perif\u00e9rico. Ali\u00e1s, \u00e9 um orgulho poder dizer que fui um dos parceiros de Villar nesta trajet\u00f3ria.<\/div>\n<div><\/div>\n<div>Aproveito para fazer um desafio ao colunista: enfrentar novamente a Portela e disputar samba no Imp\u00e9rio Serrano. Est\u00e1 na hora do doutorado.<\/div>\n<div><\/div>\n<div>Vamos ao post.<\/div>\n<div><\/div>\n<div><strong><em>Quinze Anos<\/em><\/strong><\/div>\n<div><\/div>\n<div>Quinze anos.<\/div>\n<div><\/div>\n<div>Quando uma menina chega a essa idade \u00e9 um momento especial. Ainda acontece hoje em dia, mas antigamente era forte o h\u00e1bito de quando a mo\u00e7a chegava aos quinze anos ganhava de presente uma festa de debutantes &#8211; com direito a um grande evento e dan\u00e7ar valsa.<\/div>\n<div><\/div>\n<div>E quando uma carreira? Um sonho chega aos quinze anos?<\/div>\n<div><\/div>\n<div>As pessoas sempre estranham porque sou um aficionado por datas. Lembro-me de v\u00e1rias datas importantes para mim, guardo estat\u00edsticas importantes para minha vida e por causa disso devo ser um dos raros compositores de samba-enredo que ainda lembra exatamente quando come\u00e7ou, quantos sambas fez, quantas finais e quantidade de vit\u00f3rias.<\/div>\n<div><\/div>\n<div><em>[N.do.E.: tamb\u00e9m me lembro. Nove sambas, oito assinados, sete finais, quatro vit\u00f3rias, isso at\u00e9 o carnaval 2012. Nada mal (risos)]<\/em><\/div>\n<div><\/div>\n<div>E essa boa mem\u00f3ria, que espero carregar ainda por muito tempo, me faz comemorar uma data especial essa semana. Anivers\u00e1rio do, at\u00e9 hoje, projeto mais bem sucedido da minha vida.<\/div>\n<div><\/div>\n<div>Algumas coisas que contarei hoje j\u00e1 foram contadas em outras colunas, mas quero revisit\u00e1-las. At\u00e9 porque novos amigos devem ter chegado nesse per\u00edodo e n\u00e3o conhecem. <\/div>\n<div><\/div>\n<div>Eu, como a maioria das pessoas, sou um que coleciona fracassos, apesar de todos gostarem de passar a imagem de vencedores. Quis ter um clubinho na minha casa e deu errado, destru\u00edmos tudo numa guerra de mamonas, time de futebol e de taco com os meninos da rua tamb\u00e9m n\u00e3o deu certo. Adolescente quis ter uma banda de rock, nunca tive, fiz teatro amador e desisti, entrei em partido pol\u00edtico e tamb\u00e9m n\u00e3o deu certo.<\/div>\n<div><\/div>\n<div>E tentei ser compositor de samba-enredo. A coisa mais inusitada entre todas as citadas acima. Nunca ningu\u00e9m imaginou que um cara sossegado, branquelo, caseiro e t\u00edmido como eu era pudesse ser compositor de escola de samba, um meio de malandros, mulatas e samba no p\u00e9.<\/div>\n<div><\/div>\n<div>Mas eu sempre gostei de carnaval mesmo ficando na minha, s\u00f3 vendo pela tv. Estava no sangue porque meu pai era passista do Boi da Ilha. Com oito anos via desfile sozinho enquanto todos em casa dormiam. Fui me apaixonando pela Uni\u00e3o da Ilha e em 1994, aos dezessete anos, pela primeira vez cogitei com meu pai virar compositor de samba &#8211; mas deixei pra l\u00e1.<\/div>\n<div><\/div>\n<div>S\u00f3 comecei a levar a s\u00e9rio em 1997, quando vi em um jornal uma coluna de carnaval dizendo que a Uni\u00e3o da Ilha entregaria para os compositores a sinopse do enredo \u201cFatumbi, a Ilha de Todos os Santos\u201d.<\/div>\n<div><\/div>\n<div>N\u00e3o sei o que deu <personname productid=\"em mim. Sempre\" w:st=\"on\">em mim. Sempre<\/personname> fui um cara t\u00edmido, com vergonha de \u201cbotar a cara\u201d em algumas situa\u00e7\u00f5es. Olhando hoje retrospectivamente n\u00e3o sei como eu fui \u00e0 Uni\u00e3o da Ilha, pela primeira vez entrando em uma quadra de escola de samba na vida, sem conhecer ningu\u00e9m para pegar uma sinopse. Detalhe: nunca tinha escrito samba, nem sabia como escrevia um samba-enredo e como era uma disputa. <\/div>\n<div><\/div>\n<div>Cavaco? Torcida? Pagar cantor? N\u00e3o tinha a m\u00ednima ideia dessas coisas.<\/div>\n<div><\/div>\n<div>Entretanto pela primeira e \u00faltima vez na minha vida tive apoio do meu pai para algo. Fiz o samba em um dia e ele me levou at\u00e9 o Quinho, cantor do Salgueiro, para que eu mostrasse meu samba e tentasse que ele cantasse o mesmo na quadra. <\/div>\n<div><\/div>\n<div>Quinho me ouviu cantando. O samba era horr\u00edvel, mas na \u00e9poca eu achava \u00f3timo e educadamente ele me disse que n\u00e3o dava porque j\u00e1 tinha fechado com uma parceria, mas eu chegaria \u00e0 final.<\/div>\n<div><\/div>\n<div>Claro que eu n\u00e3o chegaria. Cheguei quatorze anos depois &#8211; e com ele cantando.<\/div>\n<div><\/div>\n<div>Meu pai me levou at\u00e9 um cara chamado D\u00e3ozinho. Mostrei o samba e ele topou cantar. Fomos at\u00e9 um chamado Cadinho que j\u00e1 estava fechado com um samba, ent\u00e3o D\u00e3ozinho convidou seu irm\u00e3o Ricardo para cantar com ele.<\/div>\n<div><\/div>\n<div>Nesse per\u00edodo um amigo que fiz no PDT, Paulo Travassos, soube que eu faria samba e quis fazer um tamb\u00e9m. Fez com outros dois amigos &#8211; e conseguiu fazer um samba pior que o meu.<\/div>\n<div><\/div>\n<div>Assinei sozinho meu samba tendo D\u00e3ozinho e Ricardo defendendo. Tivemos uma audi\u00e7\u00e3o na quadra no dia da entrega e nesse dia os 53 sambas foram divididos em chaves para se apresentar sexta e s\u00e1bado. Meu samba ganhou o n\u00famero 48, designado pra se apresentar no s\u00e1bado.<\/div>\n<div><\/div>\n<div>E assim fui com minha m\u00e3e e minha av\u00f3 como torcedoras at\u00e9 a quadra da Uni\u00e3o da Ilha no dia 20 de julho de 1997 apresentar meu primeiro samba-enredo. Naquela noite eu come\u00e7ava meu primeiro concurso.<\/div>\n<div><\/div>\n<div>20 de julho de 1997. Anteontem essa data completou quinze anos.<\/div>\n<div><\/div>\n<div>Aquele samba s\u00f3 teve uma semana de vida: caiu na semana seguinte. Naquele mesmo ano com Paulo Travassos, D\u00e3ozinho e Cadinho fiz minha primeira final, no Boi da Ilha. <\/div>\n<div><\/div>\n<div>20 de julho de 1997, 22 de julho de 2012.<\/div>\n<div><\/div>\n<div>Daquela data em que eu nervoso sentado em uma mesa pr\u00f3xima ao palco com as mulheres da minha vida (Bia ainda n\u00e3o nascera) e meus cantores esperava a chamada do samba 48, muita coisa aconteceu.<\/div>\n<div><\/div>\n<div>Fiz 86 sambas de enredo para escolas de samba, cheguei a 54 finais e ganhei 27. Fiz 18 sambas para blocos, 15 finais e sete vit\u00f3rias, oito sambas de terreiro, oito finais e tr\u00eas vit\u00f3rias. Ganhei Estandarte de Ouro, S@mba-Net e trof\u00e9u Jorge Lafond no Rio de Janeiro e dois Tamborins de Ouro <personname productid=\"em Cabo Frio.\" w:st=\"on\">em Cabo Frio.<\/personname><\/div>\n<div><\/div>\n<div>Aprendi a vencer e a perder.<\/div>\n<div><\/div>\n<div>Obtive vit\u00f3rias consagradoras como no Boi da Ilha em 2001, minha primeira vit\u00f3ria, samba vencedor de Estandarte de Ouro e at\u00e9 hoje considerado um dos melhores do s\u00e9culo <em>[N.do.E.: como j\u00e1 escrevi aqui, ao lado de Uni\u00e3o de Jacarepagu\u00e1 2004 e Portela 2012 \u00e9 um dos tr\u00eas melhores sambas deste s\u00e9culo]<\/em>. Ou Uni\u00e3o da Ilha 2012, quando finalmente realizei o sonho de vencer no grupo especial e na minha escola do cora\u00e7\u00e3o, onde tudo come\u00e7ou.<\/div>\n<div><\/div>\n<div>Tive derrotas muito do\u00eddas como no Boi da Ilha em 2008 quando n\u00e3o consegui dormir na noite seguinte e Boi da Ilha 2011, quando tive que sair da quadra com medo de pela primeira vez chorar por causa de uma derrota.<\/div>\n<div><\/div>\n<div>As melhores letras que fiz na minha vida, com melodias fant\u00e1sticas feitas por grandes parceiros, mas que nunca ir\u00e3o conhecer porque esses sambas hoje moram no limbo dos derrotados. <\/div>\n<div><\/div>\n<div>E anos especiais como carnaval 2003 quando ganhei dois sambas na mesma noite (Acad\u00eamicos do Dend\u00ea e Imp\u00e9rio da Tijuca) e carnaval 2007 quando ganhamos quatro sambas. Ao ganhar o \u00faltimo deles (Unidos da Ponte) me isolei no banheiro enquanto todos comemoravam na quadra e rezei \u00e0 minha m\u00e3e dedicando a ela, rec\u00e9m falecida, aquele ano especial.<\/div>\n<div><\/div>\n<div>Vit\u00f3rias incontest\u00e1veis como no Boi da Ilha em 2007 em que at\u00e9 os advers\u00e1rios pareciam torcer pela gente e Acad\u00eamicos do Dend\u00ea 2008 ganhando sem som. <\/div>\n<div><\/div>\n<div>Conturbadas, como no Acad\u00eamicos do Sossego em 2005 quando achamos melhor comemorar vindo para a Ilha devido a animosidade na quadra. Vit\u00f3rias que talvez n\u00e3o merec\u00eassemos como Dend\u00ea 2003, jun\u00e7\u00f5es pol\u00eamicas que n\u00e3o deram certo e prejudicaram a escola como Boi da Ilha 2003 e outra que deu certo demais &#8211; Boi da Ilha 2009.<\/div>\n<div><\/div>\n<div>Alguns momentos de deslumbramento me achando \u201cpica das gal\u00e1xias\u201d, outras sendo obrigado a ser humilde e reconhecer que existem grandes talentos que podem te derrotar de forma impiedosa. Aprendizado com enredos culturais e aprendendo a superar limites com enredos bisonhos e principalmente, o aprendizado que somos nada sozinhos.<\/div>\n<div><\/div>\n<div>No samba fiz grandes parceiros, para vida inteira. Seja gente que fazia letra, melodia, gente que n\u00e3o fazia uma coisa nem outra &#8211; mas que bancava o samba financeiramente. Sem essas pessoas nada ocorreria, amigos que cantaram meus sambas, algumas vezes recebendo pouco e nem recebendo, amigos que fiz torcendo pelos nossos sambas ou mesmo competindo contra&#8230; <\/div>\n<div><\/div>\n<div>Amigos&#8230;<\/div>\n<div><\/div>\n<div>Obrigado a todos os amigos que fiz no samba nesses quinze anos, a maior vit\u00f3ria que poderia ter. Amigos como Paulo Travassos, que participou de todo o in\u00edcio, sofrendo, suando comigo, catando moedinhas pra pagar cavaquinhista. Roger Linhares que me fez mudar de patamar no samba com seu canto maravilhoso e dom pra melodia. Bruno Revela\u00e7\u00e3o, que entrou em grandes roubadas comigo, mas sempre foi amigo, disposto a ajudar, guerreiro&#8230; <\/div>\n<div><\/div>\n<div>&#8230; E um agradecimento especial a Ricardo Carvalho da Silva, o Cadinho da Ilha, meu parceiro de forma ininterrupta desde o carnaval de 2002. O cara com quem mais brigo, mais xingo, mas mais amo nesse meio e mais me entende. Literalmente hoje trabalhamos por m\u00fasica, quando criamos j\u00e1 sabemos um o que o outro vai fazer.<\/div>\n<div><\/div>\n<div>Eu s\u00f3 sei fazer letra. N\u00e3o sei fazer melodia, n\u00e3o sei cantar nem banco sambas ent\u00e3o sem meus parceiros, sem as pessoas que passaram e est\u00e3o comigo hoje sou nada e n\u00e3o teria conseguido ganhar nem samba em escola virtual. Samba \u00e9 trabalho em grupo, inspira\u00e7\u00e3o e transpira\u00e7\u00e3o de forma conjunta.<\/div>\n<div><\/div>\n<div>Nesses quinze anos enumerei quinze sambas que mais me marcaram, os que ao mesmo tempo mais gosto e mais me orgulho.<\/div>\n<div><\/div>\n<div><em>Acad\u00eamicos do Dend\u00ea 2012<\/em><\/div>\n<div><\/div>\n<div>Com meu querido amigo Bruno Revela\u00e7\u00e3o, com o dono dessa baga\u00e7a Pedro Mig\u00e3o e a for\u00e7a da juventude de Lobo Jr fizemos um duelo de tit\u00e3s com outra parceria e na garra conseguimos a jun\u00e7\u00e3o e as quatro notas dez na avenida.<\/div>\n<div><\/div>\n<div><em>[N.do.E.: aproveito para fazer um protesto. At\u00e9 hoje n\u00e3o recebemos do Ecad os direitos referentes a este samba. E olha que \u00e9 uma merreca&#8230;]<\/em><\/div>\n<div><\/div>\n<div><em>Uni\u00e3o da Ilha 2011<\/em><\/div>\n<div><\/div>\n<div>Ano que voltei \u00e0 escola com Cadinho, Roger, o campeon\u00edssimo e amigo Carlinhos Fuzil, Fabiano Fernandes e Jair Turra. Cheguei \u00e0 minha primeira final no grupo especial e tive a honra de ter Wander Pires cantando um samba meu. <\/div>\n<div><\/div>\n<div><em>Mangueira 2010<\/em><\/div>\n<div><\/div>\n<div>Com as feras Diego Nicolau, Diego Tavares, Thiago Daniel, Marcelo Motta o projeto de fazer um samba na escola que saiu uma obra muito bacana. Nos mais de 100 sambas da disputa, sem dinheiro, sem torcida chegamos entre os 10.<\/div>\n<div><\/div>\n<div><em>Boi da Ilha 2009<\/em><\/div>\n<div><\/div>\n<div>Uma disputa em que come\u00e7amos muito fortes, atropelando e fomos surpreendidos no fim pela for\u00e7a de outra parceria. Resultou numa acertada jun\u00e7\u00e3o em que todos sa\u00edram ganhando. Samba venceu os pr\u00eamios S@mba-Net e Jorge Lafond como melhor samba do Grupo B.<\/div>\n<div><\/div>\n<div><em>S\u00e3o Clemente 2008 <\/em><\/div>\n<div><\/div>\n<div>Junto a amigos como Armando Daltro, Alexandre Ara\u00fajo e Rodrigo Telles, o palco mais forte que tive at\u00e9 hoje: Roger Linhares, Ito Melodia, Igor Vianna, Junior Duarte, Cadinho da Ilha e Marquinhus do Banjo. Samba bem animado e gostoso.<\/div>\n<div><\/div>\n<div><em>Acad\u00eamicos do Dend\u00ea 2008<\/em><\/div>\n<div><\/div>\n<div>Parceria forte com Walkir, Barbieri, Pedro Mig\u00e3o, Ito Melodia, Bruno, Cadinho entre outros, que ganhou o concurso sem som na final. A quadra toda cantou quando o som pifou, consagrando o samba.<\/div>\n<div><\/div>\n<div><em>Beija-Flor 2007<\/em><\/div>\n<div><\/div>\n<div>Com Diego Nicolau, Diego Mendes, Cadinho, Ciganerey o \u00faltimo samba que fiz para a Beija-Flor. Samba afro e forte.<\/div>\n<div><\/div>\n<div><em>Mocidade Alegre 2005 <\/em><\/div>\n<div><\/div>\n<div>Minha estreia no carnaval de S\u00e3o Paulo com Cadu, Almyr e Gabriel, campe\u00f5es de samba na Mangueira, Acho esse samba em homenagem a Clara Nunes emocionante. Infelizmente n\u00e3o consegui ver na quadra.<\/div>\n<div><\/div>\n<div><em>Imperatriz Leopoldinense 2005<\/em><\/div>\n<div><\/div>\n<div>Estreia na Imperatriz com Handerson Big, Armando Daltro, Paulo Travassos, Cadinho, Diego Mendes e Junior Duarte. Surpreendemos com um samba leve e brincalh\u00e3o chegando pr\u00f3ximos \u00e0 final.<\/div>\n<div><\/div>\n<div><em>Boi da Ilha 2002<\/em><\/div>\n<div><\/div>\n<div>Samba sobre a cidade de Holambra feito de forma r\u00e1pida aqui <personname productid=\"em casa. Primeiro\" w:st=\"on\">em casa. Primeiro<\/personname> samba do trio Aloisio Villar\/Cadinho da Ilha\/Roger Linhares. O bicampeonato no Boi, balan\u00e7ando a roseira.<\/div>\n<div><\/div>\n<div><em>Beija-Flor 2004<\/em><\/div>\n<div><\/div>\n<div>Estreia na escola. 107 sambas escritos e ficamos entre os oito \u2013 e nossa vit\u00f3ria chegou a ser cogitada. \u00daltimo samba defendido por Jackson Martins na escola em que iniciou sua carreira e o mais bonito &#8211; dito pelo pr\u00f3prio.<\/div>\n<div><\/div>\n<div><em>Boi da Ilha 2011<\/em><\/div>\n<div><\/div>\n<div>Amor de m\u00e3e gera frutos no pomar, amor de m\u00e3e doce como guaran\u00e1&#8230; Samba sobre a lenda do guaran\u00e1 que perdemos no desempate. Doeu&#8230;<\/div>\n<div><\/div>\n<div><em>Boi da Ilha 2008 <\/em><\/div>\n<div><\/div>\n<div>A letra da minha vida. Samba feito com Barbieri e Cadinho onde quarta-feira tivemos a informa\u00e7\u00e3o que vencer\u00edamos &#8211; e perdemos no domingo.<\/div>\n<div><\/div>\n<div><em>Uni\u00e3o da Ilha 2012 <\/em><\/div>\n<div><\/div>\n<div>Botando molho ingl\u00eas na feijoada, a realiza\u00e7\u00e3o de um sonho.<\/div>\n<div><\/div>\n<div><em>Boi da Ilha 2001<\/em><\/div>\n<div><\/div>\n<div>O samba da minha vida, n\u00e3o h\u00e1 outra defini\u00e7\u00e3o. Ali\u00e1s, \u00e9 o nome desta minha coluna no Ouro de Tolo.<\/div>\n<div><\/div>\n<div>S\u00f3 posso agradecer ao samba tudo que me proporcionou, de bom e ruim porque \u00e9 na dificuldade onde aprendemos. O samba acabou sendo uma esp\u00e9cie de \u201cpai\u201d para mim porque ajudou a me criar e formar meu jeito de ser. Amadureci dentro de quadra de escola de samba.<\/div>\n<div><\/div>\n<div><\/div>\n<div>Entrei no samba rec\u00e9m-sa\u00eddo de adolesc\u00eancia, tendo tudo na m\u00e3o de m\u00e3e e av\u00f3, cabelo grande parecido com rockeiro e hoje sou um pai que tem suas responsabilidades e sabe que a vida \u00e9 como uma disputa de samba-enredo. A vit\u00f3ria e a derrota nunca s\u00e3o definitivas.<\/div>\n<div><\/div>\n<div>Sempre existe a disputa seguinte.<\/div>\n<div><\/div>\n<div>E debutando, dan\u00e7ando a valsa ao ritmo da bateria, agradecer pelo meu projeto mais bem sucedido na vida. Aos quinze anos que me transformaram e fizeram o garoto de vinte anos que entrou na Uni\u00e3o da Ilha para pegar a sinopse sem ao menos levar uma caneta falar&#8230;<\/div>\n<div><\/div>\n<div>\u201cN\u00e3o \u00e9 que voc\u00ea conseguiu filho da &#8230;.\u201d<\/div>\n<div><\/div>\n<div>Calma menino, sem palavr\u00e3o, olhe o a\u00e7odamento.. <\/div>\n<div><\/div>\n<div>&#8230;n\u00e3o se esque\u00e7a que a nossa for\u00e7a vem da humildade. Orun Ay\u00e9!<\/div>\n<div><\/div>\n<div><em>*Essa coluna \u00e9 dedicada a D\u00e3ozinho, a primeira pessoa que acreditou em mim e que faleceu h\u00e1 algumas semanas. Obrigado D\u00e3o por sua confian\u00e7a e por ter cantado meu primeiro samba. Sempre vou lhe dever isso e saiba que todo samba que fa\u00e7o com meus parceiros tem um pouco de voc\u00ea. Voc\u00ea est\u00e1 no meu cora\u00e7\u00e3o e nos meus versos.<\/em><\/div>\n<div><\/div>\n<div><em>*Tamb\u00e9m dedicado a minha m\u00e3e Regina Villar. M\u00e3e, obrigado por ter se dedicado tanto na disputa do Boi de 1998 e guardado sozinha depois as bandeiras, chorando em casa porque eu perdi aquela final. Acho que valeu a pena porque eu perdi aquela final, mas ali n\u00e3o era o final. Ao final eu venci.<\/em><\/div>\n","protected":false},"excerpt":{"rendered":"<p>Na coluna Orun Ay\u00e9 de hoje o compositor Alo\u00edsio Villar faz um balan\u00e7o de seus quinze anos como compositor de samba de enredo, do qualTour Details<\/p>\n","protected":false},"author":2,"featured_media":0,"comment_status":"open","ping_status":"open","sticky":false,"template":"","format":"standard","meta":{"footnotes":""},"categories":[8],"tags":[18,19,85],"class_list":["post-10971","post","type-post","status-publish","format-standard","hentry","category-orun-aye","tag-carnaval","tag-escolas-de-samba","tag-samba"],"_links":{"self":[{"href":"https:\/\/www.pedromigao.com.br\/ourodetolo\/wp-json\/wp\/v2\/posts\/10971","targetHints":{"allow":["GET"]}}],"collection":[{"href":"https:\/\/www.pedromigao.com.br\/ourodetolo\/wp-json\/wp\/v2\/posts"}],"about":[{"href":"https:\/\/www.pedromigao.com.br\/ourodetolo\/wp-json\/wp\/v2\/types\/post"}],"author":[{"embeddable":true,"href":"https:\/\/www.pedromigao.com.br\/ourodetolo\/wp-json\/wp\/v2\/users\/2"}],"replies":[{"embeddable":true,"href":"https:\/\/www.pedromigao.com.br\/ourodetolo\/wp-json\/wp\/v2\/comments?post=10971"}],"version-history":[{"count":0,"href":"https:\/\/www.pedromigao.com.br\/ourodetolo\/wp-json\/wp\/v2\/posts\/10971\/revisions"}],"wp:attachment":[{"href":"https:\/\/www.pedromigao.com.br\/ourodetolo\/wp-json\/wp\/v2\/media?parent=10971"}],"wp:term":[{"taxonomy":"category","embeddable":true,"href":"https:\/\/www.pedromigao.com.br\/ourodetolo\/wp-json\/wp\/v2\/categories?post=10971"},{"taxonomy":"post_tag","embeddable":true,"href":"https:\/\/www.pedromigao.com.br\/ourodetolo\/wp-json\/wp\/v2\/tags?post=10971"}],"curies":[{"name":"wp","href":"https:\/\/api.w.org\/{rel}","templated":true}]}}