{"id":10923,"date":"2012-09-05T08:18:00","date_gmt":"2012-09-05T10:18:00","guid":{"rendered":"http:\/\/www.pedromigao.com.br\/ourodetolo\/2012\/09\/alguns-pitacos-sobre-o-quadro-eleitoral\/"},"modified":"2012-09-05T08:18:00","modified_gmt":"2012-09-05T10:18:00","slug":"alguns-pitacos-sobre-o-quadro-eleitoral","status":"publish","type":"post","link":"https:\/\/www.pedromigao.com.br\/ourodetolo\/2012\/09\/alguns-pitacos-sobre-o-quadro-eleitoral\/","title":{"rendered":"Alguns pitacos sobre o quadro eleitoral"},"content":{"rendered":"<div><a href=\"http:\/\/2.bp.blogspot.com\/-QsvVRZeAxAM\/UEY3zDxIwNI\/AAAAAAAAF-s\/OycWo8ca3AY\/s1600\/inc%C3%AAndio+paulista.jpg\" imageanchor=\"1\"><img loading=\"lazy\" decoding=\"async\" border=\"0\" hea=\"true\" height=\"412\" src=\"http:\/\/www.pedromigao.com.br\/ourodetolo\/wp-content\/uploads\/2012\/09\/inc%C3%AAndio+paulista.jpg\" width=\"640\"><\/a><\/div>\n<p><\/p>\n<div>Leitores, n\u00e3o esperem um post encadeado, bonitinho, hoje. A id\u00e9ia \u00e9 dar alguns pitacos a praticamente um m\u00eas das elei\u00e7\u00f5es.<\/div>\n<div><\/div>\n<div>Come\u00e7o por S\u00e3o Paulo. <a href=\"http:\/\/pedromigao.blogspot.com.br\/2012\/02\/o-arriscado-calculo-de-jose-serra.html\" target=\"_blank\">Em fevereiro escrevi aqui post<\/a> dizendo que achava muito arriscada a aposta de Jos\u00e9 Serra de se candidatar \u00e0 Prefeitura, tamanhos eram os problemas. \u00c0 \u00e9poca fui chamado de louco, mas o que o desenrolar do quadro est\u00e1 mostrando \u00e9 que a chance de um segundo turno sem o eterno candidato \u00e9 bastante plaus\u00edvel, diria at\u00e9 bastante prov\u00e1vel.<\/div>\n<div><\/div>\n<div>Al\u00e9m dos pr\u00f3prios problemas o candidato tucano enfrenta a rejei\u00e7\u00e3o da popula\u00e7\u00e3o paulistana \u00e0 administra\u00e7\u00e3o de Gilberto Kassab, por quest\u00f5es que j\u00e1 elenquei aqui em outras oportunidades. Acredito que a intensifica\u00e7\u00e3o dos suspeit\u00edssimos inc\u00eandios (foto)\u00a0em favelas paulistanas \u2013 tema que abordei em janeiro de 2010 \u2013 junto com interven\u00e7\u00f5es como a da Cracol\u00e2ndia tenham contribu\u00eddo para aumentar ainda mais a impopularidade do prefeito.<\/div>\n<div><\/div>\n<div>Tamb\u00e9m deve se considerar que a ala do PSDB paulistano ligada ao governador Geraldo Alckmin n\u00e3o parece muito entusiasmada com a candidatura serrista. Uma derrota deste permitiria ao governador assumir definitivamente o comando do partido no estado, ainda mais se levando em conta que Kassab parece querer al\u00e7ar v\u00f4o pr\u00f3prio no rec\u00e9m fundado PSD.<\/div>\n<div><\/div>\n<div>Sobram Russomano e Haddad. O primeiro parece capitalizar sua postura de defensor dos direitos do consumidor em seus programas televisivos, assumindo uma postura basicamente personalista: \u201csua vontade\u201d ir\u00e1 resolver os problemas dos paulistanos. Pesa contra si o apoio da Igreja Universal, que certamente ser\u00e1 explorada pela m\u00eddia.<\/div>\n<div><\/div>\n<div>Por outro lado Haddad tem a favor a promessa de um bom relacionamento com o Governo Federal e o carisma do ex-presidente Lula, al\u00e9m de explorar os problemas da prefeitura atual. Seu ponto fraco \u00e9 o hist\u00f3rico conservadorismo da sociedade paulistana, que vem elegendo e reelegendo pol\u00edticos conservadores h\u00e1 bastante tempo.<\/div>\n<div><\/div>\n<div>Certo \u00e9 que Haddad tem um eleitorado cativo de cerca de 30% da popula\u00e7\u00e3o, o que deve ser suficiente para lev\u00e1-lo ao segundo turno. Pessoalmente n\u00e3o descartaria o candidato do PMDB Gabriel Chalita, que conta com apoio discreto de pol\u00edticos do PSDB ligados ao governador Geraldo Alckmin.<\/div>\n<div><\/div>\n<div>Curiosa ser\u00e1 ver a postura da Rede Globo da televis\u00e3o em um eventual segundo turno entre Russomano e Haddad: afinal de contas, ser\u00e1 o candidato da Rede Record contra o PT.<\/div>\n<div><\/div>\n<div>No Rio de Janeiro ao que parece o atual prefeito Eduardo Paes dever\u00e1 liquidar a fatura em primeiro turno, apesar do crescimento do candidato do PSOL Marcelo Freixo.<\/div>\n<div><\/div>\n<div>Este vem crescendo em cima do eleitorado tipicamente elitista e reacion\u00e1rio de classe m\u00e9dia e alta \u2013 Zona Sul, Tijuca, Barra da Tijuca e \u00e1reas da Ilha do Governador \u2013 preenchendo o espa\u00e7o deixado pelo ex-candidato Fernando Gabeira e que n\u00e3o \u00e9 ocupado pela candidatura de Rodrigo Maia.<\/div>\n<div><\/div>\n<div>Para isso o PSOL vem adotando um discurso crescentemente reacion\u00e1rio e bastante pr\u00f3ximo de teses defendidas por partidos como o PSDB e o DEM, em especial a respeito de um suposto \u201cpuritanismo\u201d na pr\u00e1tica pol\u00edtica. Isso deve significar uma vota\u00e7\u00e3o acima da obtida nas \u00faltimas elei\u00e7\u00f5es para o partido, mas \u00e0 custa do afastamento de uma base de eleitores ideol\u00f3gicos que acompanhavam o PSOL desde o in\u00edcio.<\/div>\n<div><\/div>\n<div>Agora acho que o leitor entende o coment\u00e1rio que fiz em outras ocasi\u00f5es, de que n\u00e3o votaria no PSOL nestas elei\u00e7\u00f5es. A guinada \u00e0 direita dada pelo partido est\u00e1 me desagradando bastante.<\/div>\n<div><\/div>\n<div>Ainda n\u00e3o tenho inten\u00e7\u00e3o de voto consolidada, mas diria que a tend\u00eancia, hoje, seria \u201ctapar o nariz\u201d e dar um voto de confian\u00e7a ao atual prefeito. Sei dos v\u00e1rios problemas que este grupo pol\u00edtico representa e tem, mas em minha avalia\u00e7\u00e3o Paes faz um governo razo\u00e1vel \u2013 ainda mais se sabendo que ele herdou o munic\u00edpio destru\u00eddo pelos 16 anos do mandat\u00e1rio anterior \u2013 e o alinhamento aos governos do Estado e Federal pesa bastante em minha avalia\u00e7\u00e3o.<\/div>\n<div><\/div>\n<div>Quanto \u00e0 ins\u00f3lita chapa formada por Rodrigo Maia e Clarissa Garotinho, <a href=\"http:\/\/pedromigao.blogspot.com.br\/2012\/03\/garotinho-e-cesar-maia-uma-analise-de.html\" target=\"_blank\">confirma-se o que escrevi em post anterior<\/a>: o custo de tal alian\u00e7a \u00e9 muito maior que os benef\u00edcios. S\u00e3o eleitorados distintos e que s\u00e3o mutuamente excludentes.<\/div>\n<div><\/div>\n<div>Aproveito para deixar registrado meu protesto quanto \u00e0 propaganda eleitoral desta chapa. Rodrigo Maia fala dos problemas da cidade omitindo que seu pai, Cesar Maia, foi o czar da cidade durante longos 16 anos. Alias este \u00faltimo declarou \u00e0 Justi\u00e7a Eleitoral n\u00e3o possuir quaisquer bens em seu nome, o que, convenhamos, \u00e9 um esc\u00e1rnio.<\/p>\n<p>Finalizando o quadro carioca, me espanta a coragem do candidato do PSDB, Ot\u00e1vio Leite, em apresentar Fernando Henrique Cardoso e Marcello Alencar em sua publicidade eleitoral. Dois sujeitos que s\u00e3o odiados pela popula\u00e7\u00e3o local &#8211; n\u00e3o sem motivo.<\/p><\/div>\n<div><\/div>\n<div>Belo Horizonte registra lideran\u00e7a do atual prefeito, mas n\u00e3o me parece fatura liquidada dado o crescimento de Patrus Ananias. Recife, outra cidade emblem\u00e1tica, viu a virada do candidato apoiado pelo governador Eduardo Campos sobre Humberto Costa, do PT, at\u00e9 de forma r\u00e1pida.<\/div>\n<div><\/div>\n<div>Mas nesta virada pesa a boa avalia\u00e7\u00e3o do governador e a p\u00e9ssima imagem do atual prefeito nas pesquisas qualitativas.<\/div>\n<div><\/div>\n<div>Por falar em pesquisas de opini\u00e3o, fecho o post com um assunto que me foi alertado por um leitor: no interior de S\u00e3o Paulo h\u00e1 uma m\u00e1fia de pesquisas que produz resultados prontos de acordo com o gosto do fregu\u00eas.<\/div>\n<div><\/div>\n<div>Estas empresas cobram cerca de R$ 10 mil a prefeitos da regi\u00e3o para n\u00e3o publicar resultados que lhe seriam ruins (manipulados), ou ent\u00e3o \u201cfabricando n\u00fameros\u201d para alardear um suposto favoritismo. Caso o prefeito n\u00e3o compre, os advers\u00e1rios pol\u00edticos se utilizam destes n\u00fameros em suas propagandas \u2013 pagando o pre\u00e7o cobrado por estas empresas.<\/div>\n<div><\/div>\n<div>O detalhe \u00e9 que s\u00e3o pesquisas registradas no TRE, apesar de tudo. A principal empresa deste esquema, sediada <personname productid=\"em Presidente Prudente\" w:st=\"on\">em Presidente Prudente<\/personname>, enfrenta uma s\u00e9rie de acusa\u00e7\u00f5es na Justi\u00e7a, bem como seu s\u00f3cio majorit\u00e1rio.<\/div>\n<div><\/div>\n<div>Lembro aos leitores que a possibilidade de manipula\u00e7\u00e3o de n\u00fameros \u00e9 muito maior nas cidades menores, que n\u00e3o contam com imprensa influente ou institui\u00e7\u00f5es de controle fortes como a das grandes cidades. Na pr\u00e1tica, \u00e9 uma forma sofisticada de coa\u00e7\u00e3o e desvio de recursos \u2013 muitas vezes p\u00fablicos.<\/div>\n<div><\/div>\n<div><em>(Foto: Estad\u00e3o)<\/em><\/div>\n<div><\/div>\n","protected":false},"excerpt":{"rendered":"<p>Leitores, n\u00e3o esperem um post encadeado, bonitinho, hoje. A id\u00e9ia \u00e9 dar alguns pitacos a praticamente um m\u00eas das elei\u00e7\u00f5es. Come\u00e7o por S\u00e3o Paulo. EmTour Details<\/p>\n","protected":false},"author":2,"featured_media":0,"comment_status":"open","ping_status":"open","sticky":false,"template":"","format":"standard","meta":{"footnotes":""},"categories":[289],"tags":[78,24,70,83],"class_list":["post-10923","post","type-post","status-publish","format-standard","hentry","category-pedro-migao","tag-eleicoes-2012","tag-politica","tag-rio-de-janeiro","tag-sao-paulo"],"_links":{"self":[{"href":"https:\/\/www.pedromigao.com.br\/ourodetolo\/wp-json\/wp\/v2\/posts\/10923","targetHints":{"allow":["GET"]}}],"collection":[{"href":"https:\/\/www.pedromigao.com.br\/ourodetolo\/wp-json\/wp\/v2\/posts"}],"about":[{"href":"https:\/\/www.pedromigao.com.br\/ourodetolo\/wp-json\/wp\/v2\/types\/post"}],"author":[{"embeddable":true,"href":"https:\/\/www.pedromigao.com.br\/ourodetolo\/wp-json\/wp\/v2\/users\/2"}],"replies":[{"embeddable":true,"href":"https:\/\/www.pedromigao.com.br\/ourodetolo\/wp-json\/wp\/v2\/comments?post=10923"}],"version-history":[{"count":0,"href":"https:\/\/www.pedromigao.com.br\/ourodetolo\/wp-json\/wp\/v2\/posts\/10923\/revisions"}],"wp:attachment":[{"href":"https:\/\/www.pedromigao.com.br\/ourodetolo\/wp-json\/wp\/v2\/media?parent=10923"}],"wp:term":[{"taxonomy":"category","embeddable":true,"href":"https:\/\/www.pedromigao.com.br\/ourodetolo\/wp-json\/wp\/v2\/categories?post=10923"},{"taxonomy":"post_tag","embeddable":true,"href":"https:\/\/www.pedromigao.com.br\/ourodetolo\/wp-json\/wp\/v2\/tags?post=10923"}],"curies":[{"name":"wp","href":"https:\/\/api.w.org\/{rel}","templated":true}]}}