{"id":10922,"date":"2012-09-06T07:56:00","date_gmt":"2012-09-06T09:56:00","guid":{"rendered":"http:\/\/www.pedromigao.com.br\/ourodetolo\/2012\/09\/a-transformacao-da-sociedade-brasileira\/"},"modified":"2012-09-06T07:56:00","modified_gmt":"2012-09-06T09:56:00","slug":"a-transformacao-da-sociedade-brasileira","status":"publish","type":"post","link":"https:\/\/www.pedromigao.com.br\/ourodetolo\/2012\/09\/a-transformacao-da-sociedade-brasileira\/","title":{"rendered":"A transforma\u00e7\u00e3o da sociedade brasileira"},"content":{"rendered":"<div>\n<div><a href=\"http:\/\/3.bp.blogspot.com\/-66GwsG41hEg\/UEgcIGUJ_sI\/AAAAAAAAF_o\/vyran9-Qb1g\/s1600\/plataforma_petro16.jpg\" imageanchor=\"1\"><img loading=\"lazy\" decoding=\"async\" border=\"0\" height=\"534\" src=\"http:\/\/www.pedromigao.com.br\/ourodetolo\/wp-content\/uploads\/2012\/09\/plataforma_petro16.jpg\" width=\"640\"><\/a><\/div>\n<div><\/div>\n<div>Lendo a pr\u00e9via da coluna \u201cOrun Ay\u00e9\u201d do pr\u00f3ximo domingo, onde o colunista Alo\u00edsio Villar faz uma \u00e1cida an\u00e1lise do que representa o \u201c7 de Setembro\u201d, fiquei a pensar nas transforma\u00e7\u00f5es que nossa sociedade experimentou nos \u00faltimos anos.<\/div>\n<\/div>\n<div>\n<div><\/div>\n<\/div>\n<div>\n<div>Evidentemente que h\u00e1 muito o que se mudar e muito o que se evoluir, mas quando pessoalmente observo o que somos hoje e o que \u00e9ramos h\u00e1 20 anos atr\u00e1s a evolu\u00e7\u00e3o me parece bastante percept\u00edvel.<\/div>\n<\/div>\n<div>\n<div><\/div>\n<\/div>\n<div>\n<div>Acho que j\u00e1 escrevi aqui em outras ocasi\u00f5es que o grande sonho de minha gera\u00e7\u00e3o de economistas era ver o Brasil com um mercado interno consumidor de massa. Em meados da d\u00e9cada de 90, \u00e9poca onde estudei, isso era considerado imposs\u00edvel, ou em futuro distante. Nosso mercado, ou melhor, nosso pa\u00eds em termos de consumo, se resumia com boa vontade a 20 milh\u00f5es de habitantes.<\/div>\n<\/div>\n<div>\n<div><\/div>\n<\/div>\n<div>\n<div>Hoje, com erros e imperfei\u00e7\u00f5es, temos um mercado consumidor interno que manteve a economia girando apesar da crise mundial. Vale lembrar nesta quest\u00e3o o efeito indutor da economia proporcionado pelo Bolsa Fam\u00edlia.<\/div>\n<\/div>\n<div>\n<div><\/div>\n<\/div>\n<div>\n<div>O programa de gera\u00e7\u00e3o de renda \u00e9 advindo do \u201cRenda M\u00ednima\u201d, de autoria do saudoso professor Antonio Maria da Silveira e encampado pelo ent\u00e3o senador Eduardo Suplicy. Seu papel neste processo foi propiciar um efeito indutor \u00e0 economia, em especial em regi\u00f5es sem dinamismo econ\u00f4mico.<\/div>\n<\/div>\n<div>\n<div><\/div>\n<\/div>\n<div>\n<div>Exemplificando: o Zezinho n\u00e3o tinha renda nenhuma e passou a receber o Bolsa Fam\u00edlia. Ent\u00e3o ele vai na padaria do Manoel e compra p\u00e3o e leite para os filhos, que precisam freq\u00fcentar a escola por exig\u00eancia do programa.<\/div>\n<\/div>\n<div>\n<div><\/div>\n<\/div>\n<div>\n<div>O que ocorre? O Manoel contrata o Zezinho para vender p\u00e3o, pois a demanda pelo seu produto aumentou. Com isso uma economia estagnada passa a ser mais din\u00e2mica devido ao efeito indutor do programa.<\/div>\n<\/div>\n<div>\n<div><\/div>\n<\/div>\n<div>\n<div>O Manoel tamb\u00e9m vai comprar mais e permitir que a f\u00e1brica de freezers, por exemplo, contrate mais gente para atender ao pedido dele \u2013 e de outros Mano\u00e9is pelo Brasil. Esta gente contratada tamb\u00e9m compra na padaria do Manoel \u2013 e um c\u00edrculo virtuoso se forma.<\/div>\n<\/div>\n<div>\n<div><\/div>\n<\/div>\n<div>\n<div>Paralelamente, com o aumento do emprego e da renda e a queda dos juros reais abre-se espa\u00e7o para uma maior concess\u00e3o de cr\u00e9dito, o que possui um efeito duplo: aumenta o consumo por um lado e o investimento por outro \u2013 j\u00e1 que se torna mais atraente investir em novos neg\u00f3cios que manter o dinheiro parado no banco com o rendimento de renda fixa.<\/div>\n<\/div>\n<div>\n<div><\/div>\n<\/div>\n<div>\n<div>O fato \u00e9 que hoje temos uma economia din\u00e2mica e que vem se mantendo inc\u00f3lume apesar da crise nos pa\u00edses desenvolvidos. Isso explica, tamb\u00e9m, o porqu\u00ea da manuten\u00e7\u00e3o do PT no governo apesar de toda a intensa campanha midi\u00e1tica contra.<\/div>\n<\/div>\n<div>\n<div><\/div>\n<\/div>\n<div>\n<div>Politicamente, lembro ao leitor que este per\u00edodo de normalidade democr\u00e1tica j\u00e1 \u00e9 o maior de nossa Rep\u00fablica. S\u00e3o 27 anos de respeito \u00e0 Constitui\u00e7\u00e3o e com governos eleitos dentro das regras estabelecidas.<\/div>\n<\/div>\n<div>\n<div><\/div>\n<\/div>\n<div>\n<div>O leitor pode alegar que a Rep\u00fablica Velha, entre 1889 e 1930, foi um per\u00edodo maior. Entretanto, temos de nos lembrar que houve uma s\u00e9rie de revoltas neste per\u00edodo, bem como n\u00e3o havia o voto universal. A participa\u00e7\u00e3o era olig\u00e1rquica e n\u00e3o abordava a maior parte da popula\u00e7\u00e3o.<\/div>\n<\/div>\n<div>\n<div><\/div>\n<\/div>\n<div>\n<div>Mesmo o combate \u00e0 corrup\u00e7\u00e3o, a meu ver, avan\u00e7ou. H\u00e1 muito o que se fazer ainda, mas hoje vivemos em um tempo onde os esc\u00e2ndalos s\u00e3o revelados e, aqui e ali, h\u00e1 puni\u00e7\u00f5es. Nosso Judici\u00e1rio precisa olhar menos a cara do fregu\u00eas, mas este \u00e9 um longo processo.<\/div>\n<\/div>\n<div>\n<div><\/div>\n<\/div>\n<div>\n<div>Em termos de pol\u00edtica externa, h\u00e1 cerca de 20 anos \u00e9ramos sat\u00e9lites inexpressivos dos Estados Unidos, com as finan\u00e7as externas exauridas e tendo as nossas pol\u00edtica econ\u00f4mica e externa determinadas fora do locus territorial brasileiro. Hoje fazemos parte dos BRICs e temos um papel ascendente na pol\u00edtica internacional, como pot\u00eancia regional.<\/div>\n<\/div>\n<div>\n<div><\/div>\n<\/div>\n<div>\n<div>Seremos sedes da Copa do Mundo e dos Jogos Ol\u00edmpicos, algo que na minha inf\u00e2ncia e adolesc\u00eancia seria impens\u00e1vel. Pode-se questionar o superfaturamento nos custos e a falta de transpar\u00eancia nestes, mas sem d\u00favida alguma \u00e9 uma conquista que reflete as mudan\u00e7as ocorridas em nosso pa\u00eds. Nos pr\u00f3ximos quatro anos seremos alvo de todas as aten\u00e7\u00f5es mundiais.<\/div>\n<div><\/div>\n<div>Descobrimos tamb\u00e9m aquela que \u00e9 a \u00faltima fronteira petrol\u00edfera mundial, gra\u00e7as ao esfor\u00e7o de ge\u00f3logos e engenheiros de petr\u00f3leo da nossa Petrobras.<\/div>\n<div><\/div>\n<div>Vale lembrar tamb\u00e9m que a fome, problema s\u00e9rio h\u00e1 apenas 20 anos atr\u00e1s &#8211; quem n\u00e3o se lembra da &#8220;Campanha do Betinho&#8221; &#8211; \u00e9 algo hoje muito menor. O padr\u00e3o alimentar do povo brasileiro (ali\u00e1s, este foi o tema de minha monografia final de curso) hoje j\u00e1 exerce uma demanda prot\u00e9ica crescente, com adi\u00e7\u00e3o de frutas e legumes na dieta m\u00e9dia.<\/div>\n<div><\/div>\n<div>Temos uma nova classe m\u00e9dia, com ascens\u00e3o social de um n\u00famero de pessoas jamais visto na hist\u00f3ria do Brasil. Apesar de ser um ponto onde ainda precisamos melhorar bastante a educa\u00e7\u00e3o tamb\u00e9m vem se mostrando mais inclusiva e atendendo a mais pessoas.<\/div>\n<div><\/div>\n<div>N\u00f3s sentimos dificuldade de avaliar momentos hist\u00f3ricos quando estamos inseridos neles, mas daqui a 30 anos, quando olharmos para tr\u00e1s, veremos que este \u00e9 um dos momentos mais importantes da hist\u00f3ria brasileira. A independ\u00eancia do &#8220;7 de setembro&#8221; pode ter sido apenas &#8220;pro forma&#8221;, mas curiosamente em um mundo interdependente como \u00e9 o atual o Brasil vem se desenvolvendo com uma cada vez maior import\u00e2ncia individual.<\/div>\n<div><\/div>\n<div>H\u00e1 muito o que se avan\u00e7ar? Sem d\u00favida. O pa\u00eds tem problemas, a corrup\u00e7\u00e3o ainda \u00e9 bastante alta, o modelo pol\u00edtico precisa de aperfei\u00e7oamentos, precisamos ter uma m\u00eddia mais isenta e a economia sanar alguns gargalos. Al\u00e9m disso o povo pode e deve ser mais participativo na vida nacional.<\/div>\n<div><\/div>\n<div>Mas o leitor tenha certeza que daqui a trinta anos este per\u00edodo que estamos vivendo ser\u00e1 marcado como um dos mais importantes da hist\u00f3ria brasileira. \u00c9 algo que, sem d\u00favida, podemos celebrar no dia de amanh\u00e3. Uma vez na vida conclamo o leitor a olhar para o que \u00e9 bom e se fixar menos nas cr\u00edticas do dia a dia. O momento merece &#8211; at\u00e9 para que estejamos impelidos a evoluir ainda mais.<\/div>\n<div><\/div>\n<div>Patriotismo \u00e9 fazer a nossa parte e ver o pa\u00eds progredir.<\/div>\n<\/div>\n","protected":false},"excerpt":{"rendered":"<p>Lendo a pr\u00e9via da coluna \u201cOrun Ay\u00e9\u201d do pr\u00f3ximo domingo, onde o colunista Alo\u00edsio Villar faz uma \u00e1cida an\u00e1lise do que representa o \u201c7 deTour Details<\/p>\n","protected":false},"author":2,"featured_media":0,"comment_status":"open","ping_status":"open","sticky":false,"template":"","format":"standard","meta":{"footnotes":""},"categories":[289],"tags":[60,58,24,6],"class_list":["post-10922","post","type-post","status-publish","format-standard","hentry","category-pedro-migao","tag-brasil","tag-economia","tag-politica","tag-vida-cotidiana"],"_links":{"self":[{"href":"https:\/\/www.pedromigao.com.br\/ourodetolo\/wp-json\/wp\/v2\/posts\/10922","targetHints":{"allow":["GET"]}}],"collection":[{"href":"https:\/\/www.pedromigao.com.br\/ourodetolo\/wp-json\/wp\/v2\/posts"}],"about":[{"href":"https:\/\/www.pedromigao.com.br\/ourodetolo\/wp-json\/wp\/v2\/types\/post"}],"author":[{"embeddable":true,"href":"https:\/\/www.pedromigao.com.br\/ourodetolo\/wp-json\/wp\/v2\/users\/2"}],"replies":[{"embeddable":true,"href":"https:\/\/www.pedromigao.com.br\/ourodetolo\/wp-json\/wp\/v2\/comments?post=10922"}],"version-history":[{"count":0,"href":"https:\/\/www.pedromigao.com.br\/ourodetolo\/wp-json\/wp\/v2\/posts\/10922\/revisions"}],"wp:attachment":[{"href":"https:\/\/www.pedromigao.com.br\/ourodetolo\/wp-json\/wp\/v2\/media?parent=10922"}],"wp:term":[{"taxonomy":"category","embeddable":true,"href":"https:\/\/www.pedromigao.com.br\/ourodetolo\/wp-json\/wp\/v2\/categories?post=10922"},{"taxonomy":"post_tag","embeddable":true,"href":"https:\/\/www.pedromigao.com.br\/ourodetolo\/wp-json\/wp\/v2\/tags?post=10922"}],"curies":[{"name":"wp","href":"https:\/\/api.w.org\/{rel}","templated":true}]}}