{"id":10921,"date":"2012-09-06T15:58:00","date_gmt":"2012-09-06T17:58:00","guid":{"rendered":"http:\/\/www.pedromigao.com.br\/ourodetolo\/2012\/09\/final-de-semana-e-la-vou-eu-mensageiro\/"},"modified":"2012-09-06T15:58:00","modified_gmt":"2012-09-06T17:58:00","slug":"final-de-semana-e-la-vou-eu-mensageiro","status":"publish","type":"post","link":"https:\/\/www.pedromigao.com.br\/ourodetolo\/2012\/09\/final-de-semana-e-la-vou-eu-mensageiro\/","title":{"rendered":"Final de Semana &#8211; &quot;E L\u00e1 Vou Eu (Mensageiro)&quot;"},"content":{"rendered":"<div><\/div>\n<p><\/p>\n<div>Ap\u00f3s uma semana ausente por problemas log\u00edsticos, neste feriad\u00e3o nossa coluna musical est\u00e1 de volta com um cl\u00e1ssico do samba carioca: &#8220;E L\u00e1 Vou Eu (Mensageiro)&#8221;.<\/div>\n<div><\/div>\n<div>Can\u00e7\u00e3o de Jo\u00e3o Nogueira, trago aqui a felic\u00edssima interpreta\u00e7\u00e3o de Jorge Arag\u00e3o para o sambabook lan\u00e7ado recentemente englobando a obra do grande compositor.<\/div>\n<div><\/div>\n<div>Bom feriad\u00e3o aos leitores. O meu provavelmente ser\u00e1 envolvido com idas ao hospital.<\/div>\n<div><\/div>\n<div><b>&#8220;E L\u00e1 Vou Eu (Mensageiro)&#8221; <\/b><\/div>\n<div><\/div>\n<div><i>E l\u00e1 vou eu<\/i><\/div>\n<div><i>Melhor que mere\u00e7o<\/i><\/div>\n<div><i>Pagando a bom pre\u00e7o<\/i><\/div>\n<div><i>A evolu\u00e7\u00e3o<\/i><\/div>\n<div><i>Ai, se n\u00e3o fosse o viol\u00e3o<\/i><\/div>\n<div><i>E o jeito de fazer samba<\/i><\/div>\n<div><i>Do tempo que quem fazia<\/i><\/div>\n<div><i>Corria do cambur\u00e3o<\/i><\/div>\n<div><i>Hoje n\u00e3o corre n\u00e3o<\/i><\/div>\n<div><i>Hoje o samba \u00e9 decente<\/i><\/div>\n<div><i>E ningu\u00e9m ag\u00fcenta, oh, gente<\/i><\/div>\n<div><i>A for\u00e7a de um samba n\u00e3o<\/i><\/div>\n<div><i><br \/><\/i><\/div>\n<div><i>Pois que faz samba fala<\/i><\/div>\n<div><i>E quem fala, aten\u00e7\u00e3o!<\/i><\/div>\n<div><i>For\u00e7a nenhuma cala<\/i><\/div>\n<div><i>A voz da multid\u00e3o<\/i><\/div>\n<div><i>E cantar inda vai ser bom<\/i><\/div>\n<div><i>Quando o samba primeiro<\/i><\/div>\n<div><i>N\u00e3o for prisioneiro<\/i><\/div>\n<div><i>Desse desespero<\/i><\/div>\n<div><i>E resigna\u00e7\u00e3o<\/i><\/div>\n<div><i>E l\u00e1 vai minha voz<\/i><\/div>\n<div><i>Espalhando ent\u00e3o<\/i><\/div>\n<div><i>O meu samba guerreiro<\/i><\/div>\n<div><i>Fiel correio<\/i><\/div>\n<div><i>Da popula\u00e7\u00e3o<\/i><\/div>\n","protected":false},"excerpt":{"rendered":"<p>Ap\u00f3s uma semana ausente por problemas log\u00edsticos, neste feriad\u00e3o nossa coluna musical est\u00e1 de volta com um cl\u00e1ssico do samba carioca: &#8220;E L\u00e1 Vou EuTour Details<\/p>\n","protected":false},"author":2,"featured_media":0,"comment_status":"open","ping_status":"open","sticky":false,"template":"","format":"standard","meta":{"footnotes":""},"categories":[289],"tags":[12,40,15,85],"class_list":["post-10921","post","type-post","status-publish","format-standard","hentry","category-pedro-migao","tag-cultura","tag-final-de-semana","tag-musica","tag-samba"],"_links":{"self":[{"href":"https:\/\/www.pedromigao.com.br\/ourodetolo\/wp-json\/wp\/v2\/posts\/10921","targetHints":{"allow":["GET"]}}],"collection":[{"href":"https:\/\/www.pedromigao.com.br\/ourodetolo\/wp-json\/wp\/v2\/posts"}],"about":[{"href":"https:\/\/www.pedromigao.com.br\/ourodetolo\/wp-json\/wp\/v2\/types\/post"}],"author":[{"embeddable":true,"href":"https:\/\/www.pedromigao.com.br\/ourodetolo\/wp-json\/wp\/v2\/users\/2"}],"replies":[{"embeddable":true,"href":"https:\/\/www.pedromigao.com.br\/ourodetolo\/wp-json\/wp\/v2\/comments?post=10921"}],"version-history":[{"count":0,"href":"https:\/\/www.pedromigao.com.br\/ourodetolo\/wp-json\/wp\/v2\/posts\/10921\/revisions"}],"wp:attachment":[{"href":"https:\/\/www.pedromigao.com.br\/ourodetolo\/wp-json\/wp\/v2\/media?parent=10921"}],"wp:term":[{"taxonomy":"category","embeddable":true,"href":"https:\/\/www.pedromigao.com.br\/ourodetolo\/wp-json\/wp\/v2\/categories?post=10921"},{"taxonomy":"post_tag","embeddable":true,"href":"https:\/\/www.pedromigao.com.br\/ourodetolo\/wp-json\/wp\/v2\/tags?post=10921"}],"curies":[{"name":"wp","href":"https:\/\/api.w.org\/{rel}","templated":true}]}}