{"id":50794,"date":"2025-04-23T00:56:26","date_gmt":"2025-04-23T03:56:26","guid":{"rendered":"https:\/\/www.pedromigao.com.br\/ourodetolo\/?p=50794"},"modified":"2025-04-23T00:56:26","modified_gmt":"2025-04-23T03:56:26","slug":"justificando-o-injustificavel-2025-mestre-sala-e-porta-bandeira","status":"publish","type":"post","link":"http:\/\/www.pedromigao.com.br\/ourodetolo\/2025\/04\/justificando-o-injustificavel-2025-mestre-sala-e-porta-bandeira\/","title":{"rendered":"Justificando o Injustific\u00e1vel 2025 &#8211; Mestre-Sala e Porta-Bandeira"},"content":{"rendered":"<p style=\"text-align: justify\"><span style=\"font-weight: 400\">Neste ano, j\u00e1 na apura\u00e7\u00e3o ficou claro que Mestre-Sala &amp; Porta-Bandeira se tornou o novo quesito Bateria. Talvez pelas novas regras de n\u00e3o-compara\u00e7\u00e3o, houve uma explos\u00e3o de notas 10, at\u00edpicas at\u00e9 para os largos padr\u00f5es deste ano, que resultou em um aumento de 28 notas 10 em 2025, ou 58%, para incr\u00edveis 36 notas 10 esse ano, ou 75% do total. Exatamente o mesmo n\u00famero de notas m\u00e1ximas de Bateria, que h\u00e1 quase uma d\u00e9cada ocupava de forma soberana o posto de quesito mais benevolente do Carnaval.<\/span><\/p>\n<p style=\"text-align: justify\"><span style=\"font-weight: 400\">At\u00e9 por essa explos\u00e3o ocorrida, passa a ser entend\u00edvel algumas notas m\u00e1ximas obtidas por diferentes casais cujas apresenta\u00e7\u00f5es est\u00e3o sendo alvo de cr\u00edticas da bolha desde os desfiles. Mas como s\u00e3o alguns detalhes que at\u00e9 exigem uma certa compara\u00e7\u00e3o com outros casais, considerando a quantidade gigantesca de notas m\u00e1ximas, o n\u00e3o desconto passa a ser entend\u00edvel. At\u00e9 por isso decidi n\u00e3o abord\u00e1-los nesta Justificando de Mestre-Sala &amp; Porta-Bandeira.<\/span><\/p>\n<p style=\"text-align: justify\"><b>M\u00f3dulo 1<\/b><\/p>\n<p style=\"text-align: justify\"><span style=\"font-weight: 400\">Julgadora: <\/span><i><span style=\"font-weight: 400\">M\u00f4nica Barbosa<\/span><\/i><\/p>\n<ul style=\"text-align: justify\">\n<li style=\"font-weight: 400\"><span style=\"font-weight: 400\">UPM &#8211; 9,8<\/span><\/li>\n<li style=\"font-weight: 400\"><span style=\"font-weight: 400\">Imperatriz &#8211; 10<\/span><\/li>\n<li style=\"font-weight: 400\"><span style=\"font-weight: 400\">Viradouro &#8211; 10<\/span><\/li>\n<li style=\"font-weight: 400\"><span style=\"font-weight: 400\">Mangueira\u00a0 &#8211; 9,9<\/span><\/li>\n<li style=\"font-weight: 400\"><span style=\"font-weight: 400\">U. da Tijuca &#8211; 10<\/span><\/li>\n<li style=\"font-weight: 400\"><span style=\"font-weight: 400\">Beija-Flor &#8211; 10<\/span><\/li>\n<li style=\"font-weight: 400\"><span style=\"font-weight: 400\">Salgueiro &#8211; 10<\/span><\/li>\n<li style=\"font-weight: 400\"><span style=\"font-weight: 400\">Vila Isabel &#8211; 9,9<\/span><\/li>\n<li style=\"font-weight: 400\"><span style=\"font-weight: 400\">Mocidade &#8211; 10<\/span><\/li>\n<li style=\"font-weight: 400\"><span style=\"font-weight: 400\">Tuiuti &#8211; 9,9<\/span><\/li>\n<li style=\"font-weight: 400\"><span style=\"font-weight: 400\">Grande Rio &#8211; 10<\/span><\/li>\n<li style=\"font-weight: 400\"><span style=\"font-weight: 400\">Portela &#8211; 10<\/span><\/li>\n<\/ul>\n<p style=\"text-align: justify\"><span style=\"font-weight: 400\">M\u00f4nica \u00e9 uma das poucas julgadoras que continuam no j\u00fari desde a 1\u00aa edi\u00e7\u00e3o da Justificando em 2015 e sempre elogiei o julgamento dela, com justificativas precisas e explicativas. Especialmente a p\u00e9rola que descreveu com detalhes os problemas da concep\u00e7\u00e3o da apresenta\u00e7\u00e3o do casal da Vila Isabel ano passado.<\/span><\/p>\n<p style=\"text-align: justify\"><span style=\"font-weight: 400\">Neste ano, mais uma vez, foi um caderno correto, com 4 justificativas muito claras e dosimetria idem. Novamente, n\u00e3o teve um desconto claro por indument\u00e1ria, mas ela fez quest\u00e3o de escrever que a fantasia do mestre-sala da UPM se desviou bastante do croqui e atrapalhou a qualidade, a amplitude e a defini\u00e7\u00e3o dos movimentos dele, al\u00e9m de causar problemas est\u00e9ticos.<\/span><\/p>\n<p style=\"text-align: justify\"><span style=\"font-weight: 400\">O outro d\u00e9cimo da UPM foi retirado por excesso de passos marcados, que deu \u00e0 coreografia muita informa\u00e7\u00e3o, mas dificuldades de leitura ao mesmo tempo. Al\u00e9m disso, a falta do tempo para a necess\u00e1ria respira\u00e7\u00e3o dos dan\u00e7arinos n\u00e3o deu a sensa\u00e7\u00e3o de \u201cin\u00edcio, um meio e um fim\u201d \u00e0 dan\u00e7a.<\/span><\/p>\n<p style=\"text-align: justify\"><span style=\"font-weight: 400\">J\u00e1 na Mangueira, o d\u00e9cimo foi retirado porque durante os giros da Cinthya a bandeira ficou dobrada um tempo consider\u00e1vel. \u00c9 algo que acontece com a Cinthya em alguns momentos, mesmo em apresenta\u00e7\u00f5es livres nas quadras. Por\u00e9m eu tinha reparado uma melhora nesse aspecto no pr\u00e9-carnaval deste ano, mas, pelo visto, infelizmente voltou a ocorrer no pior momento poss\u00edvel.<\/span><\/p>\n<p style=\"text-align: justify\"><span style=\"font-weight: 400\">Na Vila Isabel, mais uma vez a M\u00f4nica despontuou uma pegada brusca do Marcinho na bandeira, dessa vez no momento de apresent\u00e1-la ao p\u00fablico do lado contr\u00e1rio da cabine. Al\u00e9m disso, reclamou da falta de precis\u00e3o de algumas termina\u00e7\u00f5es, ainda segundo a julgadora, possivelmente pelo andamento acelerado do samba no in\u00edcio do desfile.<\/span><\/p>\n<p style=\"text-align: justify\"><span style=\"font-weight: 400\">Por fim, no Tuiuti tamb\u00e9m foi descontada uma pegada brusca do mestre-sala na bandeira e a bandeira tamb\u00e9m ficou dobrada durante parte dos giros da Dandara.<\/span><\/p>\n<p style=\"text-align: justify\"><b>M\u00f3dulo 2<\/b><\/p>\n<p style=\"text-align: justify\"><span style=\"font-weight: 400\">Julgadora: <\/span><i><span style=\"font-weight: 400\">Henna Melo<\/span><\/i><\/p>\n<ul style=\"text-align: justify\">\n<li style=\"font-weight: 400\"><span style=\"font-weight: 400\">UPM &#8211; 9,8<\/span><\/li>\n<li style=\"font-weight: 400\"><span style=\"font-weight: 400\">Imperatriz &#8211; 10\u00a0<\/span><\/li>\n<li style=\"font-weight: 400\"><span style=\"font-weight: 400\">Viradouro &#8211; 10<\/span><\/li>\n<li style=\"font-weight: 400\"><span style=\"font-weight: 400\">Mangueira\u00a0 &#8211; 9,9<\/span><\/li>\n<li style=\"font-weight: 400\"><span style=\"font-weight: 400\">U. da Tijuca &#8211; 10<\/span><\/li>\n<li style=\"font-weight: 400\"><span style=\"font-weight: 400\">Beija-Flor &#8211; 10<\/span><\/li>\n<li style=\"font-weight: 400\"><span style=\"font-weight: 400\">Salgueiro &#8211; 10<\/span><\/li>\n<li style=\"font-weight: 400\"><span style=\"font-weight: 400\">Vila Isabel &#8211; 10<\/span><\/li>\n<li style=\"font-weight: 400\"><span style=\"font-weight: 400\">Mocidade &#8211; 9,8<\/span><\/li>\n<li style=\"font-weight: 400\"><span style=\"font-weight: 400\">Tuiuti &#8211; 10<\/span><\/li>\n<li style=\"font-weight: 400\"><span style=\"font-weight: 400\">Grande Rio &#8211; 10<\/span><\/li>\n<li style=\"font-weight: 400\"><span style=\"font-weight: 400\">Portela &#8211; 10<\/span><\/li>\n<\/ul>\n<p style=\"text-align: justify\"><span style=\"font-weight: 400\">Henna \u00e9 uma das duas julgadoras estreantes neste ano em Mestre-Sala &amp; Porta-Bandeira. Seguindo a tend\u00eancia do quesito neste ano, apenas tr\u00eas justificativas, mas dessa vez com duas notas 9,8.<\/span><\/p>\n<p style=\"text-align: justify\"><span style=\"font-weight: 400\">O 9,9 da Mangueira foi por aquela fenda estranh\u00edssima na altura da cintura do Matheus, logo, por indument\u00e1ria.<\/span><\/p>\n<p style=\"text-align: justify\"><span style=\"font-weight: 400\">J\u00e1 o 9,8 da Mocidade me parece bem justificado em uma combina\u00e7\u00e3o de indument\u00e1ria mal planejada, com a ilumina\u00e7\u00e3o da roupa em excesso ofuscando a cena, que trouxe um peso excessivo para a flu\u00eancia da Bruna e do Diogo perdendo a defini\u00e7\u00e3o das formas dos movimentos.<\/span><\/p>\n<p style=\"text-align: justify\"><span style=\"font-weight: 400\">Agora, para uma nota 9,8, acredito que faltou explica\u00e7\u00e3o na justificativa da UPM porque, para um desconto mais pesado de dois d\u00e9cimos, simplesmente escrever que \u201cque faltou estabilidade nas pegadas e nos giros, fazendo com que o bailado perdesse o vigor\u201d n\u00e3o me parece ser o suficiente para explicar o desconto mais grave.\u00a0<\/span><\/p>\n<p style=\"text-align: justify\"><span style=\"font-weight: 400\">\u00c9 perfeitamente poss\u00edvel que o descrito tenha ocorrido uma quantidade de vezes consider\u00e1vel e com maior gravidade para a julgadora decidir retirar dois d\u00e9cimos de uma s\u00f3 vez. Por\u00e9m, como sempre digo, o caderno de julgamento \u00e9 a \u00fanica arma de defesa do julgador e nesse caso considero que para ficar claro o motivo pelo qual a julgadora decidiu tirar dois d\u00e9cimos de uma s\u00f3 vez era necess\u00e1rio um maior detalhamento do ocorrido, como ela o fez para a Mocidade, at\u00e9 para deixar mais evidente a dosimetria utilizada para medir as penalidades de cada escola.<\/span><\/p>\n<p style=\"text-align: justify\"><span style=\"font-weight: 400\">Para finalizar o caderno, \u00e9 bastante interessante notar que a palavra vigor mas uma vez foi usada na justificativa de uma porta-bandeira negra e absolutamente ningu\u00e9m reclamou ou chamou a aten\u00e7\u00e3o dessa vez para o \u201cabsurdo\u201d que \u00e9 o uso dessa palavra como foi usado no caso da Cinthya em 2023. A J\u00e9ssica n\u00e3o merece a mesma considera\u00e7\u00e3o da Cinthya? Ent\u00e3o por que n\u00e3o houve as mesmas reclama\u00e7\u00f5es para o uso da mesma palavra no mesmo contexto de julgamento de casal que ocorreram na famosa justificativa da Mangueira em 2023?<\/span><\/p>\n<p style=\"text-align: justify\"><span style=\"font-weight: 400\">Ao fim, esse uso da palavra vigor em mais uma justificativa apenas refor\u00e7a o longo argumento que escrevi em 2023 em defesa do Paulo Rodrigues que esta palavra \u00e9 um jarg\u00e3o comum do mundo da dan\u00e7a e absolutamente nada tem de racismo.<\/span><\/p>\n<p style=\"text-align: justify\"><b>M\u00f3dulo 3<\/b><\/p>\n<p style=\"text-align: justify\"><span style=\"font-weight: 400\">Julgador: <\/span><i><span style=\"font-weight: 400\">Eduardo Torres<\/span><\/i><\/p>\n<ul style=\"text-align: justify\">\n<li style=\"font-weight: 400\"><span style=\"font-weight: 400\">UPM &#8211; 9,9<\/span><\/li>\n<li style=\"font-weight: 400\"><span style=\"font-weight: 400\">Imperatriz &#8211; 10\u00a0<\/span><\/li>\n<li style=\"font-weight: 400\"><span style=\"font-weight: 400\">Viradouro &#8211; 10<\/span><\/li>\n<li style=\"font-weight: 400\"><span style=\"font-weight: 400\">Mangueira\u00a0 &#8211; 10<\/span><\/li>\n<li style=\"font-weight: 400\"><span style=\"font-weight: 400\">U. da Tijuca &#8211; 9,9<\/span><\/li>\n<li style=\"font-weight: 400\"><span style=\"font-weight: 400\">Beija-Flor &#8211; 10<\/span><\/li>\n<li style=\"font-weight: 400\"><span style=\"font-weight: 400\">Salgueiro &#8211; 10<\/span><\/li>\n<li style=\"font-weight: 400\"><span style=\"font-weight: 400\">Vila Isabel &#8211; 9,8<\/span><\/li>\n<li style=\"font-weight: 400\"><span style=\"font-weight: 400\">Mocidade &#8211; 10<\/span><\/li>\n<li style=\"font-weight: 400\"><span style=\"font-weight: 400\">Tuiuti &#8211; 10<\/span><\/li>\n<li style=\"font-weight: 400\"><span style=\"font-weight: 400\">Grande Rio &#8211; 10<\/span><\/li>\n<li style=\"font-weight: 400\"><span style=\"font-weight: 400\">Portela &#8211; 10<\/span><\/li>\n<\/ul>\n<p style=\"text-align: justify\"><span style=\"font-weight: 400\">Eduardo \u00e9 o \u00faltimo dos sete julgadores estreantes a serem analisados nesta Justificando, tamb\u00e9m com apenas 3 justificativas escritas.<\/span><\/p>\n<p style=\"text-align: justify\"><span style=\"font-weight: 400\">Para a UPM foi notado o \u00f3bvio: a indument\u00e1ria da Jessica estava pesada demais, deixando os giros mais lentos e impactando o desempenho da dan\u00e7a do casal.<\/span><\/p>\n<p style=\"text-align: justify\"><span style=\"font-weight: 400\">Na Tijuca ele pontuou que as finaliza\u00e7\u00f5es e a quantidade de piruetas do mestre-sala tiraram a eleg\u00e2ncia, leveza e gra\u00e7a necess\u00e1rias \u00e0 dan\u00e7a do mesmo.<\/span><\/p>\n<p style=\"text-align: justify\"><span style=\"font-weight: 400\">Por fim, na Vila Isabel ele justificou que o pavilh\u00e3o enrolou e \u201ca apresenta\u00e7\u00e3o breve do pavilh\u00e3o de costas (marca coreografada) afetou visualmente a apresenta\u00e7\u00e3o do casal\u201d.<\/span><\/p>\n<p style=\"text-align: justify\"><span style=\"font-weight: 400\">Quanto \u00e0 enrolada de bandeira, no \u00fanico v\u00eddeo dispon\u00edvel do casal da Vila Isabel, que \u00e9 a apresenta\u00e7\u00e3o para o m\u00f3dulo 2, \u00e9 not\u00e1vel que a bandeira estava pesada e r\u00edgida al\u00e9m do normal, fazendo com que a mesma n\u00e3o seguisse naturalmente os movimentos da Cris Caldas. Em dois momentos no setor 6 ela quase enrola a bandeira nesses movimentos anti-naturais que a bandeira d\u00e1, mas consegue salvar. Pelo visto, infelizmente o mesmo acabou n\u00e3o sendo poss\u00edvel nesse m\u00f3dulo 3.<\/span><\/p>\n<p style=\"text-align: justify\"><span style=\"font-weight: 400\">Agora, eu realmente tor\u00e7o para que o julgador tenha escolhido mal as palavras e tirado ponto por uma pegada brusca, igual ao m\u00f3dulo 1. Porque, do jeito que a justificativa est\u00e1 escrita, ele tirou o d\u00e9cimo simplesmente porque o casal da Vila resolveu respeitar o p\u00fablico do setor contr\u00e1rio ao m\u00f3dulo e apresentar o pavilh\u00e3o de costas para o julgador. Ou seja, parece ser uma inacredit\u00e1vel arrog\u00e2ncia do julgador exigindo que o casal s\u00f3 possa apresentar o pavilh\u00e3o para vossa excel\u00eancia o julgador.<\/span><\/p>\n<p style=\"text-align: justify\"><b>M\u00f3dulo 4<\/b><\/p>\n<p style=\"text-align: justify\"><span style=\"font-weight: 400\">Julgador: <\/span><i><span style=\"font-weight: 400\">Fernando Bersot<\/span><\/i><\/p>\n<ul style=\"text-align: justify\">\n<li style=\"font-weight: 400\"><span style=\"font-weight: 400\">UPM &#8211; 10<\/span><\/li>\n<li style=\"font-weight: 400\"><span style=\"font-weight: 400\">Imperatriz &#8211; 10\u00a0<\/span><\/li>\n<li style=\"font-weight: 400\"><span style=\"font-weight: 400\">Viradouro &#8211; 10<\/span><\/li>\n<li style=\"font-weight: 400\"><span style=\"font-weight: 400\">Mangueira\u00a0 &#8211; 10<\/span><\/li>\n<li style=\"font-weight: 400\"><span style=\"font-weight: 400\">U. da Tijuca &#8211; 10<\/span><\/li>\n<li style=\"font-weight: 400\"><span style=\"font-weight: 400\">Beija-Flor &#8211; 9,9<\/span><\/li>\n<li style=\"font-weight: 400\"><span style=\"font-weight: 400\">Salgueiro &#8211; 10<\/span><\/li>\n<li style=\"font-weight: 400\"><span style=\"font-weight: 400\">Vila Isabel &#8211; 9,9<\/span><\/li>\n<li style=\"font-weight: 400\"><span style=\"font-weight: 400\">Mocidade &#8211; 10<\/span><\/li>\n<li style=\"font-weight: 400\"><span style=\"font-weight: 400\">Tuiuti &#8211; 10<\/span><\/li>\n<li style=\"font-weight: 400\"><span style=\"font-weight: 400\">Grande Rio &#8211; 10\u00a0<\/span><\/li>\n<li style=\"font-weight: 400\"><span style=\"font-weight: 400\">Portela &#8211; 10<\/span><\/li>\n<\/ul>\n<p style=\"text-align: justify\"><span style=\"font-weight: 400\">Bersot conseguiu ser ainda mais econ\u00f4mico que seus colegas e descontou apenas dois d\u00e9cimos, sendo inclusive o \u00fanico 10 da UPM no quesito.\u00a0<\/span><\/p>\n<p style=\"text-align: justify\"><span style=\"font-weight: 400\">O d\u00e9cimo da Vila Isabel foi retirado apenas por indument\u00e1ria porque uma pena azul caiu da roupa da porta-bandeira ao fim da apresenta\u00e7\u00e3o.<\/span><\/p>\n<p style=\"text-align: justify\"><span style=\"font-weight: 400\">Ou seja, o \u00fanico d\u00e9cimo em todo o caderno retirado por dan\u00e7a foi o da Beija-Flor. Segundo o julgador, o Claudinho externava cansa\u00e7o, executando o movimento curto, sem finaliza\u00e7\u00e3o, enquanto a Selminha n\u00e3o conseguiu fazer a troca de olhares com o mestre-sala t\u00edpica da dan\u00e7a do casal de mestre-sala e porta-bandeira.\u00a0<\/span><\/p>\n<p style=\"text-align: justify\"><span style=\"font-weight: 400\">Particularmente, olhando o v\u00eddeo da apresenta\u00e7\u00e3o desse m\u00f3dulo, \u00e9 discut\u00edvel a justificativa sobre a Selminha, mas em rela\u00e7\u00e3o ao Claudinho tive a mesma sensa\u00e7\u00e3o do julgador. Ainda sim, considerando todas as outras notas dez dadas, tenho d\u00favidas se o problema apresentado foi maior do que outros que ocorreram no m\u00f3dulo e, segundo o caderno, foram ignorados pelo julgador.<\/span><\/p>\n<p style=\"text-align: justify\"><span style=\"font-weight: 400\">Recomenda\u00e7\u00f5es para a LIESA em Mestre-Sala e Porta-Bandeira:<\/span><\/p>\n<ul>\n<li style=\"font-weight: 400;text-align: justify\"><span style=\"font-weight: 400\">Debater melhor com os casais a quest\u00e3o da avalia\u00e7\u00e3o das coreografias na dan\u00e7a e quantidade de notas 10 no quesito<\/span><\/li>\n<\/ul>\n","protected":false},"excerpt":{"rendered":"<p>Neste ano, j\u00e1 na apura\u00e7\u00e3o ficou claro que Mestre-Sala &amp; Porta-Bandeira se tornou o novo quesito Bateria. Talvez pelas novas regras de n\u00e3o-compara\u00e7\u00e3o, houve umaTour Details<\/p>\n","protected":false},"author":9,"featured_media":50819,"comment_status":"open","ping_status":"open","sticky":false,"template":"","format":"standard","meta":{"footnotes":""},"categories":[47],"tags":[18,1385,867,1133,1384,1392],"class_list":["post-50794","post","type-post","status-publish","format-standard","has-post-thumbnail","hentry","category-made-in-usa","tag-carnaval","tag-carnaval-2025","tag-julgamento","tag-justificando-o-injustificavel","tag-justificando-o-injustificavel-2025","tag-mestre-sala-e-porta-bandeira"],"_links":{"self":[{"href":"http:\/\/www.pedromigao.com.br\/ourodetolo\/wp-json\/wp\/v2\/posts\/50794","targetHints":{"allow":["GET"]}}],"collection":[{"href":"http:\/\/www.pedromigao.com.br\/ourodetolo\/wp-json\/wp\/v2\/posts"}],"about":[{"href":"http:\/\/www.pedromigao.com.br\/ourodetolo\/wp-json\/wp\/v2\/types\/post"}],"author":[{"embeddable":true,"href":"http:\/\/www.pedromigao.com.br\/ourodetolo\/wp-json\/wp\/v2\/users\/9"}],"replies":[{"embeddable":true,"href":"http:\/\/www.pedromigao.com.br\/ourodetolo\/wp-json\/wp\/v2\/comments?post=50794"}],"version-history":[{"count":5,"href":"http:\/\/www.pedromigao.com.br\/ourodetolo\/wp-json\/wp\/v2\/posts\/50794\/revisions"}],"predecessor-version":[{"id":50821,"href":"http:\/\/www.pedromigao.com.br\/ourodetolo\/wp-json\/wp\/v2\/posts\/50794\/revisions\/50821"}],"wp:featuredmedia":[{"embeddable":true,"href":"http:\/\/www.pedromigao.com.br\/ourodetolo\/wp-json\/wp\/v2\/media\/50819"}],"wp:attachment":[{"href":"http:\/\/www.pedromigao.com.br\/ourodetolo\/wp-json\/wp\/v2\/media?parent=50794"}],"wp:term":[{"taxonomy":"category","embeddable":true,"href":"http:\/\/www.pedromigao.com.br\/ourodetolo\/wp-json\/wp\/v2\/categories?post=50794"},{"taxonomy":"post_tag","embeddable":true,"href":"http:\/\/www.pedromigao.com.br\/ourodetolo\/wp-json\/wp\/v2\/tags?post=50794"}],"curies":[{"name":"wp","href":"https:\/\/api.w.org\/{rel}","templated":true}]}}