{"id":49640,"date":"2019-10-02T09:17:43","date_gmt":"2019-10-02T12:17:43","guid":{"rendered":"http:\/\/www.pedromigao.com.br\/ourodetolo\/?p=49640"},"modified":"2019-10-02T09:17:45","modified_gmt":"2019-10-02T12:17:45","slug":"as-finais-do-grupo-especial-para-2020-video","status":"publish","type":"post","link":"http:\/\/www.pedromigao.com.br\/ourodetolo\/2019\/10\/as-finais-do-grupo-especial-para-2020-video\/","title":{"rendered":"As Finais do Grupo Especial para 2020 (V\u00eddeo)"},"content":{"rendered":"\n<p style=\"text-align: justify;\">Em v\u00eddeo, fa\u00e7o um resumo das finais de sambas restantes no Grupo Especial, comento a grava\u00e7\u00e3o dos sambas da S\u00e9rie A e dou um teaser de v\u00eddeo futuro sobre a rela\u00e7\u00e3o entre a TV Globo e as escolas.<\/p>\n<p style=\"text-align: justify;\">Por um lapso, acabei n\u00e3o falando do Salgueiro, que far\u00e1 sua semifinal dia 5 e a final na outra sexta feira, dia 11. E a Vila Isabel anunciou o samba de Cl\u00e1udio Russo como vencedor ap\u00f3s a grava\u00e7\u00e3o do v\u00eddeo, confirmando os rumores anteriores.<\/p>\n<p><iframe loading=\"lazy\" title=\"As Finais do Grupo Especial para 2020\" width=\"525\" height=\"295\" src=\"https:\/\/www.youtube.com\/embed\/LyJpKscfrp4?feature=oembed\" frameborder=\"0\" allow=\"accelerometer; autoplay; clipboard-write; encrypted-media; gyroscope; picture-in-picture; web-share\" referrerpolicy=\"strict-origin-when-cross-origin\" allowfullscreen><\/iframe><\/p>\n<p style=\"text-align: justify;\">O v\u00eddeo pode ser visto acima.<\/p>\n<p style=\"text-align: justify;\"><strong>Imagem: Ouro de Tolo<\/strong><\/p>\n","protected":false},"excerpt":{"rendered":"<p>Em v\u00eddeo, fa\u00e7o um resumo das finais de sambas restantes no Grupo Especial, comento a grava\u00e7\u00e3o dos sambas da S\u00e9rie A e dou um teaserTour Details<\/p>\n","protected":false},"author":2,"featured_media":33985,"comment_status":"open","ping_status":"open","sticky":false,"template":"","format":"standard","meta":{"footnotes":""},"categories":[289],"tags":[18,1349,12,19],"class_list":["post-49640","post","type-post","status-publish","format-standard","has-post-thumbnail","hentry","category-pedro-migao","tag-carnaval","tag-carnaval-2020","tag-cultura","tag-escolas-de-samba"],"_links":{"self":[{"href":"http:\/\/www.pedromigao.com.br\/ourodetolo\/wp-json\/wp\/v2\/posts\/49640","targetHints":{"allow":["GET"]}}],"collection":[{"href":"http:\/\/www.pedromigao.com.br\/ourodetolo\/wp-json\/wp\/v2\/posts"}],"about":[{"href":"http:\/\/www.pedromigao.com.br\/ourodetolo\/wp-json\/wp\/v2\/types\/post"}],"author":[{"embeddable":true,"href":"http:\/\/www.pedromigao.com.br\/ourodetolo\/wp-json\/wp\/v2\/users\/2"}],"replies":[{"embeddable":true,"href":"http:\/\/www.pedromigao.com.br\/ourodetolo\/wp-json\/wp\/v2\/comments?post=49640"}],"version-history":[{"count":1,"href":"http:\/\/www.pedromigao.com.br\/ourodetolo\/wp-json\/wp\/v2\/posts\/49640\/revisions"}],"predecessor-version":[{"id":49641,"href":"http:\/\/www.pedromigao.com.br\/ourodetolo\/wp-json\/wp\/v2\/posts\/49640\/revisions\/49641"}],"wp:featuredmedia":[{"embeddable":true,"href":"http:\/\/www.pedromigao.com.br\/ourodetolo\/wp-json\/wp\/v2\/media\/33985"}],"wp:attachment":[{"href":"http:\/\/www.pedromigao.com.br\/ourodetolo\/wp-json\/wp\/v2\/media?parent=49640"}],"wp:term":[{"taxonomy":"category","embeddable":true,"href":"http:\/\/www.pedromigao.com.br\/ourodetolo\/wp-json\/wp\/v2\/categories?post=49640"},{"taxonomy":"post_tag","embeddable":true,"href":"http:\/\/www.pedromigao.com.br\/ourodetolo\/wp-json\/wp\/v2\/tags?post=49640"}],"curies":[{"name":"wp","href":"https:\/\/api.w.org\/{rel}","templated":true}]}}