{"id":49497,"date":"2019-07-30T12:15:27","date_gmt":"2019-07-30T15:15:27","guid":{"rendered":"http:\/\/www.pedromigao.com.br\/ourodetolo\/?p=49497"},"modified":"2019-07-30T12:18:49","modified_gmt":"2019-07-30T15:18:49","slug":"botando-a-cara-no-sol","status":"publish","type":"post","link":"http:\/\/www.pedromigao.com.br\/ourodetolo\/2019\/07\/botando-a-cara-no-sol\/","title":{"rendered":"Botando a Cara no Sol"},"content":{"rendered":"\n<p style=\"text-align: justify;\">Em um ano (como o atual e o vindouro) onde o n\u00famero de escolas de samba ultrapassa o de doze agremia\u00e7\u00f5es, h\u00e1 sempre muita discuss\u00e3o entre os sambistas. Haja vista que algumas escolas desfilar\u00e3o pela manh\u00e3, ou ainda, ao amanhecer.<\/p>\n<p style=\"text-align: justify;\">Os mais saudosistas, nost\u00e1lgicos do tempo em que trocentas escolas passavam pela Sapuca\u00ed no domingo e na segunda, possuem prefer\u00eancia pela manuten\u00e7\u00e3o do cortejo sob sol. Outros, por defenderem o n\u00famero de 14 agremia\u00e7\u00f5es no Grupo Especial, tamb\u00e9m gostam dos desfiles pela manh\u00e3.<\/p>\n<p style=\"text-align: justify;\"><a href=\"http:\/\/www.pedromigao.com.br\/ourodetolo\/wp-content\/uploads\/2017\/03\/20170305_053101.jpg\"><img loading=\"lazy\" decoding=\"async\" class=\"aligncenter wp-image-45516\" src=\"http:\/\/www.pedromigao.com.br\/ourodetolo\/wp-content\/uploads\/2017\/03\/20170305_053101-453x340.jpg\" alt=\"\" width=\"700\" height=\"525\" srcset=\"http:\/\/www.pedromigao.com.br\/ourodetolo\/wp-content\/uploads\/2017\/03\/20170305_053101-453x340.jpg 453w, http:\/\/www.pedromigao.com.br\/ourodetolo\/wp-content\/uploads\/2017\/03\/20170305_053101-300x225.jpg 300w, http:\/\/www.pedromigao.com.br\/ourodetolo\/wp-content\/uploads\/2017\/03\/20170305_053101-768x576.jpg 768w\" sizes=\"auto, (max-width: 700px) 100vw, 700px\" \/><\/a>Ao passo que os detratores desta ideia alegam \u2013 n\u00e3o sem alguma raz\u00e3o \u2013 de que as escolas que desfilam ao amanhecer n\u00e3o disputam em igualdade de condi\u00e7\u00f5es com as que fazem o seu cortejo \u00e0 noite.<\/p>\n<p style=\"text-align: justify;\">Sem d\u00favida, s\u00e3o desfiles diferentes. N\u00e3o abordaremos aqui defesas de um lado ou de outro, e n\u00e3o \u00e9 a minha inten\u00e7\u00e3o discutir o sexo dos anjos. Tamb\u00e9m, n\u00e3o intenciona este texto fazer a linha \u201creceita de bolo\u201d e apontar o que \u00e9 certo e errado numa ou noutra condi\u00e7\u00e3o.<\/p>\n<p style=\"text-align: justify;\">Visa, por\u00e9m, verter o olhar e pesar alguns elementos que devem ser considerados pelo carnavalesco e por sua equipe, ao conceituar plasticamente o desfile, quando, sabidamente, sua escola ter\u00e1 de p\u00f4r a cara no Sol.<\/p>\n<p style=\"text-align: justify;\"><a href=\"http:\/\/www.pedromigao.com.br\/ourodetolo\/wp-content\/uploads\/2019\/07\/20170228_044119.jpg\"><img loading=\"lazy\" decoding=\"async\" class=\"aligncenter wp-image-49499\" src=\"http:\/\/www.pedromigao.com.br\/ourodetolo\/wp-content\/uploads\/2019\/07\/20170228_044119-453x340.jpg\" alt=\"\" width=\"700\" height=\"525\" srcset=\"http:\/\/www.pedromigao.com.br\/ourodetolo\/wp-content\/uploads\/2019\/07\/20170228_044119-453x340.jpg 453w, http:\/\/www.pedromigao.com.br\/ourodetolo\/wp-content\/uploads\/2019\/07\/20170228_044119-300x225.jpg 300w, http:\/\/www.pedromigao.com.br\/ourodetolo\/wp-content\/uploads\/2019\/07\/20170228_044119-768x576.jpg 768w\" sizes=\"auto, (max-width: 700px) 100vw, 700px\" \/><\/a>Antes de entrarmos efetivamente em algumas quest\u00f5es t\u00e9cnicas, \u00e9 importante lembrar que a maior parte das as escolas de samba lan\u00e7a m\u00e3o de sistemas de ilumina\u00e7\u00e3o em suas alegorias, conferindo um brilho a mais ou conferindo, atrav\u00e9s das luzes um conceito est\u00e9tico espec\u00edfico \u2013 tal como acontece nos espet\u00e1culos teatrais.<\/p>\n<p style=\"text-align: justify;\">Todavia, al\u00e9m desta ilumina\u00e7\u00e3o, h\u00e1 a luz padr\u00e3o da Sapuca\u00ed, excessivamente branca e fort\u00edssima &#8211; o que pode promover um efeito chapado nas alegorias e fantasias. Esse efeito pode mudar a percep\u00e7\u00e3o da cor proposta pelo carnavalesco, da\u00ed a import\u00e2ncia da ilumina\u00e7\u00e3o art\u00edstica, elemento que auxilia a compor a experi\u00eancia visual tanto do espectador como do brincante.<\/p>\n<p style=\"text-align: justify;\">Al\u00e9m destas luzes, todas artificiais, as escolas que desfilam pela manh\u00e3 sofrem com os efeitos da ilumina\u00e7\u00e3o natural, o que pode modificar toda a leitura art\u00edstica das alegorias. Alguns desfiles planejados para a noite, como o da Mocidade em 1996, acabaram acontecendo pela manh\u00e3 devido a um atraso de tr\u00eas horas oriundo de problemas na Avenida.<\/p>\n<p style=\"text-align: justify;\"><a href=\"http:\/\/www.pedromigao.com.br\/ourodetolo\/wp-content\/uploads\/2017\/03\/20170305_055803.jpg\"><img loading=\"lazy\" decoding=\"async\" class=\"aligncenter wp-image-45513\" src=\"http:\/\/www.pedromigao.com.br\/ourodetolo\/wp-content\/uploads\/2017\/03\/20170305_055803-453x340.jpg\" alt=\"\" width=\"700\" height=\"525\" srcset=\"http:\/\/www.pedromigao.com.br\/ourodetolo\/wp-content\/uploads\/2017\/03\/20170305_055803-453x340.jpg 453w, http:\/\/www.pedromigao.com.br\/ourodetolo\/wp-content\/uploads\/2017\/03\/20170305_055803-300x225.jpg 300w, http:\/\/www.pedromigao.com.br\/ourodetolo\/wp-content\/uploads\/2017\/03\/20170305_055803-768x576.jpg 768w\" sizes=\"auto, (max-width: 700px) 100vw, 700px\" \/><\/a>A ilumina\u00e7\u00e3o especial dos carros acabou \u201cdesaparecendo\u201d sob a luz do dia. Os efeitos desejados pelo carnavalesco de ent\u00e3o, Renato Lage, acabaram sendo exibidos apenas no Desfile das Campe\u00e3s, quando a escola de Padre Miguel desfilou sob o luar. (<a href=\"http:\/\/www.pedromigao.com.br\/ourodetolo\/2016\/01\/1996-mocidade-explode-a-bomba-e-detona-carolina-josefa-leopoldina\/\" target=\"_blank\" rel=\"noopener noreferrer\">Mig\u00e3o\/Fred abordam esse evento na S\u00e9rie Samb\u00f3dromo em 30 Atos<\/a>)<\/p>\n<p style=\"text-align: justify;\">Ou seja, cabe ao profissional pl\u00e1stico, junto ao iluminador, pensar de antem\u00e3o quais s\u00e3o as melhores sa\u00eddas para iluminar artisticamente as alegorias quando o desfile acontecer\u00e1 de dia. Pois alguns efeitos de ilumina\u00e7\u00e3o esmaecem de manh\u00e3 e n\u00e3o t\u00eam o mesmo efeito quando feitos \u00e0 noite.<\/p>\n<p style=\"text-align: justify;\">N\u00e9on e led, por exemplo, por serem de ilumina\u00e7\u00e3o fria, adequam-se satisfatoriamente para apresenta\u00e7\u00f5es matutinas, embora sejam potencialmente melhores em noturnas.<\/p>\n<p style=\"text-align: justify;\"><a href=\"http:\/\/www.pedromigao.com.br\/ourodetolo\/wp-content\/uploads\/2017\/03\/20170305_053506.jpg\"><img loading=\"lazy\" decoding=\"async\" class=\"aligncenter wp-image-45510\" src=\"http:\/\/www.pedromigao.com.br\/ourodetolo\/wp-content\/uploads\/2017\/03\/20170305_053506-453x340.jpg\" alt=\"\" width=\"700\" height=\"525\" srcset=\"http:\/\/www.pedromigao.com.br\/ourodetolo\/wp-content\/uploads\/2017\/03\/20170305_053506-453x340.jpg 453w, http:\/\/www.pedromigao.com.br\/ourodetolo\/wp-content\/uploads\/2017\/03\/20170305_053506-300x225.jpg 300w, http:\/\/www.pedromigao.com.br\/ourodetolo\/wp-content\/uploads\/2017\/03\/20170305_053506-768x576.jpg 768w\" sizes=\"auto, (max-width: 700px) 100vw, 700px\" \/><\/a>Al\u00e9m das luzes, outro elemento que faz diferen\u00e7a \u00e9 a escolha da paleta de cores. Tons terrosos ou opacos n\u00e3o s\u00e3o uma boa escolha para desfiles realizados pela manh\u00e3 \u2013 esta, por exemplo, foi uma das ressalvas feitas pela cr\u00edtica especializada \u00e0 Unidos da Tijuca no desfile de 2019.<\/p>\n<p style=\"text-align: justify;\">Ali\u00e1s, a pr\u00f3pria Tijuca para fazer ressaltar o laranja nas alegorias combinou-o com tons past\u00e9is, o que fazia a cor explodir em destaque. Pasteis, sozinhos, funcionam melhor em desfiles \u00e0 noite, pois esmaecem \u00e0 luz natural.\u00a0<\/p>\n<p style=\"text-align: justify;\">A escolha de cores quentes e\/ou c\u00edtricas tamb\u00e9m pode contar a favor da escola que vai desfilar pela manh\u00e3. Outro refor\u00e7o tanto para alegorias como para fantasias \u00e9 a op\u00e7\u00e3o por metalizados, j\u00e1 que o recurso da ilumina\u00e7\u00e3o art\u00edstica n\u00e3o \u00e9 t\u00e3o forte \u00e0 luz natural.<\/p>\n<p style=\"text-align: justify;\"><a href=\"http:\/\/www.pedromigao.com.br\/ourodetolo\/wp-content\/uploads\/2017\/03\/20170305_055353.jpg\"><img loading=\"lazy\" decoding=\"async\" class=\"aligncenter wp-image-45507\" src=\"http:\/\/www.pedromigao.com.br\/ourodetolo\/wp-content\/uploads\/2017\/03\/20170305_055353-453x340.jpg\" alt=\"\" width=\"700\" height=\"525\" srcset=\"http:\/\/www.pedromigao.com.br\/ourodetolo\/wp-content\/uploads\/2017\/03\/20170305_055353-453x340.jpg 453w, http:\/\/www.pedromigao.com.br\/ourodetolo\/wp-content\/uploads\/2017\/03\/20170305_055353-300x225.jpg 300w, http:\/\/www.pedromigao.com.br\/ourodetolo\/wp-content\/uploads\/2017\/03\/20170305_055353-768x576.jpg 768w\" sizes=\"auto, (max-width: 700px) 100vw, 700px\" \/><\/a>A incid\u00eancia do sol sobre alegorias e fantasias cujas cores \u2013 mesmo variadas \u2013 tendem ao metalizado pode render uma experi\u00eancia interessante. Contanto, \u00e9 necess\u00e1rio que o profissional tenha o bom senso na dosagem desse efeito para que n\u00e3o se torne um espet\u00e1culo cansativo.<\/p>\n<p style=\"text-align: justify;\">Quanto ao uso das cores branca e preta, h\u00e1 sempre um risco: nos desfiles noturnos, onde contamos apenas com a ilumina\u00e7\u00e3o da avenida, o preto pode parecer roxo e o branco pode ficar apagado. Ao passo que em desfiles diurnos, o tom alabastrino pode imprimir lirismo e poesia.<\/p>\n<p style=\"text-align: justify;\">Ali\u00e1s, deve haver, tamb\u00e9m, nas escolas que desfilam ao amanhecer, a necessidade de um maior rigor ao acabamento, pois que a luz natural torna mais latente as poss\u00edveis falhas de esmero.<\/p>\n<p style=\"text-align: justify;\">No tocante aos brilhos, enquanto escrevia este artigo, lembrei de dois desfiles, ambos acontecidos de manh\u00e3, onde os carnavalescos lan\u00e7aram m\u00e3o de um bonito efeito com apar\u00eancia hologr\u00e1fica, atrav\u00e9s do uso de lantejoulas afixadas individualmente, que, sob a luz natural, conferiram composi\u00e7\u00e3o de grande beleza.<\/p>\n<p style=\"text-align: justify;\"><a href=\"http:\/\/www.pedromigao.com.br\/ourodetolo\/wp-content\/uploads\/2019\/07\/20170305_053236.jpg\"><img loading=\"lazy\" decoding=\"async\" class=\"aligncenter wp-image-49500\" src=\"http:\/\/www.pedromigao.com.br\/ourodetolo\/wp-content\/uploads\/2019\/07\/20170305_053236-453x340.jpg\" alt=\"\" width=\"700\" height=\"525\" srcset=\"http:\/\/www.pedromigao.com.br\/ourodetolo\/wp-content\/uploads\/2019\/07\/20170305_053236-453x340.jpg 453w, http:\/\/www.pedromigao.com.br\/ourodetolo\/wp-content\/uploads\/2019\/07\/20170305_053236-300x225.jpg 300w, http:\/\/www.pedromigao.com.br\/ourodetolo\/wp-content\/uploads\/2019\/07\/20170305_053236-768x576.jpg 768w\" sizes=\"auto, (max-width: 700px) 100vw, 700px\" \/><\/a>No Carro Abre-Alas da Caprichosos de Pilares em 1985 a palavra \u201cSaudade\u201d foi escrita lan\u00e7ando m\u00e3o desta t\u00e9cnica, das lantejoulas, e na primeira alegoria da Mocidade em 1987, havia um bonito painel onde era poss\u00edvel ler \u201cCasas da On\u00e7a\u201d. Fernando Pinto lan\u00e7ou m\u00e3o da mesma t\u00e9cnica e do mesmo material.<\/p>\n<p style=\"text-align: justify;\">Creio que, por conta de haver uma recorr\u00eancia entre os carnavalescos em usar, nos enredos de tem\u00e1tica africana e ind\u00edgena, os tons terrosos a r\u00e1fia crua e outros materiais mais opacos, um grande desafio em como reconceituar os desfiles diurnos que abordam estes temas.<\/p>\n<p style=\"text-align: justify;\">Importante lembrar que em algumas escolas, como a Acad\u00eamicos da Rocinha, o desfile aconteceu parcialmente sob a luz&#8230; da tarde. No ano em que esta agremia\u00e7\u00e3o debutou no Grupo Especial, 1997, eram 16 escolas a passar pela Passarela Professor Darcy Ribeiro, e parte do desfile da escola de S\u00e3o Conrado aconteceu ao entardecer. Outra a pegar uma ilumina\u00e7\u00e3o h\u00edbrida foi a Viradouro, em 2009, cujo desfile iniciou \u00e0 noite e terminou enquanto amanhecia.<\/p>\n<p style=\"text-align: justify;\">Dentre as minhas apostas, diria que o desfile da Est\u00e1cio de S\u00e1 para 2019 teria o mesmo sucesso caso houvesse acontecido sob dia claro. E, pelas bandas de Madureira, j\u00e1 que a Portela possivelmente ser\u00e1 a \u00fanica a desfilar sob o sol da manh\u00e3 em 2020, creio que o Casal Lage apostar\u00e1 em varia\u00e7\u00f5es de azul. Afinal, sabem os professores do apego que o portelense tem \u00e0 cor de seu pavilh\u00e3o.<\/p>\n<p style=\"text-align: justify;\">Espero que voc\u00ea, leitor amigo, tenha gostado do artigo de estreia desta coluna. Nos veremos em breve.\u00a0 \u00a0 \u00a0 \u00a0 \u00a0 \u00a0 \u00a0 \u00a0 \u00a0 \u00a0 \u00a0 \u00a0 \u00a0 \u00a0<\/p>\n<p style=\"text-align: justify;\">***<\/p>\n<p style=\"text-align: justify;\"><em><a href=\"http:\/\/www.pedromigao.com.br\/ourodetolo\/wp-content\/uploads\/2019\/07\/20190302_021104.jpg\"><img loading=\"lazy\" decoding=\"async\" class=\"aligncenter wp-image-49501\" src=\"http:\/\/www.pedromigao.com.br\/ourodetolo\/wp-content\/uploads\/2019\/07\/20190302_021104-453x340.jpg\" alt=\"\" width=\"700\" height=\"525\" srcset=\"http:\/\/www.pedromigao.com.br\/ourodetolo\/wp-content\/uploads\/2019\/07\/20190302_021104-453x340.jpg 453w, http:\/\/www.pedromigao.com.br\/ourodetolo\/wp-content\/uploads\/2019\/07\/20190302_021104-300x225.jpg 300w, http:\/\/www.pedromigao.com.br\/ourodetolo\/wp-content\/uploads\/2019\/07\/20190302_021104-768x576.jpg 768w\" sizes=\"auto, (max-width: 700px) 100vw, 700px\" \/><\/a>Agradecimento: Wagner Gon\u00e7alves<\/em><\/p>\n<p style=\"text-align: justify;\"><em>Dedico o presente texto \u00e0 mem\u00f3ria de D. Ruth de Souza, enredo da Acad\u00eamicos de Santa Cruz no \u00faltimo carnaval e que teve a vida revisitada belamente pelo Professor Cah\u00ea Rodrigues na Avenida Marqu\u00eas de Sapuca\u00ed neste ano, 2019. Hoje, ela \u00e9 a Estrela que brilha por n\u00f3s. <\/em><\/p>\n<p style=\"text-align: justify;\"><em>{N.do.E. o ator, artista pl\u00e1stico e carnavalesco Vitor Antunes assinar\u00e1 uma coluna quinzenal neste espa\u00e7o, abordando aspectos pl\u00e1sticos dos desfiles.PM]<\/em><\/p>\n<p><strong>Imagens: Ouro de Tolo<\/strong><\/p>\n","protected":false},"excerpt":{"rendered":"<p>Em um ano (como o atual e o vindouro) onde o n\u00famero de escolas de samba ultrapassa o de doze agremia\u00e7\u00f5es, h\u00e1 sempre muita discuss\u00e3oTour Details<\/p>\n","protected":false},"author":53,"featured_media":45514,"comment_status":"open","ping_status":"open","sticky":false,"template":"","format":"standard","meta":{"footnotes":""},"categories":[1357],"tags":[18,1349,12,19],"class_list":["post-49497","post","type-post","status-publish","format-standard","has-post-thumbnail","hentry","category-abre-alas","tag-carnaval","tag-carnaval-2020","tag-cultura","tag-escolas-de-samba"],"_links":{"self":[{"href":"http:\/\/www.pedromigao.com.br\/ourodetolo\/wp-json\/wp\/v2\/posts\/49497","targetHints":{"allow":["GET"]}}],"collection":[{"href":"http:\/\/www.pedromigao.com.br\/ourodetolo\/wp-json\/wp\/v2\/posts"}],"about":[{"href":"http:\/\/www.pedromigao.com.br\/ourodetolo\/wp-json\/wp\/v2\/types\/post"}],"author":[{"embeddable":true,"href":"http:\/\/www.pedromigao.com.br\/ourodetolo\/wp-json\/wp\/v2\/users\/53"}],"replies":[{"embeddable":true,"href":"http:\/\/www.pedromigao.com.br\/ourodetolo\/wp-json\/wp\/v2\/comments?post=49497"}],"version-history":[{"count":2,"href":"http:\/\/www.pedromigao.com.br\/ourodetolo\/wp-json\/wp\/v2\/posts\/49497\/revisions"}],"predecessor-version":[{"id":49503,"href":"http:\/\/www.pedromigao.com.br\/ourodetolo\/wp-json\/wp\/v2\/posts\/49497\/revisions\/49503"}],"wp:featuredmedia":[{"embeddable":true,"href":"http:\/\/www.pedromigao.com.br\/ourodetolo\/wp-json\/wp\/v2\/media\/45514"}],"wp:attachment":[{"href":"http:\/\/www.pedromigao.com.br\/ourodetolo\/wp-json\/wp\/v2\/media?parent=49497"}],"wp:term":[{"taxonomy":"category","embeddable":true,"href":"http:\/\/www.pedromigao.com.br\/ourodetolo\/wp-json\/wp\/v2\/categories?post=49497"},{"taxonomy":"post_tag","embeddable":true,"href":"http:\/\/www.pedromigao.com.br\/ourodetolo\/wp-json\/wp\/v2\/tags?post=49497"}],"curies":[{"name":"wp","href":"https:\/\/api.w.org\/{rel}","templated":true}]}}