{"id":49343,"date":"2019-05-10T06:58:51","date_gmt":"2019-05-10T09:58:51","guid":{"rendered":"http:\/\/www.pedromigao.com.br\/ourodetolo\/?p=49343"},"modified":"2019-05-09T21:01:29","modified_gmt":"2019-05-10T00:01:29","slug":"os-ingressos-da-copa-america-i","status":"publish","type":"post","link":"http:\/\/www.pedromigao.com.br\/ourodetolo\/2019\/05\/os-ingressos-da-copa-america-i\/","title":{"rendered":"Os Ingressos da Copa Am\u00e9rica (I)"},"content":{"rendered":"\n<p style=\"text-align: justify;\" data-tadv-p=\"keep\">Entre os meses de junho e julho, o Brasil receber\u00e1 o \u00faltimo dos grandes eventos previstos para esta segunda d\u00e9cada do S\u00e9culo XXI: a Copa Am\u00e9rica de futebol, que deveria ter se realizado em 2015 no Brasil, mas ficou para 2019 ap\u00f3s uma troca com o Chile \u2013 que sediou naquela oportunidade.<\/p>\n<p style=\"text-align: justify;\" data-tadv-p=\"keep\">Obviamente, \u00e9 um momento diferente no pa\u00eds e a pr\u00f3pria crise econ\u00f4mica que o Brasil vive impacta diretamente na atratividade da competi\u00e7\u00e3o ao grande p\u00fablico e, consequentemente, na venda de ingressos.<\/p>\n<p style=\"text-align: justify;\" data-tadv-p=\"keep\">Isto se reflete no processo de venda das entradas, que anda em um ritmo mais lento que o das competi\u00e7\u00f5es anteriores. A ponto de, na \u00faltima quarta-feira, o locutor de Pe\u00f1arol e Flamengo ter feito comercial da venda das entradas durante a transmiss\u00e3o da partida.<\/p>\n<p style=\"text-align: justify;\" data-tadv-p=\"keep\">Ser\u00e3o cinco sedes, com seis est\u00e1dios: S\u00e3o Paulo (Morumbi e Itaquer\u00e3o), Porto Alegre (Arena do Gr\u00eamio), Salvador (Fonte Nova), Belo Horizonte (Mineir\u00e3o) e o Rio de Janeiro (Maracan\u00e3). Ainda que a final seja no Maracan\u00e3, S\u00e3o Paulo \u00e9 a cidade mais importante da competi\u00e7\u00e3o, \u00a0tendo dois est\u00e1dios, recebendo a partida de abertura, ao menos duas partidas do Brasil e ao menos uma da Argentina.<\/p>\n<p style=\"text-align: justify;\" data-tadv-p=\"keep\">Os \u00fanicos jogos com entradas esgotadas no dia de hoje s\u00e3o as partidas do Brasil na primeira fase contra Peru e Venezuela. Argentina e Col\u00f4mbia e a final tem ingressos dispon\u00edveis apenas na categoria 1, a de maior precifica\u00e7\u00e3o. Praticamente todas as demais partidas ainda tem entradas dispon\u00edveis em todas as classes de pre\u00e7o \u2013 uma ou outra est\u00e1 esgotada neste momento na categoria mais barata.<\/p>\n<p style=\"text-align: justify;\" data-tadv-p=\"keep\">Aqui no Rio de Janeiro o Maracan\u00e3 ser\u00e1 a sede, recebendo cinco partidas: tr\u00eas jogos da fase de grupos, uma das quartas de final e a grande final, dia 7 de julho. Mais uma vez, repetindo o comportamento de todas as \u00faltimas competi\u00e7\u00f5es envolvendo a sele\u00e7\u00e3o principal, o Rio de Janeiro somente ver\u00e1 a sele\u00e7\u00e3o brasileira se esta chegar \u00e0 final.<\/p>\n<p style=\"text-align: justify;\" data-tadv-p=\"keep\"><img loading=\"lazy\" decoding=\"async\" class=\"aligncenter\" src=\"http:\/\/www.pedromigao.com.br\/ourodetolo\/wp-content\/uploads\/2016\/05\/20130630_162027.jpg\" alt=\"\" width=\"700\" height=\"525\" \/>Ali\u00e1s, caso o Brasil n\u00e3o chegue \u00e0 grande decis\u00e3o, entre 27 partidas oficiais que a sele\u00e7\u00e3o ter\u00e1 feito em territ\u00f3rio brasileiro entre 2013 e 2019, apenas uma ter\u00e1 sido aqui no Maracan\u00e3: a final da Copa das Confedera\u00e7\u00f5es de 2013 (imagem acima). O Brasil foi o \u00fanico pa\u00eds sede a n\u00e3o jogar no palco principal da competi\u00e7\u00e3o na hist\u00f3ria das Copas do Mundo.<\/p>\n<p style=\"text-align: justify;\" data-tadv-p=\"keep\">Al\u00e9m do Brasil, a Argentina tamb\u00e9m s\u00f3 jogar\u00e1 no Rio de Janeiro se chegar \u00e0 final, e a Col\u00f4mbia, se n\u00e3o for a segunda colocada de sua chave, idem. O \u00fanico cabe\u00e7a de chave a passar por aqui ser\u00e1 o Uruguai, ainda assim na terceira rodada e com risco de chegar j\u00e1 classificado e poupando jogadores. Al\u00e9m disso, o Rio de Janeiro ser\u00e1 a \u00fanica cidade a n\u00e3o receber campe\u00e3o de grupo na partida de quartas de final que sediar\u00e1.<\/p>\n<p style=\"text-align: justify;\" data-tadv-p=\"keep\">Os ingressos est\u00e3o \u00e0 venda no site <a href=\"https:\/\/ingressos.copaamerica.com\/#!\/home\" target=\"_blank\" rel=\"noopener noreferrer\">https:\/\/ingressos.copaamerica.com\/#!\/home<\/a><\/p>\n<p style=\"text-align: justify;\" data-tadv-p=\"keep\">As entradas custam a partir de 60 reais (categoria 5, em p\u00e9 em alguns est\u00e1dios, fase de grupos) a 890 (final, categoria 1). Neste est\u00e1gio de vendas, n\u00e3o h\u00e1 mais a op\u00e7\u00e3o de entrega em domic\u00edlio, como havia na primeira fase de venda de entradas. H\u00e1 parcelamento, mas com juros.<\/p>\n<p style=\"text-align: justify;\" data-tadv-p=\"keep\">Retornarei ao tema em um segundo artigo, mas na data de hoje se anunciaram os pontos de venda e troca de ingressos nas cidades-sede. A expectativa \u00e9 de que estes postos de venda e troca de entradas para quem n\u00e3o solicitou a entrega em domic\u00edlio entrem em opera\u00e7\u00e3o na data de hoje, 10 de maio.<\/p>\n<p style=\"text-align: justify;\" data-tadv-p=\"keep\">Com as competi\u00e7\u00f5es de clubes paradas, \u00e9 uma boa op\u00e7\u00e3o \u00e0queles que desejarem acompanhar uma competi\u00e7\u00e3o de futebol, com diversos destaques atuando por suas respectivas equipes.<\/p>\n<p style=\"text-align: justify;\" data-tadv-p=\"keep\"><img loading=\"lazy\" decoding=\"async\" class=\"aligncenter\" src=\"http:\/\/www.pedromigao.com.br\/ourodetolo\/wp-content\/uploads\/2019\/01\/20181027_185508.jpg\" alt=\"\" width=\"700\" height=\"525\" \/>Por exemplo, o Flamengo, meu time, dever\u00e1 ter convocados nas sele\u00e7\u00f5es paraguaia, colombiana, peruana e uruguaia, o que \u00e9 mais um motivo para n\u00f3s rubro negros adquirirem ingressos \u2013 somente a Col\u00f4mbia n\u00e3o tem passagem garantida pelo Rio de Janeiro.<\/p>\n<p style=\"text-align: justify;\" data-tadv-p=\"keep\"><em>{N.do.A.: com altera\u00e7\u00f5es, esta \u00e9 a minha coluna no site Reda\u00e7\u00e3o Rubro Negra.]<\/em><\/p>\n<p style=\"text-align: justify;\" data-tadv-p=\"keep\"><strong>Imagens: Blog Ouro de Tolo<\/strong><\/p>\n","protected":false},"excerpt":{"rendered":"<p>Entre os meses de junho e julho, o Brasil receber\u00e1 o \u00faltimo dos grandes eventos previstos para esta segunda d\u00e9cada do S\u00e9culo XXI: a CopaTour Details<\/p>\n","protected":false},"author":2,"featured_media":28587,"comment_status":"open","ping_status":"open","sticky":false,"template":"","format":"standard","meta":{"footnotes":""},"categories":[289],"tags":[953,42,37,1353],"class_list":["post-49343","post","type-post","status-publish","format-standard","has-post-thumbnail","hentry","category-pedro-migao","tag-copa-america","tag-flamengo","tag-futebol","tag-redacao-rubro-negra"],"_links":{"self":[{"href":"http:\/\/www.pedromigao.com.br\/ourodetolo\/wp-json\/wp\/v2\/posts\/49343","targetHints":{"allow":["GET"]}}],"collection":[{"href":"http:\/\/www.pedromigao.com.br\/ourodetolo\/wp-json\/wp\/v2\/posts"}],"about":[{"href":"http:\/\/www.pedromigao.com.br\/ourodetolo\/wp-json\/wp\/v2\/types\/post"}],"author":[{"embeddable":true,"href":"http:\/\/www.pedromigao.com.br\/ourodetolo\/wp-json\/wp\/v2\/users\/2"}],"replies":[{"embeddable":true,"href":"http:\/\/www.pedromigao.com.br\/ourodetolo\/wp-json\/wp\/v2\/comments?post=49343"}],"version-history":[{"count":1,"href":"http:\/\/www.pedromigao.com.br\/ourodetolo\/wp-json\/wp\/v2\/posts\/49343\/revisions"}],"predecessor-version":[{"id":49344,"href":"http:\/\/www.pedromigao.com.br\/ourodetolo\/wp-json\/wp\/v2\/posts\/49343\/revisions\/49344"}],"wp:featuredmedia":[{"embeddable":true,"href":"http:\/\/www.pedromigao.com.br\/ourodetolo\/wp-json\/wp\/v2\/media\/28587"}],"wp:attachment":[{"href":"http:\/\/www.pedromigao.com.br\/ourodetolo\/wp-json\/wp\/v2\/media?parent=49343"}],"wp:term":[{"taxonomy":"category","embeddable":true,"href":"http:\/\/www.pedromigao.com.br\/ourodetolo\/wp-json\/wp\/v2\/categories?post=49343"},{"taxonomy":"post_tag","embeddable":true,"href":"http:\/\/www.pedromigao.com.br\/ourodetolo\/wp-json\/wp\/v2\/tags?post=49343"}],"curies":[{"name":"wp","href":"https:\/\/api.w.org\/{rel}","templated":true}]}}