{"id":49329,"date":"2019-05-06T09:47:08","date_gmt":"2019-05-06T12:47:08","guid":{"rendered":"http:\/\/www.pedromigao.com.br\/ourodetolo\/?p=49329"},"modified":"2019-05-09T15:53:57","modified_gmt":"2019-05-09T18:53:57","slug":"o-vazio-que-so-aumenta","status":"publish","type":"post","link":"http:\/\/www.pedromigao.com.br\/ourodetolo\/2019\/05\/o-vazio-que-so-aumenta\/","title":{"rendered":"O vazio que s\u00f3 aumenta"},"content":{"rendered":"\n<p style=\"text-align: justify;\">Essa semana foi de perdas e tamb\u00e9m de lembran\u00e7a de perdas.<\/p>\n<p style=\"text-align: justify;\">Lembran\u00e7a dos 25 anos sem Ayrton Senna. Um quarto de s\u00e9culo da perda, perda que machuca o Brasil at\u00e9 hoje, perda de algu\u00e9m que quem tem menos de 30 anos n\u00e3o lembra de ver correndo, mas mesmo que tenha tanto tempo deixou uma lacuna. Nunca mais o Brasil foi o mesmo na F1 depois dessa perda, nunca mais o Brasil teve um \u00eddolo de seu tamanho.<\/p>\n<p style=\"text-align: justify;\">Perdas na semana. Na ter\u00e7a perdemos a madrinha do samba, Beth Carvalho, na madrugada em que escrevo essa coluna \u00e9 confirmada a morte do teatr\u00f3logo Antunes Filho.<\/p>\n<p style=\"text-align: justify;\">Perdas sentidas.<\/p>\n<p style=\"text-align: justify;\">Dizem que ningu\u00e9m \u00e9 insubstitu\u00edvel. assim como existe outro grupo que diz que nunca mais existir\u00e1 algu\u00e9m como &#8220;fulano&#8221; ou &#8220;sicrano&#8221; quando a pessoa se aposenta ou morre. Na verdade os dois lados est\u00e3o certos. Realmente na teoria ningu\u00e9m \u00e9 insubstitu\u00edvel, desde que o mundo \u00e9 mundo pessoas morrem, pessoas geniais morrem, e o mundo continua de p\u00e9 produzindo.<\/p>\n<p style=\"text-align: justify;\">Mas especialmente no Brasil vejo nos \u00faltimos tempos que \u00e9 cada vez mais comum lamentarmos a perda de algu\u00e9m sabendo que nunca mais existir\u00e1 algu\u00e9m como essa pessoa. A morte de um \u00eddolo, de uma refer\u00eancia por si s\u00f3 j\u00e1 d\u00f3i, mas piora ao ver que vivemos um tempo onde cada vez mais lacunas ficam abertas, um momento que educa\u00e7\u00e3o e cultura parecem ser as grandes vil\u00e3s do pa\u00eds.<\/p>\n<p style=\"text-align: justify;\">Alguns anos atr\u00e1s, quando na mesma semana morreram Ariano Suassuna e Jo\u00e3o Ubaldo Ribeiro, escrevi para esse blog sobre a falta que esses personagens fariam e a falta de substitutos. Senna n\u00e3o tem substitutos, vide que o &#8220;maior \u00eddolo&#8221; brasileiro nos esportes hoje \u00e9 Neymar. Um craca\u00e7o de bola, mas que cada vez mais se mostra um sujeito mimado, cabe\u00e7a fraca e distante dos objetivos que tra\u00e7ou para a vida.<\/p>\n<p style=\"text-align: justify;\">Beth Carvalho n\u00e3o tem substituto. Sim, o samba \u00e9 uma de nossas express\u00f5es culturais que mais mostram novos talentos, mais pessoas surgem, mas nada nem parecido. Ainda mais que vivemos um agravante musical no pa\u00eds onde os ritmos se parecem. Hoje ouvimos samba, forr\u00f3, sertanejo e muitas vezes n\u00e3o sabemos diferenciar os ritmos.<\/p>\n<p style=\"text-align: justify;\">Antunes Filho n\u00e3o tem substitutos. N\u00e3o temos nenhum grande diretor ou autor teatral surgindo. N\u00e3o temos nenhum grande escritor.<\/p>\n<p style=\"text-align: justify;\">\u00c9..\u00c9 isso, n\u00e3o temos nenhum grande dramaturgo, escritor, poeta, diretor, cineasta, compositor, soci\u00f3logo, fil\u00f3sofo (Ainda \u00e9 permitida a profiss\u00e3o aqui?), temos nada surgindo. N\u00e3o temos uma grande banda de rock, um grande cantor de MPB, nada. As nossas refer\u00eancias est\u00e3o morrendo ou se aproximando dos 80 anos como Chico, Caetano, Gil, Roberto Carlos, Ney..Ano passado falaram que o Chico Buarque da nova gera\u00e7\u00e3o \u00e9 o pr\u00f3prio Chico e \u00e9 verdade.<\/p>\n<p style=\"text-align: justify;\">Chico Anysio morreu, J\u00f4 Soares e Renato Arag\u00e3o passaram dos 80 e tem nada parecido com eles surgindo. Os humoristas hoje se dividem entre aqueles oriundos da internet e de stand up que conseguem esbo\u00e7ar sorrisos apenas dos jovens com piadas escatol\u00f3gicas e muitas vezes preconceituosas e aqueles que s\u00e3o o contr\u00e1rio, que querem &#8220;lacrar&#8221; antes de qualquer coisa e se tornaram chatos de t\u00e3o politicamente corretos. Humorista hoje quer marcar posi\u00e7\u00e3o, seja de qual lado for, n\u00e3o fazer rir.<\/p>\n<p style=\"text-align: justify;\">O problema \u00e9 que o jovem hoje n\u00e3o quer se especializar em nenhuma daquelas artes que eu disse acima, o sonho do jovem \u00e9 ser youtuber ou influenciador digital. Ningu\u00e9m mais quer ser refer\u00eancia por seu trabalho e sim pelo que \u00e9, ou finge ser porque no mundo da internet todos s\u00e3o perfeitos e postam fotos em praia com hastag gratid\u00e3o.<\/p>\n<p style=\"text-align: justify;\">Existe uma pregui\u00e7a de produzir hoje em dia e isso faz com que a gente lamente ainda mais mortes como da Beth. A gente perde uma grande artista, uma refer\u00eancia e recebe uma lacuna.<\/p>\n<p style=\"text-align: justify;\">E na andan\u00e7a da vida a gente se perde pelo caminho.<\/p>\n<p style=\"text-align: justify;\">O vazio s\u00f3 aumenta.<\/p>\n<p style=\"text-align: justify;\">Twitter &#8211; @aloisiovillar<\/p>\n<p style=\"text-align: justify;\">Facebook &#8211; Aloisio Villar<\/p>\n<p style=\"text-align: justify;\">Instagram &#8211; @aloisiovillar<\/p>\n","protected":false},"excerpt":{"rendered":"<p>Essa semana foi de perdas e tamb\u00e9m de lembran\u00e7a de perdas. Lembran\u00e7a dos 25 anos sem Ayrton Senna. Um quarto de s\u00e9culo da perda, perdaTour Details<\/p>\n","protected":false},"author":8,"featured_media":49330,"comment_status":"open","ping_status":"open","sticky":false,"template":"","format":"standard","meta":{"footnotes":""},"categories":[8],"tags":[1352,12],"class_list":["post-49329","post","type-post","status-publish","format-standard","has-post-thumbnail","hentry","category-orun-aye","tag-beth-carvalho","tag-cultura"],"_links":{"self":[{"href":"http:\/\/www.pedromigao.com.br\/ourodetolo\/wp-json\/wp\/v2\/posts\/49329","targetHints":{"allow":["GET"]}}],"collection":[{"href":"http:\/\/www.pedromigao.com.br\/ourodetolo\/wp-json\/wp\/v2\/posts"}],"about":[{"href":"http:\/\/www.pedromigao.com.br\/ourodetolo\/wp-json\/wp\/v2\/types\/post"}],"author":[{"embeddable":true,"href":"http:\/\/www.pedromigao.com.br\/ourodetolo\/wp-json\/wp\/v2\/users\/8"}],"replies":[{"embeddable":true,"href":"http:\/\/www.pedromigao.com.br\/ourodetolo\/wp-json\/wp\/v2\/comments?post=49329"}],"version-history":[{"count":1,"href":"http:\/\/www.pedromigao.com.br\/ourodetolo\/wp-json\/wp\/v2\/posts\/49329\/revisions"}],"predecessor-version":[{"id":49331,"href":"http:\/\/www.pedromigao.com.br\/ourodetolo\/wp-json\/wp\/v2\/posts\/49329\/revisions\/49331"}],"wp:featuredmedia":[{"embeddable":true,"href":"http:\/\/www.pedromigao.com.br\/ourodetolo\/wp-json\/wp\/v2\/media\/49330"}],"wp:attachment":[{"href":"http:\/\/www.pedromigao.com.br\/ourodetolo\/wp-json\/wp\/v2\/media?parent=49329"}],"wp:term":[{"taxonomy":"category","embeddable":true,"href":"http:\/\/www.pedromigao.com.br\/ourodetolo\/wp-json\/wp\/v2\/categories?post=49329"},{"taxonomy":"post_tag","embeddable":true,"href":"http:\/\/www.pedromigao.com.br\/ourodetolo\/wp-json\/wp\/v2\/tags?post=49329"}],"curies":[{"name":"wp","href":"https:\/\/api.w.org\/{rel}","templated":true}]}}