{"id":49153,"date":"2019-04-05T11:45:42","date_gmt":"2019-04-05T14:45:42","guid":{"rendered":"http:\/\/www.pedromigao.com.br\/ourodetolo\/?p=49153"},"modified":"2019-04-05T11:47:24","modified_gmt":"2019-04-05T14:47:24","slug":"sim-carnaval-e-flamengo-se-misturam","status":"publish","type":"post","link":"http:\/\/www.pedromigao.com.br\/ourodetolo\/2019\/04\/sim-carnaval-e-flamengo-se-misturam\/","title":{"rendered":"Carnaval e Flamengo"},"content":{"rendered":"\n<p style=\"text-align: justify;\">Nesta sexta feira, em um tema mais leve vamos trazer as vezes em que o Flamengo e o carnaval se misturaram.<\/p>\n<p style=\"text-align: justify;\">Antes de mostrar, \u201cpreto no vermelho\u201d, as vezes que isso aconteceu, vale lembrar que em termos de torcida por escolas de samba n\u00e3o h\u00e1 rela\u00e7\u00e3o direta com a torcida por um clube de futebol, ao menos no Rio de Janeiro.<\/p>\n<p style=\"text-align: justify;\"><a href=\"http:\/\/www.pedromigao.com.br\/ourodetolo\/2013\/01\/as-escolas-de-samba-e-o-futebol-algumas-correlacoes-ou-nao\/\" target=\"_blank\" rel=\"noopener noreferrer\">Como escrevi em artigo de 2013<\/a> (que precisa ser atualizado, ali\u00e1s), o local onde o carioca cresceu exerce mais influ\u00eancia na defini\u00e7\u00e3o de uma escola de samba do que a rela\u00e7\u00e3o entre esta e o clube pelo qual se torce. Eu mesmo sou rubro negro e portelense \u2013 o leitor mais abaixo entender\u00e1.<\/p>\n<p style=\"text-align: justify;\">Feito este par\u00eantese, vamos mostrar as vezes em que as escolas de samba tiveram o Flamengo ou rela\u00e7\u00e3o com o clube como seus enredos. Obviamente, estarei longe de esgotar o tema, mas o leitor ter\u00e1 um bom ponto de partida para se aventurar pelo tema.<\/p>\n<p><iframe loading=\"lazy\" title=\"Unidos de Bangu 2019 - Bateria em desfile\" width=\"525\" height=\"295\" src=\"https:\/\/www.youtube.com\/embed\/eOtz2Ff4lb8?feature=oembed\" frameborder=\"0\" allow=\"accelerometer; autoplay; clipboard-write; encrypted-media; gyroscope; picture-in-picture; web-share\" referrerpolicy=\"strict-origin-when-cross-origin\" allowfullscreen><\/iframe><\/p>\n<p style=\"text-align: justify;\">H\u00e1, inclusive, escolas de samba famosas que se originaram de clubes de futebol, como a Mocidade Independente, a Uni\u00e3o da Ilha do Governador e a Unidos de Bangu (acima, em seu desfile de 2019). E a Portela j\u00e1 jogou campeonatos amadores, at\u00e9 a d\u00e9cada de 50 do s\u00e9culo passado.<\/p>\n<p style=\"text-align: justify;\">Vale lembrar que h\u00e1 duas escolas de samba ligadas a clubes hoje em dia. A Botafogo Samba Clube, com apoio institucional do clube alvinegro, promovida este ano da S\u00e9rie D para a S\u00e9rie C (quinta \u00e0 quarta divis\u00e3o do samba carioca).<\/p>\n<p style=\"text-align: justify;\"><img loading=\"lazy\" decoding=\"async\" class=\"aligncenter\" src=\"http:\/\/www.pedromigao.com.br\/ourodetolo\/wp-content\/uploads\/2019\/04\/IMG-20190310-WA0088.jpg\" alt=\"\" width=\"700\" height=\"525\">E temos a Imperadores Rubro Negros, promovida da S\u00e9rie E \u00e0 S\u00e9rie D com o terceiro lugar no desfile realizado no S\u00e1bado das Campe\u00e3s (acima). A agremia\u00e7\u00e3o tem apoio informal da dire\u00e7\u00e3o do clube e conta, tal como a Botafogo Samba Clube, com a simpatia da diretoria da Liesb, entidade que, na pr\u00e1tica, organiza todos os desfiles dos grupos abaixo do principal.<\/p>\n<p style=\"text-align: justify;\">Esperemos que a Imperadores tenha vida longa, ao contr\u00e1rio das natimortas \u201cNa\u00e7\u00e3o Rubro Negra\u201d (1996\/97) e \u201cImp\u00e9rio Rubro Negro\u201d (2014), que tiveram vida curt\u00edssima.<\/p>\n<p style=\"text-align: justify;\">A primeira escola de samba a dedicar um enredo ao \u201cMais Querido\u201d foi o Arrast\u00e3o de Cascadura, escola do bairro onde nasci e fui criado, pertinho de Madureira (por isso o amor pela Portela). A escola, que continuou a hist\u00f3ria de um bloco de muito sucesso, originalmente tinha as cores vermelha e preta em homenagem ao Flamengo. Depois, como as escolas \u00e0 \u00e9poca precisavam respeitar as cores em alegorias e fantasias, mudou para o verde e branco da madrinha Imp\u00e9rio Serrano.<\/p>\n<p style=\"text-align: justify;\"><img loading=\"lazy\" decoding=\"async\" class=\"aligncenter\" src=\"http:\/\/www.pedromigao.com.br\/ourodetolo\/wp-content\/uploads\/2019\/01\/20181027_182300.jpg\" alt=\"\" width=\"700\" height=\"525\">O Flamengo foi o primeiro enredo na rec\u00e9m-nascida escola de samba, em 1974. <em>\u201cFlamengo, gl\u00f3ria de um povo\u201d,<\/em> deu \u00e0 escola o oitavo lugar no ent\u00e3o Grupo 3, \u00faltimo de ent\u00e3o. As informa\u00e7\u00f5es deste desfile s\u00e3o escassas, mas consta que a escola foi a d\u00e9cima s\u00e9tima e \u00faltima escola a desfilar no domingo de carnaval, na Avenida Gra\u00e7a Aranha, centro do Rio. Infelizmente, n\u00e3o h\u00e1 registros do samba apresentado pela escola, sequer a letra deste.<\/p>\n<p style=\"text-align: justify;\">Em 1990, a Dif\u00edcil \u00e9 o Nome, escola de Pilares, apresentou \u201cTua gl\u00f3ria \u00e9 lutar, Flamengo, Flamengo\u201d, no antigo Grupo C, equivalente \u00e0 quarta divis\u00e3o de ent\u00e3o. Dos carnavalescos Fernando Alvarez e Jo\u00e3ozinho de Deus, a escola obteve o terceiro lugar, a uma posi\u00e7\u00e3o da promo\u00e7\u00e3o. Na pr\u00e1tica, a \u201cmelhor do resto\u201d, haja visto que as duas primeiras colocadas foram a Acad\u00eamicos da Rocinha e a Unidos de Campinho, que estavam subindo feito foguetes, turbinadas pela grana de seus patronos.<\/p>\n<p style=\"text-align: justify;\"><a href=\"http:\/\/www.galeriadosamba.com.br\/escolas-de-samba\/dificil-e-o-nome\/1990\/\" target=\"_blank\" rel=\"noopener noreferrer\">A letra do samba da Dif\u00edcil \u00e9 o Nome nesta ocasi\u00e3o pode ser vista aqui<\/a> \u2013 infelizmente, n\u00e3o h\u00e1 \u00e1udio dispon\u00edvel na internet.<\/p>\n<p>https:\/\/www.youtube.com\/watch?v=rm_inboFsJQ<\/p>\n<p style=\"text-align: justify;\">Em 1995, a Est\u00e1cio de S\u00e1 homenagearia o Flamengo e seu centen\u00e1rio, em enredo que originalmente seria feito pela Mangueira. Entretanto esta abriu m\u00e3o, e a agremia\u00e7\u00e3o da regi\u00e3o do Samb\u00f3dromo, imersa em grave crise financeira, cantou o Flamengo em seu desfile \u2013 com um samba onde o principal compositor, Davi Correa, \u00e9 tricolor&#8230;<\/p>\n<p style=\"text-align: justify;\">A Est\u00e1cio de S\u00e1 foi a segunda escola a desfilar na noite de segunda feira de carnaval, com o Samb\u00f3dromo tendo se transformado em uma verdadeira filial do Maracan\u00e3, com as arquibancadas vibrando bastante. Em que pese a falta de recursos financeiros e o desenvolvimento repetitivo do enredo por parte do carnavalesco Mario Borrielo, a escola ficou na s\u00e9tima coloca\u00e7\u00e3o entre dezoito agremia\u00e7\u00f5es \u2013 o \u00faltimo bom resultado da Est\u00e1cio de S\u00e1.<\/p>\n<p><iframe loading=\"lazy\" title=\"Uni\u00e3o da Ilha 1988 Globo\" width=\"525\" height=\"394\" src=\"https:\/\/www.youtube.com\/embed\/xvE7JSJqlZ8?feature=oembed\" frameborder=\"0\" allow=\"accelerometer; autoplay; clipboard-write; encrypted-media; gyroscope; picture-in-picture; web-share\" referrerpolicy=\"strict-origin-when-cross-origin\" allowfullscreen><\/iframe><\/p>\n<p style=\"text-align: justify;\">H\u00e1 outros desfiles que citam o Flamengo na hist\u00f3ria, mas dois deles merecem maior aten\u00e7\u00e3o. O primeiro \u00e9 o da Uni\u00e3o da Ilha para 1988, que homenageou o grande escritor, compositor e narrador esportivo Ary Barroso \u2013 fan\u00e1tico rubro negro (acima).<\/p>\n<p style=\"text-align: justify;\">O clube era citado no refr\u00e3o final e em um dos setores do enredo. O Flamengo era o (de fato) o atual campe\u00e3o brasileiro naquele pr\u00e9-carnaval e tanto o samba quanto os ensaios da escola foram extremamente badalados. No ano do maior desfile da hist\u00f3ria do Samb\u00f3dromo (Kizomba). A escolha ficou em uma honrosa sexta coloca\u00e7\u00e3o. <a href=\"http:\/\/www.pedromigao.com.br\/ourodetolo\/2016\/01\/1988-kizombaco-da-vila-isabel-e-quem-viu-viu\/\" target=\"_blank\" rel=\"noopener noreferrer\">Neste texto da s\u00e9rie \u201cHist\u00f3rias do Samb\u00f3dromo\u201d o leitor pode ter mais detalhes sobre este desfile da Uni\u00e3o da Ilha.<\/a><\/p>\n<p><iframe loading=\"lazy\" title=\"Desfile das Campe\u00e3s Carnaval 2014 - Imperatriz Leopoldinense\" width=\"525\" height=\"295\" src=\"https:\/\/www.youtube.com\/embed\/4MWnqs9CHdo?feature=oembed\" frameborder=\"0\" allow=\"accelerometer; autoplay; clipboard-write; encrypted-media; gyroscope; picture-in-picture; web-share\" referrerpolicy=\"strict-origin-when-cross-origin\" allowfullscreen><\/iframe><\/p>\n<p style=\"text-align: justify;\">Em 2014, a Imperatriz Leopoldinense homenageou Zico, maior \u00eddolo da hist\u00f3ria do clube, com enredo dedicado \u00e0 sua vida e carreira (v\u00eddeo acima, foto no alto do post tamb\u00e9m). O Flamengo ganhou um setor espec\u00edfico, mas esteve permeando todas as alas e carros do desfile \u2013 al\u00e9m do <em>\u201cesquenta da bateria\u201d<\/em> ter sido com o hino do clube. <a href=\"http:\/\/www.pedromigao.com.br\/ourodetolo\/2016\/02\/2014-tijuca-acelera-com-ayrton-senna-e-recebe-bandeirada-a-frente-das-favoritas\/\" target=\"_blank\" rel=\"noopener noreferrer\">Com problemas de evolu\u00e7\u00e3o, a Imperatriz obteve o sexto lugar tamb\u00e9m em seu desfile<\/a>.<\/p>\n<p style=\"text-align: justify;\">Uma curiosidade \u00e9 que, embora eu estivesse na Sapuca\u00ed aquele ano em todos os dias, eu s\u00f3 vi a Imperatriz no Desfile das Campe\u00e3s. Explico: no desfile oficial eu estava na concentra\u00e7\u00e3o da Portela (que desfilaria em sequ\u00eancia) quando Zico passou com a \u201cRainha de Ramos\u201d, como \u00e9 conhecida a escola da Leopoldina.<\/p>\n<p style=\"text-align: justify;\">Finalizando, mais uma curiosidade: o Pe\u00f1arol, advers\u00e1rio do Flamengo na \u00faltima quarta-feira, inspirou a S\u00e3o Clemente a adotar as cores amarelo e preto como as suas oficiais.<\/p>\n<p style=\"text-align: justify;\">\u00c9 isso.<\/p>\n<p style=\"text-align: justify;\"><em>P.S. \u2013 com ligeiras altera\u00e7\u00f5es (tendo em vista a diferen\u00e7a entre os sites), <a href=\"https:\/\/redacaorubronegra.com\/\" target=\"_blank\" rel=\"noopener noreferrer\">este \u00e9 o meu texto de estreia no \u201cReda\u00e7\u00e3o Rubro Negra\u201d<\/a>, o mais novo site dedicado ao \u201cMais Querido\u201d.<\/em><\/p>\n<p><strong>Imagens: Ouro de Tolo e Matheus Berriel (Imperadores Rubro Negros)<\/strong><\/p>\n","protected":false},"excerpt":{"rendered":"<p>Nesta sexta feira, em um tema mais leve vamos trazer as vezes em que o Flamengo e o carnaval se misturaram. Antes de mostrar, \u201cpretoTour Details<\/p>\n","protected":false},"author":2,"featured_media":49152,"comment_status":"open","ping_status":"open","sticky":false,"template":"","format":"standard","meta":{"footnotes":""},"categories":[289],"tags":[18,12,19,42,37],"class_list":["post-49153","post","type-post","status-publish","format-standard","has-post-thumbnail","hentry","category-pedro-migao","tag-carnaval","tag-cultura","tag-escolas-de-samba","tag-flamengo","tag-futebol"],"_links":{"self":[{"href":"http:\/\/www.pedromigao.com.br\/ourodetolo\/wp-json\/wp\/v2\/posts\/49153","targetHints":{"allow":["GET"]}}],"collection":[{"href":"http:\/\/www.pedromigao.com.br\/ourodetolo\/wp-json\/wp\/v2\/posts"}],"about":[{"href":"http:\/\/www.pedromigao.com.br\/ourodetolo\/wp-json\/wp\/v2\/types\/post"}],"author":[{"embeddable":true,"href":"http:\/\/www.pedromigao.com.br\/ourodetolo\/wp-json\/wp\/v2\/users\/2"}],"replies":[{"embeddable":true,"href":"http:\/\/www.pedromigao.com.br\/ourodetolo\/wp-json\/wp\/v2\/comments?post=49153"}],"version-history":[{"count":3,"href":"http:\/\/www.pedromigao.com.br\/ourodetolo\/wp-json\/wp\/v2\/posts\/49153\/revisions"}],"predecessor-version":[{"id":49160,"href":"http:\/\/www.pedromigao.com.br\/ourodetolo\/wp-json\/wp\/v2\/posts\/49153\/revisions\/49160"}],"wp:featuredmedia":[{"embeddable":true,"href":"http:\/\/www.pedromigao.com.br\/ourodetolo\/wp-json\/wp\/v2\/media\/49152"}],"wp:attachment":[{"href":"http:\/\/www.pedromigao.com.br\/ourodetolo\/wp-json\/wp\/v2\/media?parent=49153"}],"wp:term":[{"taxonomy":"category","embeddable":true,"href":"http:\/\/www.pedromigao.com.br\/ourodetolo\/wp-json\/wp\/v2\/categories?post=49153"},{"taxonomy":"post_tag","embeddable":true,"href":"http:\/\/www.pedromigao.com.br\/ourodetolo\/wp-json\/wp\/v2\/tags?post=49153"}],"curies":[{"name":"wp","href":"https:\/\/api.w.org\/{rel}","templated":true}]}}