{"id":49148,"date":"2019-04-01T10:35:19","date_gmt":"2019-04-01T13:35:19","guid":{"rendered":"http:\/\/www.pedromigao.com.br\/ourodetolo\/?p=49148"},"modified":"2019-04-01T10:35:43","modified_gmt":"2019-04-01T13:35:43","slug":"a-cara-da-ilha","status":"publish","type":"post","link":"http:\/\/www.pedromigao.com.br\/ourodetolo\/2019\/04\/a-cara-da-ilha\/","title":{"rendered":"A cara da Ilha"},"content":{"rendered":"\n<p style=\"text-align: justify;\">Passei o carnaval em Teres\u00f3polis e todas as noites ia para uma pra\u00e7a onde bandas tocavam. N\u00e3o importava a banda existia uma certeza, quando come\u00e7asse a parte de sambas de enredo come\u00e7aria por sambas da Uni\u00e3o da Ilha.<\/p>\n<p style=\"text-align: justify;\">A Ilha \u00e9 a dona dos sambas mais populares da hist\u00f3ria do carnaval, mas h\u00e1 alguns anos seus sambas s\u00e3o criticados e sempre na \u00e9poca do carnaval chegam para falar comigo sobre esse tema. \u00c9 um tema espinhoso, complicado para mim que fui criado nessa ala, mas ao mesmo tempo n\u00e3o tem mist\u00e9rio sobre o que ocorre.<\/p>\n<p style=\"text-align: justify;\">Alguns problemas fazem que a maior hitmaker de nosso carnaval passe por um per\u00edodo dif\u00edcil em suas composi\u00e7\u00f5es. Podemos come\u00e7ar com um fato que nenhuma escola passou. Imagine seu time tendo ao mesmo tempo Pel\u00e9, Garrincha, Maradona e Messi? Seria uma coisa m\u00e1gica, n\u00e9? A Ilha passou por isso, ela teve ao mesmo tempo Didi, Franco e Aurinho da Ilha compondo e Aroldo Melodia cantando. Alguns dos maiores nomes da hist\u00f3ria do carnaval ao mesmo tempo escreviam e cantavam na Uni\u00e3o da Ilha.<\/p>\n<p style=\"text-align: justify;\">Esse fato fez a grande hist\u00f3ria insulana. Ningu\u00e9m entre 1977 e 1991 teve os sambas que a agremia\u00e7\u00e3o teve, a maioria respons\u00e1vel por esses artistas. Os quatro morreram e \u00e9 praticamente imposs\u00edvel substituir a altura artistas desse quilate, qualquer escola de samba sofreria com isso e com a Uni\u00e3o da Ilha n\u00e3o foi diferente.<\/p>\n<p style=\"text-align: justify;\">E olha que a escola teve excelentes &#8220;coadjuvantes&#8221; para esses quatro. No mesmo per\u00edodo compositores do n\u00edvel de Robertinho Devagar, tamb\u00e9m j\u00e1 falecido, Mais novos surgiram brilhando na segunda metade dos anos 80 e por todos os anos 90 Buj\u00e3o, J.Brito, Carlinhos Fuzil, Mauricio 100, Marquinhus do Banjo, Djalma Falc\u00e3o, Marcio Andr\u00e9. Esses sete junto com Franco assinaram todos os sambas da agremia\u00e7\u00e3o entre 1986 e 2003 excetuando 1996. Em todos pelo menos um deles assinava o samba. Mauricio foi para a igreja, Marcio Andr\u00e9 e Djalma se tornaram dirigentes, J.Brito morreu, Buj\u00e3o se tornou compositor espor\u00e1dico. Desses na ativa continuam apenas Carlinhos Fuzil e Marquinhus do Banjo,<\/p>\n<p style=\"text-align: justify;\">Surgiram compositores muito bons como Gugu das Candongas, para mim o sucessor de Franco, Lobo Jr, Junior Nova Gera\u00e7\u00e3o, Andr\u00e9 de Souza, John Bahiense, Wagner do Cavaco, Roger Linhares, Mingau, Cadinho da Ilha..Mas \u00e9 complicado demais comparar com os citados anteriormente. \u00c9 complicado e injusto com esses novos.<\/p>\n<p style=\"text-align: justify;\">Al\u00e9m disso tudo a disputa de samba na Uni\u00e3o da Ilha \u00e9 cara demais, exige gastos demais e as parcerias com dois e tr\u00eas compositores agora tem oito fora os que n\u00e3o assinam. Pior que isso, por ser t\u00e3o cara muitas pessoas que n\u00e3o escrevem acabam &#8216;virando&#8221; compositores. Tivermos caso de parceria forte na Ilha com oito compositores assinando e nenhum deles escrevia.<\/p>\n<p style=\"text-align: justify;\">O compositor gasta demais e acaba com isso tendo medo de perder. Prefere ser mais comedido, mais tradicional na feitura dos sambas e assim garantir a vit\u00f3ria na disputa mesmo que acabe indo com um samba burocr\u00e1tico para a avenida. O excesso de compositores assinando na agremia\u00e7\u00e3o que n\u00e3o escrevem e os poucos compositores que realmente escrevem hoje na Ilha, a escola n\u00e3o deve ter doze compositores que realmente escrevam, acaba fazendo com que compositores consagrados de outras agremia\u00e7\u00f5es fa\u00e7am sambas para a Uni\u00e3o sem assinar.<\/p>\n<p style=\"text-align: justify;\">Mas esses compositores em vez de fazer os sambas com a qualidade que fazem em suas agremia\u00e7\u00f5es tentam repetir uma f\u00f3rmula na Ilha que dizem ser do estilo da agremia\u00e7\u00e3o, mas n\u00e3o \u00e9 verdade. O estilo que dizem que era da Ilha era de Franco e morreu com ele e sua genialidade. A Ilha tem sambas po\u00e9ticos, mel\u00f3dicos, bonitos consagrados assim como os irreverentes.<\/p>\n<p style=\"text-align: justify;\">Por fim falta uma identidade em enredo na Uni\u00e3o da Ilha, Nos \u00faltimos anos a escola falou duas vezes em Olimp\u00edadas, uma de um grande artista da MPB, falou de crian\u00e7as, vaidade, veio africana, falando de comida e voltou a falar de artistas tendo um estado como pano de fundo.<\/p>\n<p style=\"text-align: justify;\">Enredos completamente diferentes um do outro n\u00e3o deixando criar uma identidade como \u00e9 vis\u00edvel hoje em dia em escolas como Mangueira, Tuiuti, Portela, Salgueiro, Mocidade, Beija-Flor..escolas que tem uma linha de enredos o que facilita o trabalho dos compositores. Um ano o compositor da Ilha tem que ser afro, em outro irreverente, outro mel\u00f3dico. Falta uma cara.<\/p>\n<p style=\"text-align: justify;\">Como torcedor da Ilha queria ver uma cara e tamb\u00e9m mais ousadia em seus enredos como no ano que falou das crian\u00e7as e foi afro. A Ilha tem que chamar aten\u00e7\u00e3o no pr\u00e9 carnaval. Tem que chamar aten\u00e7\u00e3o em enredo, samba, na escola como um todo. Voltar a ser Ilha. Sempre serei mais minha Ilha.<\/p>\n<p style=\"text-align: justify;\">Mas ela tem que acreditar nisso tamb\u00e9m.<\/p>\n<p style=\"text-align: justify;\">Twitter &#8211; @aloisiovillar<\/p>\n<p style=\"text-align: justify;\">Facebook &#8211; Aloisio Villar<\/p>\n<p style=\"text-align: justify;\">Instagram &#8211; @aloisiovillar<\/p>\n","protected":false},"excerpt":{"rendered":"<p>Passei o carnaval em Teres\u00f3polis e todas as noites ia para uma pra\u00e7a onde bandas tocavam. N\u00e3o importava a banda existia uma certeza, quando come\u00e7asseTour Details<\/p>\n","protected":false},"author":8,"featured_media":49149,"comment_status":"open","ping_status":"open","sticky":false,"template":"","format":"standard","meta":{"footnotes":""},"categories":[8],"tags":[18,19,39],"class_list":["post-49148","post","type-post","status-publish","format-standard","has-post-thumbnail","hentry","category-orun-aye","tag-carnaval","tag-escolas-de-samba","tag-uniao-da-ilha"],"_links":{"self":[{"href":"http:\/\/www.pedromigao.com.br\/ourodetolo\/wp-json\/wp\/v2\/posts\/49148","targetHints":{"allow":["GET"]}}],"collection":[{"href":"http:\/\/www.pedromigao.com.br\/ourodetolo\/wp-json\/wp\/v2\/posts"}],"about":[{"href":"http:\/\/www.pedromigao.com.br\/ourodetolo\/wp-json\/wp\/v2\/types\/post"}],"author":[{"embeddable":true,"href":"http:\/\/www.pedromigao.com.br\/ourodetolo\/wp-json\/wp\/v2\/users\/8"}],"replies":[{"embeddable":true,"href":"http:\/\/www.pedromigao.com.br\/ourodetolo\/wp-json\/wp\/v2\/comments?post=49148"}],"version-history":[{"count":1,"href":"http:\/\/www.pedromigao.com.br\/ourodetolo\/wp-json\/wp\/v2\/posts\/49148\/revisions"}],"predecessor-version":[{"id":49150,"href":"http:\/\/www.pedromigao.com.br\/ourodetolo\/wp-json\/wp\/v2\/posts\/49148\/revisions\/49150"}],"wp:featuredmedia":[{"embeddable":true,"href":"http:\/\/www.pedromigao.com.br\/ourodetolo\/wp-json\/wp\/v2\/media\/49149"}],"wp:attachment":[{"href":"http:\/\/www.pedromigao.com.br\/ourodetolo\/wp-json\/wp\/v2\/media?parent=49148"}],"wp:term":[{"taxonomy":"category","embeddable":true,"href":"http:\/\/www.pedromigao.com.br\/ourodetolo\/wp-json\/wp\/v2\/categories?post=49148"},{"taxonomy":"post_tag","embeddable":true,"href":"http:\/\/www.pedromigao.com.br\/ourodetolo\/wp-json\/wp\/v2\/tags?post=49148"}],"curies":[{"name":"wp","href":"https:\/\/api.w.org\/{rel}","templated":true}]}}