{"id":49114,"date":"2019-03-13T06:26:35","date_gmt":"2019-03-13T09:26:35","guid":{"rendered":"http:\/\/www.pedromigao.com.br\/ourodetolo\/?p=49114"},"modified":"2019-03-12T09:30:07","modified_gmt":"2019-03-12T12:30:07","slug":"introducao-a-justificando-o-injustificavel-2019","status":"publish","type":"post","link":"http:\/\/www.pedromigao.com.br\/ourodetolo\/2019\/03\/introducao-a-justificando-o-injustificavel-2019\/","title":{"rendered":"Introdu\u00e7\u00e3o \u00e0 &#8220;Justificando o Injustific\u00e1vel&#8221; &#8211; Vers\u00e3o 2019"},"content":{"rendered":"\n<p style=\"text-align: justify;\">Ap\u00f3s n\u00e3o sentir vontade de terminar a Justificando o Injustific\u00e1vel em 2017, tamanho foram os absurdos lidos nas justificativas daquele ano, interrompi a s\u00e9rie em 2018. Para esfriar um pouco a cabe\u00e7a e n\u00e3o perder o amor pela festa decidi sequer baixar os arquivos de justificativa daquele ano.<\/p>\n<p style=\"text-align: justify;\">Por outros motivos, tamb\u00e9m fiquei 2018 inteiro sem escrever uma linha no Ouro de Tolo, tanto que minha coluna acabou sendo deslocada para a sess\u00e3o de inativos.<\/p>\n<p style=\"text-align: justify;\"><img loading=\"lazy\" decoding=\"async\" class=\"aligncenter\" src=\"http:\/\/www.pedromigao.com.br\/ourodetolo\/wp-content\/uploads\/2019\/03\/20190305_043004.jpg\" alt=\"\" width=\"700\" height=\"525\" \/>Mas, ap\u00f3s esse ano sab\u00e1tico e de alma lavada pelo just\u00edssimo t\u00edtulo da Mangueira no primeiro carnaval de 300 pontos desde 2001 (270 na verdade, j\u00e1 que o quesito Conjunto acabou), \u00e9 hora de voltar. Esta coluna \u00e9 justamente para anunciar que esse ano voltaremos com a Justificando o Injustific\u00e1vel! Estamos s\u00f3 esperando a divulga\u00e7\u00e3o dos cadernos pela LIESA para come\u00e7ar as an\u00e1lises.<\/p>\n<p style=\"text-align: justify;\">Mas j\u00e1 que o editor pediu uma coluna s\u00f3 para fazer esse an\u00fancio, aproveito para fazer r\u00e1pidos coment\u00e1rios introdut\u00f3rios sobre a apura\u00e7\u00e3o, algo que na Justificando n\u00e3o costuma ser feito &#8211; j\u00e1 que cada coluna \u00e9 dissecada por julgador.<\/p>\n<p style=\"text-align: justify;\">De in\u00edcio, ressalto que de todos os carnavais que assisti, uns 20 ao todo, esse foi o que teve o resultado mais justo, da campe\u00e3 at\u00e9 as rebaixadas, passando pelas escolas que voltaram s\u00e1bado. Talvez a Mocidade e a Tijuca pudessem subir um pouquinho mais, S\u00e3o Clemente idem, por\u00e9m nada muito absurdo.<\/p>\n<p style=\"text-align: justify;\">Se entendermos que um julgamento \u00e9 feito por 40 seres humanos que pensam de forma diferente entre si e tamb\u00e9m de forma ainda mais diferente do que n\u00f3s, fan\u00e1ticos por esta festa, essas pequenas discrep\u00e2ncias s\u00e3o naturais e est\u00e3o dentro da \u201cmargem de erro\u201d.<\/p>\n<p style=\"text-align: justify;\"><img loading=\"lazy\" decoding=\"async\" class=\"aligncenter\" src=\"http:\/\/www.pedromigao.com.br\/ourodetolo\/wp-content\/uploads\/2019\/03\/20190304_213305.jpg\" alt=\"\" width=\"700\" height=\"525\" \/>Tamb\u00e9m precisamos lembrar que, por mais que nos esforcemos para n\u00e3o nos influenciarmos pela emo\u00e7\u00e3o, todos n\u00f3s somos seres humanos e, at\u00e9 inconscientemente, ela acaba se apresentando em um julgamento que tem um grande fator subjetivo.<\/p>\n<p style=\"text-align: justify;\">Sinceramente, n\u00e3o quero que esse fator subjetivo do julgamento acabe, sob pena de nos transformamos em um julgamento paulistano que consegue rebaixar uma escola que era cotada ao t\u00edtulo por detalhes t\u00e3o importantes como se o componente da Comiss\u00e3o de Frente estava usando meia ou n\u00e3o.<\/p>\n<p style=\"text-align: justify;\">Por\u00e9m, ainda acompanhando a apura\u00e7\u00e3o, algumas notas ou grupo de notas me saltaram aos olhos e estou ansioso para ver as justificativas dessas notas que n\u00e3o correspondem com a nossa intui\u00e7\u00e3o inicial. Abaixo cito algumas como aperitivo para o leitor tamb\u00e9m ficar instigado:<\/p>\n<ul>\n<li style=\"text-align: justify;\">As quatro notas de samba-enredo da Unidos da Tijuca. O samba-ora\u00e7\u00e3o, que era considerado um dos 4 ou 5 melhores antes do carnaval deixou nada menos que 4 d\u00e9cimos na pista e n\u00e3o angariou sequer um 10. Nem o festejado Alfredo Del Penho poupou o samba e deu 9.9. Qual problema passou desapercebido a n\u00f3s, leigos te\u00f3ricos?<\/li>\n<li style=\"text-align: justify;\">Outro samba que estava nessa lista dos 5 melhores era o filos\u00f3fico samba da Mocidade. Aqui os julgadores foram un\u00e2nimes: 9,9 de ponta a ponta. Ser\u00e1 que os d\u00e9cimos descontados foram justamente pelo samba focar demais na parte do enredo que fala sobre a pr\u00f3pria Mocidade? Se for isso, estar\u00e1 provada a teoria daqueles que dizem que hoje o grande samba da Portela de 1991 n\u00e3o gabaritaria o quesito nos dias de hoje<\/li>\n<li style=\"text-align: justify;\">A bateria da Portela, tamb\u00e9m muito festejada no desfile, depois de um 10 no primeiro m\u00f3dulo, levou tr\u00eas 9,9 nos seguintes. Com a profus\u00e3o de notas 10 que no quesito bateria vem aumentando a cada ano, a bateria da Portela saiu como a segunda pior de todas da apura\u00e7\u00e3o, junto com a da S\u00e3o Clemente e s\u00f3 a frente do Imp\u00e9rio Serrano. O que aconteceu?<\/li>\n<li style=\"text-align: justify;\">Ainda na Portela, n\u00e3o teve Estandarte de Ouro que salvasse as notas de Carlinhos de Jesus. Com tr\u00eas 9,9 e um 9,8, desde a comiss\u00e3o da revolu\u00e7\u00e3o no quesito causada pela Tijuca em 2010, Carlinhos tem resultados muito ruins na apura\u00e7\u00e3o. Mais uma vez faltou impacto? Continua n\u00e3o havendo espa\u00e7o para comiss\u00f5es mais \u201cp\u00e9 no ch\u00e3o\u201d no Grupo Especial?<\/li>\n<li style=\"text-align: justify;\">Em Harmonia, a grande surpresa foi a Mocidade. Apenas um 10 e tr\u00eas 9,9 para uma escola que segundo quem acompanhou os desfiles teve um dos melhores cantos do ano. Continuaremos com os julgamentos focados em carro de som ao inv\u00e9s do canto da escola?<\/li>\n<li style=\"text-align: justify;\">Em alegoria, apesar de quase perfeitamente realizadas, a Portela teve problemas de concep\u00e7\u00e3o. N\u00e3o obstante, s\u00f3 perdeu um d\u00e9cimo no quesito. Tivemos mais um julgamento calcado demais em realiza\u00e7\u00e3o e de menos em concep\u00e7\u00e3o?<\/li>\n<\/ul>\n<p style=\"text-align: justify;\"><img loading=\"lazy\" decoding=\"async\" class=\"aligncenter\" src=\"http:\/\/www.pedromigao.com.br\/ourodetolo\/wp-content\/uploads\/2019\/03\/20190305_014415.jpg\" alt=\"\" width=\"700\" height=\"525\" \/>Al\u00e9m dessas h\u00e1 ainda mais duas d\u00favidas, mas que talvez a Justificando n\u00e3o resolva o mist\u00e9rio porque o 10 n\u00e3o precisa ser justificado:<\/p>\n<ul>\n<li style=\"text-align: justify;\">Como a Vila Isabel entrando com a \u00faltima alegoria na pista de desfiles com 55 minutos levou quatro notas 10 em evolu\u00e7\u00e3o? Tanto a escola teve que apertar o passo que estourou o tempo. N\u00e3o \u00e9 a primeira vez que isso ocorre: aconteceu o mesmo com a Beija-Flor em 2015.<\/li>\n<li style=\"text-align: justify;\">Como j\u00e1 escrevi anteriormente, samba-enredo \u00e9 a \u00fanica coisa que n\u00f3s podemos assegurar que n\u00e3o se altera a percep\u00e7\u00e3o em nenhuma das partes do desfile. Por\u00e9m a Viradouro teve notas bem discrepantes: dois 10 e dois 9.8. Por que para uns o samba \u00e9 \u201cperfeito\u201d e para outros bem complicados (9.8 para samba \u00e9 uma nota que s\u00f3 costuma ser lan\u00e7ada para sambas com not\u00f3rios problemas)?<\/li>\n<\/ul>\n<p style=\"text-align: justify;\">Tamb\u00e9m ficou curioso? Ent\u00e3o venha conosco nessa jornada que ser\u00e1 a Justificando o Injustific\u00e1vel 2019!<\/p>\n<p><strong>Imagens: Ouro de Tolo<\/strong><\/p>\n","protected":false},"excerpt":{"rendered":"<p>Ap\u00f3s n\u00e3o sentir vontade de terminar a Justificando o Injustific\u00e1vel em 2017, tamanho foram os absurdos lidos nas justificativas daquele ano, interrompi a s\u00e9rie emTour Details<\/p>\n","protected":false},"author":9,"featured_media":49127,"comment_status":"open","ping_status":"open","sticky":false,"template":"","format":"standard","meta":{"footnotes":""},"categories":[47],"tags":[1320,912,12,19,1133,1348],"class_list":["post-49114","post","type-post","status-publish","format-standard","has-post-thumbnail","hentry","category-made-in-usa","tag-carnaval-2019","tag-carnaval-rj","tag-cultura","tag-escolas-de-samba","tag-justificando-o-injustificavel","tag-justificando-o-injustificavel-2019"],"_links":{"self":[{"href":"http:\/\/www.pedromigao.com.br\/ourodetolo\/wp-json\/wp\/v2\/posts\/49114","targetHints":{"allow":["GET"]}}],"collection":[{"href":"http:\/\/www.pedromigao.com.br\/ourodetolo\/wp-json\/wp\/v2\/posts"}],"about":[{"href":"http:\/\/www.pedromigao.com.br\/ourodetolo\/wp-json\/wp\/v2\/types\/post"}],"author":[{"embeddable":true,"href":"http:\/\/www.pedromigao.com.br\/ourodetolo\/wp-json\/wp\/v2\/users\/9"}],"replies":[{"embeddable":true,"href":"http:\/\/www.pedromigao.com.br\/ourodetolo\/wp-json\/wp\/v2\/comments?post=49114"}],"version-history":[{"count":3,"href":"http:\/\/www.pedromigao.com.br\/ourodetolo\/wp-json\/wp\/v2\/posts\/49114\/revisions"}],"predecessor-version":[{"id":49132,"href":"http:\/\/www.pedromigao.com.br\/ourodetolo\/wp-json\/wp\/v2\/posts\/49114\/revisions\/49132"}],"wp:featuredmedia":[{"embeddable":true,"href":"http:\/\/www.pedromigao.com.br\/ourodetolo\/wp-json\/wp\/v2\/media\/49127"}],"wp:attachment":[{"href":"http:\/\/www.pedromigao.com.br\/ourodetolo\/wp-json\/wp\/v2\/media?parent=49114"}],"wp:term":[{"taxonomy":"category","embeddable":true,"href":"http:\/\/www.pedromigao.com.br\/ourodetolo\/wp-json\/wp\/v2\/categories?post=49114"},{"taxonomy":"post_tag","embeddable":true,"href":"http:\/\/www.pedromigao.com.br\/ourodetolo\/wp-json\/wp\/v2\/tags?post=49114"}],"curies":[{"name":"wp","href":"https:\/\/api.w.org\/{rel}","templated":true}]}}