{"id":49089,"date":"2019-03-05T19:37:17","date_gmt":"2019-03-05T22:37:17","guid":{"rendered":"http:\/\/www.pedromigao.com.br\/ourodetolo\/?p=49089"},"modified":"2019-03-05T19:37:20","modified_gmt":"2019-03-05T22:37:20","slug":"pensamentos-esparsos-sobre-o-grupo-especial","status":"publish","type":"post","link":"http:\/\/www.pedromigao.com.br\/ourodetolo\/2019\/03\/pensamentos-esparsos-sobre-o-grupo-especial\/","title":{"rendered":"Pensamentos Esparsos sobre o Grupo Especial"},"content":{"rendered":"\n<p style=\"text-align: justify;\">Desfiles do Especial encerrados, hora de escrever algumas impress\u00f5es sobre os dois dias de desfiles. Assisti ao domingo pela televis\u00e3o e ao desfile de ontem no camarote da Portela, no setor 3.<\/p>\n<p style=\"text-align: justify;\">Antes de falar sobre os desfiles em si, uma nota sobre a transmiss\u00e3o da televis\u00e3o. Comandada pelo diretor Boninho, simplesmente ignorou o jornalismo. Aqueles que n\u00e3o estavam conectados \u00e0 internet ao mesmo tempo simplesmente n\u00e3o tinham informa\u00e7\u00e3o sobre eventuais problemas que as escolas tiveram. Um modelo extremamente engessado e que n\u00e3o d\u00e1 a exata vis\u00e3o do que realmente ocorre.<\/p>\n<p><iframe loading=\"lazy\" title=\"S\u00e3o Clemente 2019 - Bateria\" width=\"525\" height=\"295\" src=\"https:\/\/www.youtube.com\/embed\/Mifk4gZFbX8?feature=oembed\" frameborder=\"0\" allow=\"accelerometer; autoplay; clipboard-write; encrypted-media; gyroscope; picture-in-picture; web-share\" referrerpolicy=\"strict-origin-when-cross-origin\" allowfullscreen><\/iframe><\/p>\n<p style=\"text-align: justify;\">Al\u00e9m disso, para os narradores e comentaristas teremos 14 campe\u00e3s no Grupo Especial. Nem desfiles explicitamente problem\u00e1ticos como Imp\u00e9rio Serrano e Imperatriz tiveram reparos apontados. O mais incr\u00edvel \u00e9 que a S\u00e9rie A tem uma transmiss\u00e3o bem mais adequada.<\/p>\n<p style=\"text-align: justify;\">Dito isso, o Grupo Especial em 2019 confrontou dois estilos distintos de desfile: a vis\u00e3o mais conservadora e tradicional de Tijuca e Vila Isabel contra a abordagem subversiva da Mangueira.<\/p>\n<p style=\"text-align: justify;\">O desfile da Unidos da Tijuca me incomodou um pouco. Apostando na f\u00f3rmula consagrada pela Beija Flor na primeira d\u00e9cada deste s\u00e9culo, recorreu a solu\u00e7\u00f5es como a de Jesus Cristo tomando porrada o desfile inteiro mais uma vez. Com todo o respeito, isso n\u00e3o \u00e9 carnaval.<\/p>\n<p style=\"text-align: justify;\">J\u00e1 a Vila Isabel uniu um enredo CEP com uma vis\u00e3o extremamente conservadora e antiquada da Hist\u00f3ria. Turbinada pelos recursos financeiros do patrocinador (uma cervejaria) e de seu patrono, esbanjou luxo em um ano de parcos recursos financeiros.<\/p>\n<p style=\"text-align: justify;\"><img loading=\"lazy\" decoding=\"async\" class=\"aligncenter\" src=\"http:\/\/www.pedromigao.com.br\/ourodetolo\/wp-content\/uploads\/2019\/03\/20190305_045815.jpg\" alt=\"\" width=\"700\" height=\"525\" \/>A Mangueira n\u00e3o fez um desfile de 10 de ponta a ponta, como escrevi no Twitter. O abre alas teve problemas de ilumina\u00e7\u00e3o e as fantasias repetiram algo dos demais enredos do carnavalesco Leandro Vieira: resplendores iguais em diversas alas, s\u00f3 mudando as cores. Samba e bateria espetaculares. Mas a abordagem do enredo \u00e9 carnavalesca, \u00e9 subversiva, \u00e9 questionadora.<\/p>\n<p style=\"text-align: justify;\">Como tamb\u00e9m foi questionador o divertido desfile da S\u00e3o Clemente. A comiss\u00e3o de frente contando a hist\u00f3ria da virada de mesa do ano passado, com detalhes que o grande p\u00fablico n\u00e3o tinha conhecimento, foi sensacional. Bem como os carros, claros, mas \u00f3timos \u2013 especialmente o que ironizava os camarotes.<\/p>\n<p style=\"text-align: justify;\"><img loading=\"lazy\" decoding=\"async\" class=\"aligncenter\" src=\"http:\/\/www.pedromigao.com.br\/ourodetolo\/wp-content\/uploads\/2019\/03\/20190305_030227.jpg\" alt=\"\" width=\"700\" height=\"525\" \/>O Tuiuti, apesar dos problemas em evolu\u00e7\u00e3o e em um dos carros, tamb\u00e9m teve uma abordagem bastante carnavalesca em seu enredo. M\u00e9ritos para o carnavalesco Jack Vasconcelos.<\/p>\n<p style=\"text-align: justify;\">Outro aspecto que gostaria de ressaltar \u00e9 que os tr\u00eas enredos \u201cbomba at\u00f4mica\u201d, como escrevi em artigo pr\u00e9 carnaval, acabaram n\u00e3o tendo o resultado desejado. O Salgueiro teve problemas de evolu\u00e7\u00e3o, a Beija Flor sofreu com um desenvolvimento equivocado do enredo mais uma escolha de samba que se revelou equivocada e a Portela sofreu n\u00e3o somente com a falta de recursos como com a irregularidade do fluxo de caixa.<\/p>\n<p style=\"text-align: justify;\">Porque, al\u00e9m da diminui\u00e7\u00e3o dos recursos, o fluxo de recursos foi irregular. Libera\u00e7\u00e3o de verba ap\u00f3s o carnaval, como ir\u00e1 ocorrer, n\u00e3o existe. Ainda assim, Portela volta nas Campe\u00e3s, o Salgueiro tamb\u00e9m pode voltar e a Beija Flor dever\u00e1 pagar por alguns erros com um raro ano na \u201cTurma da Marola\u201d.<\/p>\n<p style=\"text-align: justify;\">Uma nota positiva tamb\u00e9m para Mocidade e Viradouro, acima do que as previs\u00f5es pr\u00e9 carnaval antecipavam. Disputam vaga nas Campe\u00e3s \u2013 e a Mocidade marcou um gol de placa anunciando Elza Soares como seu enredo para 2020.<\/p>\n<p style=\"text-align: justify;\">Sobre rebaixamento, o Imp\u00e9rio Serrano \u00e9 certo. Serei curto e grosso: o desfile foi constrangedor e isso se resultou, principalmente, de um modelo de gest\u00e3o que precisa ser jogado fora, porque n\u00e3o serve mais.<\/p>\n<p style=\"text-align: justify;\">Minha outra rebaixada seria a Imperatriz. A escola h\u00e1 anos vem se ressentido de maior investimento, utilizando profissionais ainda n\u00e3o provados ou em fase descendente da carreira, e vem fazendo desfiles apenas para se manter. A\u00ed d\u00e1 problema na pista, e vira esse drama. A escola deveria cair, mas duvido que rebaixem a Imperatriz. E a Grande Rio deveria abrir o desfile de segunda feira ano que vem.<\/p>\n<p><iframe loading=\"lazy\" title=\"Portela 2019 - Final do Desfile\" width=\"525\" height=\"295\" src=\"https:\/\/www.youtube.com\/embed\/hy19duxWllA?feature=oembed\" frameborder=\"0\" allow=\"accelerometer; autoplay; clipboard-write; encrypted-media; gyroscope; picture-in-picture; web-share\" referrerpolicy=\"strict-origin-when-cross-origin\" allowfullscreen><\/iframe><\/p>\n<p style=\"text-align: justify;\">Finalizando, uma nota sobre a Portela. A escola se ressentiu da falta de recursos e da irregularidade de desembolsos, al\u00e9m do problema com o abre alas no desfile \u2013 ele \u201cmorreu\u201d e precisou ser empurrado no bra\u00e7o. Penso que algumas quest\u00f5es precisam ser discutidas internamente, mas ainda salva um quarto ou quinto lugar. Ainda assim, a escola desfilou feliz e emocionada.<\/p>\n<p style=\"text-align: justify;\">Segundo conversei com pessoas da dire\u00e7\u00e3o ap\u00f3s o desfile, Rosa Magalh\u00e3es n\u00e3o segue na escola e a ideia \u00e9, finalizando as negocia\u00e7\u00f5es, anunciar o novo carnavalesco j\u00e1 no S\u00e1bado das Campe\u00e3s. A conferir.<\/p>\n<p style=\"text-align: justify;\">Finalizando, o desfile do Especial este ano mostrou-se acima do que as condi\u00e7\u00f5es financeiras permitiram. O samba pode agonizar, mas nunca morre.<\/p>\n<p><strong>Imagens\/V\u00eddeos: Ouro de Tolo<\/strong><\/p>\n","protected":false},"excerpt":{"rendered":"<p>Desfiles do Especial encerrados, hora de escrever algumas impress\u00f5es sobre os dois dias de desfiles. Assisti ao domingo pela televis\u00e3o e ao desfile de ontemTour Details<\/p>\n","protected":false},"author":2,"featured_media":49086,"comment_status":"open","ping_status":"open","sticky":false,"template":"","format":"standard","meta":{"footnotes":""},"categories":[289],"tags":[18,1320,12,19],"class_list":["post-49089","post","type-post","status-publish","format-standard","has-post-thumbnail","hentry","category-pedro-migao","tag-carnaval","tag-carnaval-2019","tag-cultura","tag-escolas-de-samba"],"_links":{"self":[{"href":"http:\/\/www.pedromigao.com.br\/ourodetolo\/wp-json\/wp\/v2\/posts\/49089","targetHints":{"allow":["GET"]}}],"collection":[{"href":"http:\/\/www.pedromigao.com.br\/ourodetolo\/wp-json\/wp\/v2\/posts"}],"about":[{"href":"http:\/\/www.pedromigao.com.br\/ourodetolo\/wp-json\/wp\/v2\/types\/post"}],"author":[{"embeddable":true,"href":"http:\/\/www.pedromigao.com.br\/ourodetolo\/wp-json\/wp\/v2\/users\/2"}],"replies":[{"embeddable":true,"href":"http:\/\/www.pedromigao.com.br\/ourodetolo\/wp-json\/wp\/v2\/comments?post=49089"}],"version-history":[{"count":2,"href":"http:\/\/www.pedromigao.com.br\/ourodetolo\/wp-json\/wp\/v2\/posts\/49089\/revisions"}],"predecessor-version":[{"id":49094,"href":"http:\/\/www.pedromigao.com.br\/ourodetolo\/wp-json\/wp\/v2\/posts\/49089\/revisions\/49094"}],"wp:featuredmedia":[{"embeddable":true,"href":"http:\/\/www.pedromigao.com.br\/ourodetolo\/wp-json\/wp\/v2\/media\/49086"}],"wp:attachment":[{"href":"http:\/\/www.pedromigao.com.br\/ourodetolo\/wp-json\/wp\/v2\/media?parent=49089"}],"wp:term":[{"taxonomy":"category","embeddable":true,"href":"http:\/\/www.pedromigao.com.br\/ourodetolo\/wp-json\/wp\/v2\/categories?post=49089"},{"taxonomy":"post_tag","embeddable":true,"href":"http:\/\/www.pedromigao.com.br\/ourodetolo\/wp-json\/wp\/v2\/tags?post=49089"}],"curies":[{"name":"wp","href":"https:\/\/api.w.org\/{rel}","templated":true}]}}