{"id":48856,"date":"2019-01-29T07:38:53","date_gmt":"2019-01-29T09:38:53","guid":{"rendered":"http:\/\/www.pedromigao.com.br\/ourodetolo\/?p=48856"},"modified":"2019-02-04T17:55:10","modified_gmt":"2019-02-04T19:55:10","slug":"samba-de-terca-robauto-uma-ova","status":"publish","type":"post","link":"http:\/\/www.pedromigao.com.br\/ourodetolo\/2019\/01\/samba-de-terca-robauto-uma-ova\/","title":{"rendered":"Samba de Ter\u00e7a: \u201cRobauto&#8230; Uma Ova\u201d"},"content":{"rendered":"\n<p style=\"text-align: justify;\">Ap\u00f3s longo intervalo, retomo uma das colunas originais do Ouro de Tolo contando a hist\u00f3ria de um divertido desfile \u2013 e, ao mesmo tempo, pol\u00eamico.<\/p>\n<p style=\"text-align: justify;\">A chamada \u201cRobauto\u201d era uma feira que existia no bairro de Acari, no sub\u00farbio do Rio de Janeiro. Pesquisa em reportagens do jornal \u201cO Globo\u201d da \u00e9poca d\u00e3o conta que desde 1986, pelo menos, a feira existia e era alvo de corriqueiras opera\u00e7\u00f5es policiais.<\/p>\n<p style=\"text-align: justify;\">Ainda hoje a feira, ap\u00f3s uns anos inativa, existe na Avenida Pastor Martin Luther King, <a href=\"https:\/\/oglobo.globo.com\/rio\/de-robauto-robtudo-feira-de-acari-oferece-produtos-roubados-funciona-sem-ser-incomodada-22174437\">como mat\u00e9ria do final de 2017 mostra<\/a>. O termo \u201cRobauto\u201d vem da proced\u00eancia, digamos, duvidosa de diversos produtos colocados \u00e0 venda.<\/p>\n<p style=\"text-align: justify;\">Nos dias de hoje, com a abertura comercial, quase n\u00e3o se encontram produtos com origem em contrabando, mas \u00e0 \u00e9poca da hist\u00f3ria que iremos contar essa era outra fonte de produtos vendidos na feira.<\/p>\n<p style=\"text-align: justify;\">O leitor mais jovem pode achar estranho com a variedade de produtos importados que temos hoje \u00e0 disposi\u00e7\u00e3o, mas at\u00e9 1990 in\u00fameros produtos tinham sua importa\u00e7\u00e3o proibida \u2013 da\u00ed o contrabando.<\/p>\n<p style=\"text-align: justify;\">Justamente em 1990, a Unidos da Ponte, de S\u00e3o Jo\u00e3o de Meriti (mas cuja quadra fica na Pavuna, bairro lim\u00edtrofe do Rio de Janeiro) resolveu contar esta hist\u00f3ria na Marqu\u00eas de Sapuca\u00ed.<\/p>\n<p><iframe loading=\"lazy\" title=\"Unidos da Ponte 1990 3\/10 Grupo A- Robauto, uma ova...\" width=\"525\" height=\"394\" src=\"https:\/\/www.youtube.com\/embed\/wF5-MguIyCQ?feature=oembed\" frameborder=\"0\" allow=\"accelerometer; autoplay; clipboard-write; encrypted-media; gyroscope; picture-in-picture; web-share\" referrerpolicy=\"strict-origin-when-cross-origin\" allowfullscreen><\/iframe><\/p>\n<p style=\"text-align: justify;\"><em>\u201cRobauto&#8230; uma Ova\u201d<\/em> era o t\u00edtulo do enredo da escola, que j\u00e1 anunciava nele que a feira n\u00e3o vendia produtos oriundos de recepta\u00e7\u00e3o de roubo. A Ponte havia sido rebaixada do Grupo Especial em 1989, com um enredo sobre a preserva\u00e7\u00e3o da natureza, estando em 1990 no ent\u00e3o \u201cGrupo 1\u201d da hoje extinta Associa\u00e7\u00e3o das Escolas de Samba do Rio de Janeiro.<\/p>\n<p style=\"text-align: justify;\">Este grupo tinha como novidades, al\u00e9m das quatro escolas rebaixadas do Especial ano anterior, as duas promovidas do ent\u00e3o Grupo 3 (que viraria Grupo 2 no ano seguinte), que estavam subindo feito foguetes dos grupos de baixo &#8211; turbinadas pela grana de seus patronos: Unidos do Viradouro e Acad\u00eamicos do Grande Rio.<\/p>\n<p style=\"text-align: justify;\">Al\u00e9m disso, com o rebatismo do grupo principal como \u201cGrupo Especial\u201d em 1990 (que se mant\u00e9m at\u00e9 hoje), todos os grupos da ent\u00e3o Aescrj \u201csubiram um grau\u201d na numera\u00e7\u00e3o: o ent\u00e3o Grupo 2 passou a ser Grupo 1, e assim sucessivamente.<\/p>\n<p style=\"text-align: justify;\">A Unidos da Ponte teria Ant\u00f4nio Carlos como executor do enredo, sendo supervisionado pelo carnavalesco Alexandre Louzada, ent\u00e3o na Caprichosos de Pilares \u2013 escola com a qual a Ponte tinha uma esp\u00e9cie de \u201cparceria\u201d naquela ocasi\u00e3o.<\/p>\n<p style=\"text-align: justify;\">A transmiss\u00e3o tamb\u00e9m creditava a Toninho Leal o posto de carnavalesco, mas, segundo a pr\u00f3pria descri\u00e7\u00e3o feita pelo comentarista, a fun\u00e7\u00e3o dele era muito mais a de \u201cDiretor de Carnaval\u201d \u2013 fun\u00e7\u00e3o que, com este nome, n\u00e3o existia oficialmente ainda.<\/p>\n<p style=\"text-align: justify;\">N\u00e3o h\u00e1 sinopse dispon\u00edvel, mas o desenvolvimento mostrado na avenida alargava o objetivo do enredo: al\u00e9m da famosa \u201cRobauto\u201d, outras feiras do sub\u00farbio em geral tamb\u00e9m eram enfocadas no desfile.<\/p>\n<p style=\"text-align: justify;\"><img loading=\"lazy\" decoding=\"async\" class=\"alignleft\" src=\"http:\/\/www.pedromigao.com.br\/ourodetolo\/wp-content\/uploads\/2019\/01\/Ponte-90_2.jpg\" alt=\"\" width=\"225\" height=\"225\" \/>Tamb\u00e9m se dividindo com a Caprichosos de Pilares, Aroldo Melodia era o int\u00e9rprete da Unidos da Ponte para aquele 1990.<\/p>\n<p style=\"text-align: justify;\">N\u00e3o h\u00e1 maiores detalhes sobre a prepara\u00e7\u00e3o da escola no pr\u00e9-carnaval daquele ano. Nos dois principais jornais cariocas que mant\u00e9m seus acervos dispon\u00edveis para consulta, \u201cO Globo\u201d e \u201cJornal do Brasil\u201d, h\u00e1 apenas uma nota no primeiro, em janeiro, dizendo t\u00e3o somente o tema do enredo e mais nada.<\/p>\n<p style=\"text-align: justify;\">Contudo, mat\u00e9rias sobre a Robauto em si n\u00e3o faltavam, especialmente cobrindo opera\u00e7\u00f5es policiais na feira, que era aos domingos \u2013 e terminava sempre com um pagode no final da tarde. Em nenhuma das reportagens, entretanto, havia men\u00e7\u00e3o ao enredo da agremia\u00e7\u00e3o.<\/p>\n<p style=\"text-align: justify;\">A Unidos da Ponte foi a quarta escola a desfilar (entre dez agremia\u00e7\u00f5es) na noite de s\u00e1bado, 24 de fevereiro de 1990, noite de bom p\u00fablico, muitos camarotes abertos e uma chuva fina permeando as apresenta\u00e7\u00f5es. Eram 2,5 mil componentes e seis carros aleg\u00f3ricos \u2013 tamanho pouca coisa menor que um desfile do Especial de hoje.<\/p>\n<p style=\"text-align: justify;\">Na concentra\u00e7\u00e3o, cerveja gelada em isopores e &#8220;churrasquinho de gato&#8221; distribu\u00eddos pela dire\u00e7\u00e3o da escola j\u00e1 davam o tom do que seria o desfile.<\/p>\n<p style=\"text-align: justify;\">A comiss\u00e3o de frente, integrada esteticamente ao abre alas, trazia gatos com o n\u00famero 55 no peito \u2013 em refer\u00eancia ao jogo do bicho \u2013 e sacos de dinheiro nas m\u00e3os. O abre alas trazia o nome da escola em azul e um imenso gato preto, com colares e balangand\u00e3s, contemplando a passarela.<\/p>\n<p style=\"text-align: justify;\"><img loading=\"lazy\" decoding=\"async\" class=\"aligncenter\" src=\"http:\/\/www.pedromigao.com.br\/ourodetolo\/wp-content\/uploads\/2019\/01\/Ponte-90.png\" alt=\"\" width=\"700\" height=\"526\" \/>Era um abre-alas ir\u00f4nico (acima, em reprodu\u00e7\u00e3o do jornal &#8220;O Globo&#8221;). No sub\u00farbio do Rio de Janeiro, \u201cgato\u201d \u00e9 uma g\u00edria antiga para roubo ou ladr\u00e3o. Paulo Cavalcanti era o principal destaque e composi\u00e7\u00f5es vestidas de gatas completavam o carro.<\/p>\n<p style=\"text-align: justify;\">No primeiro setor havia alas com motivos como os rel\u00f3gios vendidos na feira, entre outros. A bateria, vestida de batalh\u00e3o de choque da Pol\u00edcia Militar \u2013 o que, segundo o jornal &#8220;O Globo&#8221; do dia seguinte, fez os policiais de verdade \u201clevarem um susto\u201d \u2013 veio no primeiro setor at\u00e9 o recuo, embora sua indument\u00e1ria fizesse parte do \u00faltimo.<\/p>\n<p style=\"text-align: justify;\">A rainha da bateria era C\u00e1ssia Costa, da pr\u00f3pria comunidade da Unidos da Ponte. A bateria veio com muitas conven\u00e7\u00f5es e sua ala de tamborins fez coreografias durante o desfile. O comentarista Adelzon Alves fala durante a transmiss\u00e3o que os ritmistas expressaram desconforto com o fato de desfilarem representando policiais militares.<\/p>\n<p style=\"text-align: justify;\">O segundo carro, que trazia uma estrutura girat\u00f3ria, misturava esculturas de equipamentos eletr\u00f4nicos e ferramentas, aludindo a produtos vendidos na feira. O tema continuava no terceiro setor, cujo carro aleg\u00f3rico, com diversos \u201ccaixotes\u201d, enfocava os aparelhos eletrodom\u00e9sticos. As alegorias, como um todo, eram baixas e compridas.<\/p>\n<p style=\"text-align: justify;\">Entremeando os carros, alas como a do churrasquinho de gato, pneus, discos, panelas, aparelhos de r\u00e1dio e televis\u00e3o, gaiolas, alicates, peixeiros, nordestinos, bebidas importadas e armas. A abordagem do enredo foi na linha da galhofa, entremeada \u00e0s tradi\u00e7\u00f5es suburbanas do Rio de Janeiro.<\/p>\n<p style=\"text-align: justify;\">A quarta alegoria trazia o pagode que encerrava a feira, no final da tarde. Este carro trazia o ator global Ant\u00f4nio Grassi e sua mulher, Lilibeth Monteiro de Carvalho \u2013 ex-mulher do ent\u00e3o presidente eleito Fernando Collor de Mello. Grassi, ali\u00e1s, deu uma entrevista \u00e0 Rede Globo no in\u00edcio do desfile visivelmente \u201calegre\u201d, se \u00e9 que o leitor entende&#8230; Esse carro trazia uma imensa escultura de uma vaca em sua parte frontal.<\/p>\n<p style=\"text-align: justify;\">O quinto setor falava das feiras em geral e trazia na alegoria verduras e legumes, reverenciando a tradi\u00e7\u00e3o popular das feiras livres cariocas. \u00a0A ala das baianas veio \u00e0 frente deste carro, assim como uma curiosa ala de \u201ccartelas de ovo\u201d \u2013 e olha que n\u00e3o havia a promo\u00e7\u00e3o de \u201c60 por 15 reais\u201d&#8230;<\/p>\n<p style=\"text-align: justify;\">Fechando o desfile, o \u00faltimo setor e carro abordava a quest\u00e3o policial, com esculturas de armas e sirenes no carro, bem como destaques e composi\u00e7\u00f5es representando artigos do C\u00f3digo Penal. A atriz Miriam P\u00e9rsia veio como um dos destaques nesta \u00faltima alegoria da escola.<\/p>\n<p style=\"text-align: justify;\">O samba, de Jorge Bem (hom\u00f4nimo do cantor), Charles 99 e Coral, foi cantado com compet\u00eancia por Aroldo Melodia. Tinha uma linha mais galhofeira, dentro do esp\u00edrito do enredo, negando em seu refr\u00e3o que a feira tivesse recepta\u00e7\u00e3o de produtos roubados. Sustentou bem o desfile, apoiado pela firme bateria. A evolu\u00e7\u00e3o da Ponte foi de forma bem mais solta em rela\u00e7\u00e3o ao que nos acostumamos nos \u00faltimos anos, sem aquele \u201clinha e coluna\u201d que muitas escolas adotaram.<\/p>\n<p>https:\/\/www.youtube.com\/watch?v=KHE7IaWcJN4<\/p>\n<p style=\"text-align: justify;\">A escola saiu com expectativa de alcan\u00e7ar uma das duas primeiras coloca\u00e7\u00f5es, que a dariam o direito de retornar ao Grupo Especial. A equipe da Rede Globo chega a elogiar a escola, comparando-a aos desfiles de Unidos do Viradouro e Tradi\u00e7\u00e3o, que a haviam antecedido.<\/p>\n<p style=\"text-align: justify;\">Contudo, a Unidos da Ponte ficou apenas no terceiro lugar na apura\u00e7\u00e3o, que foi prestigiada pelo Capit\u00e3o Guimar\u00e3es e por An\u00edsio Abra\u00e3o David, ent\u00e3o bastante representativos na Liesa. Ainda que respectivamente com a porta bandeira caindo em frente ao jurado e ao atravessamento da bateria, Unidos do Viradouro e Acad\u00eamicos do Grande Rio alcan\u00e7aram o acesso ao Grupo Especial, com uma diferen\u00e7a significativa de pontos em rela\u00e7\u00e3o \u00e0 Ponte.<\/p>\n<p style=\"text-align: justify;\">Fica o registro de um desfile divertido e com um enredo que, nos dias de hoje, seria algo absolutamente impens\u00e1vel \u2013 ainda que sob um vi\u00e9s cr\u00edtico. A verdade \u00e9 que o carnaval, hoje, \u00e9 mais \u201ccareta\u201d e conservador.<\/p>\n<p style=\"text-align: justify;\">Abaixo, a letra do samba:<\/p>\n<p style=\"text-align: justify;\">\u201cAo som da lira o poeta se inspira<\/p>\n<p style=\"text-align: justify;\">Para apresentar&#8230;<\/p>\n<p style=\"text-align: justify;\">Em forma de poesia<\/p>\n<p style=\"text-align: justify;\">A feira popular<\/p>\n<p style=\"text-align: justify;\">Quem vai querer&#8230;<\/p>\n<p style=\"text-align: justify;\">Quem vai querer<\/p>\n<p style=\"text-align: justify;\">Pode chegar&#8230; Pode chegar<\/p>\n<p style=\"text-align: justify;\">Voc\u00ea aqui vai encontrar&#8230;<\/p>\n<p style=\"text-align: justify;\">Tudo que imaginar<\/p>\n<p style=\"text-align: justify;\">R\u00e1dio que n\u00e3o funciona&#8230;<\/p>\n<p style=\"text-align: justify;\">Geladeira que n\u00e3o gela<\/p>\n<p style=\"text-align: justify;\">Gravadores que n\u00e3o gravam<\/p>\n<p style=\"text-align: justify;\">Frigideiras e panelas<\/p>\n<p style=\"text-align: justify;\">Tudo isso e muito mais&#8230;<\/p>\n<p style=\"text-align: justify;\">Na barraca do Thomaz<\/p>\n<p style=\"text-align: justify;\"><strong>Tem gato na tuba..<\/strong><\/p>\n<p style=\"text-align: justify;\"><strong>N\u00e3o deixa o gato fugir<\/strong><\/p>\n<p style=\"text-align: justify;\"><strong>Hoje \u00e9 dia de folia na Sapuca\u00ed<\/strong><\/p>\n<p style=\"text-align: justify;\">Verduras e legumes a granel<\/p>\n<p style=\"text-align: justify;\">Voc\u00ea pode comprar<\/p>\n<p style=\"text-align: justify;\">Na barraca do seu Manel&#8230; Do seu Manel<\/p>\n<p style=\"text-align: justify;\">Chic\u00f3ria, couve-flor e alface<\/p>\n<p style=\"text-align: justify;\">Tomate e piment\u00e3o<\/p>\n<p style=\"text-align: justify;\">Abaixo da infla\u00e7\u00e3o<\/p>\n<p style=\"text-align: justify;\">E caminhando um pouco mais<\/p>\n<p style=\"text-align: justify;\">Voc\u00ea tamb\u00e9m vai encontrar&#8230; Encontrar<\/p>\n<p style=\"text-align: justify;\">Nas barracas muambas e muambeiros<\/p>\n<p style=\"text-align: justify;\">Com bagulhos a negociar<\/p>\n<p style=\"text-align: justify;\"><strong>Pode checar&#8230; Que \u00e9 legal<\/strong><\/p>\n<p style=\"text-align: justify;\"><strong>Robauto&#8230; \u00c9 uma ova<\/strong><\/p>\n<p><strong>Este \u00e9 o tema principal<\/strong><\/p>\n<p><strong>E a Ponte traz a feira<\/strong><\/p>\n<p><strong>Para este carnaval\u201d<\/strong><\/p>\n<p><strong>Imagens: Reprodu\u00e7\u00e3o<\/strong><\/p>\n","protected":false},"excerpt":{"rendered":"<p>Ap\u00f3s longo intervalo, retomo uma das colunas originais do Ouro de Tolo contando a hist\u00f3ria de um divertido desfile \u2013 e, ao mesmo tempo, pol\u00eamico.Tour Details<\/p>\n","protected":false},"author":2,"featured_media":48855,"comment_status":"open","ping_status":"open","sticky":false,"template":"","format":"standard","meta":{"footnotes":""},"categories":[289],"tags":[18,12,19,146,1346],"class_list":["post-48856","post","type-post","status-publish","format-standard","has-post-thumbnail","hentry","category-pedro-migao","tag-carnaval","tag-cultura","tag-escolas-de-samba","tag-samba-de-terca","tag-unidos-da-ponte"],"_links":{"self":[{"href":"http:\/\/www.pedromigao.com.br\/ourodetolo\/wp-json\/wp\/v2\/posts\/48856","targetHints":{"allow":["GET"]}}],"collection":[{"href":"http:\/\/www.pedromigao.com.br\/ourodetolo\/wp-json\/wp\/v2\/posts"}],"about":[{"href":"http:\/\/www.pedromigao.com.br\/ourodetolo\/wp-json\/wp\/v2\/types\/post"}],"author":[{"embeddable":true,"href":"http:\/\/www.pedromigao.com.br\/ourodetolo\/wp-json\/wp\/v2\/users\/2"}],"replies":[{"embeddable":true,"href":"http:\/\/www.pedromigao.com.br\/ourodetolo\/wp-json\/wp\/v2\/comments?post=48856"}],"version-history":[{"count":4,"href":"http:\/\/www.pedromigao.com.br\/ourodetolo\/wp-json\/wp\/v2\/posts\/48856\/revisions"}],"predecessor-version":[{"id":48877,"href":"http:\/\/www.pedromigao.com.br\/ourodetolo\/wp-json\/wp\/v2\/posts\/48856\/revisions\/48877"}],"wp:featuredmedia":[{"embeddable":true,"href":"http:\/\/www.pedromigao.com.br\/ourodetolo\/wp-json\/wp\/v2\/media\/48855"}],"wp:attachment":[{"href":"http:\/\/www.pedromigao.com.br\/ourodetolo\/wp-json\/wp\/v2\/media?parent=48856"}],"wp:term":[{"taxonomy":"category","embeddable":true,"href":"http:\/\/www.pedromigao.com.br\/ourodetolo\/wp-json\/wp\/v2\/categories?post=48856"},{"taxonomy":"post_tag","embeddable":true,"href":"http:\/\/www.pedromigao.com.br\/ourodetolo\/wp-json\/wp\/v2\/tags?post=48856"}],"curies":[{"name":"wp","href":"https:\/\/api.w.org\/{rel}","templated":true}]}}