{"id":48602,"date":"2018-11-30T16:21:13","date_gmt":"2018-11-30T18:21:13","guid":{"rendered":"http:\/\/www.pedromigao.com.br\/ourodetolo\/?p=48602"},"modified":"2018-11-30T16:21:28","modified_gmt":"2018-11-30T18:21:28","slug":"os-sambas-enredo-de-2019","status":"publish","type":"post","link":"http:\/\/www.pedromigao.com.br\/ourodetolo\/2018\/11\/os-sambas-enredo-de-2019\/","title":{"rendered":"Os Sambas Enredo de 2019"},"content":{"rendered":"<p style=\"text-align: justify;\">Final de novembro, in\u00edcio de dezembro e todos os CDs das escolas de samba cariocas est\u00e3o dispon\u00edveis de forma oficial em plataformas digitais (Especial e S\u00e9rie A) ou dispon\u00edveis de maneira n\u00e3o oficial no YouTube (S\u00e9ries B, C e D).<\/p>\n<p style=\"text-align: justify;\">Par\u00eantese: n\u00e3o encontrei informa\u00e7\u00f5es sobre a venda oficial do CD das escolas da Intendente Magalh\u00e3es. A visibilidade j\u00e1 n\u00e3o \u00e9 das maiores e quando h\u00e1 oportunidade, a divulga\u00e7\u00e3o \u00e9 quase inexistente.<\/p>\n<p style=\"text-align: justify;\">A ideia neste texto \u00e9 escrever impress\u00f5es gerais sobre os sambas que ouvi na data em que escrevo (at\u00e9 a S\u00e9rie C), bem como observa\u00e7\u00f5es sobre algumas escolas, n\u00e3o todas. Deixarei os coment\u00e1rios mais t\u00e9cnicos aos especialistas.<\/p>\n<p style=\"text-align: justify;\">De uma forma geral, tanto Especial quanto S\u00e9rie A (especialmente esta) tiveram suas safras prejudicadas por erros de avalia\u00e7\u00e3o em suas disputas por parte de algumas escolas, n\u00e3o levando os melhores para a avenida.<\/p>\n<p style=\"text-align: justify;\">Especialmente Beija Flor na primeira e Porto da Pedra na segunda tinham op\u00e7\u00f5es muito melhores que as escolhidas \u2013 o samba derrotado na escola de S\u00e3o Gon\u00e7alo seria o melhor entre todos os grupos. Mas n\u00e3o foram as \u00fanicas.<\/p>\n<p style=\"text-align: justify;\">Ressalva feita, minha opini\u00e3o \u00e9 de que temos safras de medianas para boas em tr\u00eas dos quatro grupos. A S\u00e9rie C \u00e9 que destoa um pouco em uma primeira avalia\u00e7\u00e3o.<\/p>\n<p>https:\/\/www.youtube.com\/watch?v=szhcnNHFjLM<\/p>\n<p style=\"text-align: justify;\"><strong>O Especial<\/strong> tem como destaques Mangueira, Portela, Tuiuti e a reedi\u00e7\u00e3o da S\u00e3o Clemente. Na S\u00e9rie A Rocinha, Renascer e a reedi\u00e7\u00e3o da Unidos da Ponte. Na S\u00e9rie B temos bons sambas como a Lins Imperial, a Tradi\u00e7\u00e3o, o Arame de Ricardo e Curicica. A Unidos do Jacarezinho sobra na S\u00e9rie C, em uma primeira avalia\u00e7\u00e3o.<\/p>\n<p style=\"text-align: justify;\">No Especial, mesmo sambas n\u00e3o citados acima como Mocidade e Salgueiro tamb\u00e9m tem boa qualidade. A agremia\u00e7\u00e3o da Tijuca tem um samba tecnicamente bem feito, letra e melodia corretas, mas a meu ju\u00edzo a composi\u00e7\u00e3o peca pela frieza \u2013 e neste enredo a emo\u00e7\u00e3o era fundamental.<\/p>\n<p style=\"text-align: justify;\">A Mocidade transita entre um samba de enredo e um samba exalta\u00e7\u00e3o, que deve ser adequado para a motiva\u00e7\u00e3o da pr\u00f3pria escola. Perde um pouco em compara\u00e7\u00e3o ao Imp\u00e9rio Serrano 1995, com enredo semelhante, mas est\u00e1 na parte de cima da safra.<\/p>\n<p>https:\/\/www.youtube.com\/watch?v=rUIWchZzrzc<\/p>\n<p style=\"text-align: justify;\">O trio Mangueira, Tuiuti e Portela se destaca, a meu ver, por terem encaixado bem seus sambas \u00e0s suas propostas de desfile. Letras contundentes nos dois primeiros casos, uma melodia absolutamente emocionante na \u00c1guia \u2013 cuja aposta \u00e9 na como\u00e7\u00e3o.<\/p>\n<p style=\"text-align: justify;\">Por outro lado, Beija Flor e Imperatriz destoam. A primeira eliminou na semifinal aquele que era disparado o melhor samba da disputa, e acabou optando por uma jun\u00e7\u00e3o (uma semana depois da final ter apontado um vencedor) que gerou uma colcha de retalhos. <a href=\"http:\/\/www.pedromigao.com.br\/ourodetolo\/2018\/07\/as-prateleiras-de-enredos-no-grupo-especial\/\" target=\"_blank\" rel=\"noopener\"><span style=\"color: #ff6600;\">J\u00e1 a Imperatriz talvez tenha se ressentido do enredo fora das caracter\u00edsticas da agremia\u00e7\u00e3o<\/span><\/a>, porque a safra n\u00e3o foi nada inspirada.<\/p>\n<p style=\"text-align: justify;\">A grava\u00e7\u00e3o oficial melhorou a adapta\u00e7\u00e3o musical feita pelo Imp\u00e9rio Serrano, que na primeira vers\u00e3o divulgada estava em um andamento que faria o carro de som pedir bal\u00e3o de oxig\u00eanio com 15 minutos de desfile. Continuo achando desnecess\u00e1ria a atitude tomada pela agremia\u00e7\u00e3o, mas a m\u00fasica deu uma boa assentada em sua vers\u00e3o definitiva.<\/p>\n<p><iframe loading=\"lazy\" title=\"Acad\u00eamicos da Rocinha 2019 - Lan\u00e7amento do CD (22\/11\/2018)\" width=\"525\" height=\"295\" src=\"https:\/\/www.youtube.com\/embed\/EnE9G7MMTLo?feature=oembed\" frameborder=\"0\" allow=\"accelerometer; autoplay; clipboard-write; encrypted-media; gyroscope; picture-in-picture; web-share\" referrerpolicy=\"strict-origin-when-cross-origin\" allowfullscreen><\/iframe><\/p>\n<p style=\"text-align: justify;\"><strong>Quanto \u00e0 S\u00e9rie A<\/strong>, confesso que vivo um caso de amor com o samba da Rocinha desde a primeira audi\u00e7\u00e3o, ainda nas eliminat\u00f3rias. J\u00e1 nasce como o segundo melhor da hist\u00f3ria da escola. Renascer manteve o alto n\u00edvel habitual e a reedi\u00e7\u00e3o da Unidos da Ponte achou um andamento bem interessante 35 anos depois.<\/p>\n<p style=\"text-align: justify;\">Santa Cruz estaria neste grupo, mas chama a aten\u00e7\u00e3o a semelhan\u00e7a entre a melodia do refr\u00e3o final e Imp\u00e9rio Serrano 1994. N\u00e3o penso ter sido algo proposital, mas s\u00e3o praticamente id\u00eanticas. Ainda assim, \u00e9 belo samba.<\/p>\n<p style=\"text-align: justify;\">Cubango sofreu com as mudan\u00e7as na melodia da segunda parte ap\u00f3s a disputa, que tiraram muito do brilho. E eu tenho uma diferen\u00e7a filos\u00f3fica com o samba da Alegria da Zona Sul: samba afro com melodia animadinha e \u201cpra cima\u201d n\u00e3o me desce. \u00c9 o mesmo caso do Imp\u00e9rio da Tijuca em 2018.<\/p>\n<p style=\"text-align: justify;\">Destoa e muito o samba da Acad\u00eamicos do Sossego. Como escreveu uma seguidora no Twitter, <em>\u201ca cultura do lacre chegou ao carnaval\u201d.<\/em> A parceria para a qual o samba foi encomendado tentou algo \u201crevolucion\u00e1rio\u201d (um samba sem verbos) e claramente errou a m\u00e3o. Sem contar o infeliz verso <em>\u201ceis a\u00ed o livre arb\u00edtrio\u201d&#8230;<\/em><\/p>\n<p>https:\/\/www.youtube.com\/watch?v=TV_FqSts25Y&#038;t=48s<\/p>\n<p style=\"text-align: justify;\"><strong>As S\u00e9ries B e C, juntas<\/strong>, n\u00e3o tem nenhum samba que nos fa\u00e7a voltar e ouvir de novo. Na S\u00e9rie B, al\u00e9m dos citados no alto deste texto, chama a aten\u00e7\u00e3o o interessante enredo\/samba sobre Nelson Gon\u00e7alves da Uni\u00e3o de Maric\u00e1.<\/p>\n<p style=\"text-align: justify;\">A S\u00e9rie B tem uma safra bastante homog\u00eanea e correta. J\u00e1 a S\u00e9rie C tem um desn\u00edvel maior, com bons sambas como Jacarezinho (especialmente), Passa R\u00e9gua, Villa Rica e Uni\u00e3o do Parque Acari e outros confusos como Vila Kennedy e Sereno. Coloco aqui os dois v\u00eddeos com estes grupos, para aprecia\u00e7\u00e3o dos leitores.<\/p>\n<p style=\"text-align: justify;\">Finalizando, as safras para 2019 mant\u00e9m a tend\u00eancia de retomada do g\u00eanero samba enredo que vem se notando desde especialmente 2012. Em que pese n\u00e3o haver um \u201csuper samba\u201d (o que havia perdeu na final da Porto da Pedra), o n\u00edvel como um todo \u00e9 bastante satisfat\u00f3rio.<\/p>\n<p style=\"text-align: justify;\"><strong>Imagem: Ouro de Tolo<\/strong><\/p>\n<p>https:\/\/www.youtube.com\/watch?v=hKDPQlZnnZ4<\/p>\n<p style=\"text-align: justify;\">[related_posts limit=&#8221;3&#8243;]<\/p>\n","protected":false},"excerpt":{"rendered":"<p>Final de novembro, in\u00edcio de dezembro e todos os CDs das escolas de samba cariocas est\u00e3o dispon\u00edveis de forma oficial em plataformas digitais (Especial eTour Details<\/p>\n","protected":false},"author":2,"featured_media":48603,"comment_status":"open","ping_status":"open","sticky":false,"template":"","format":"standard","meta":{"footnotes":""},"categories":[289],"tags":[18,1320,12,19],"class_list":["post-48602","post","type-post","status-publish","format-standard","has-post-thumbnail","hentry","category-pedro-migao","tag-carnaval","tag-carnaval-2019","tag-cultura","tag-escolas-de-samba"],"_links":{"self":[{"href":"http:\/\/www.pedromigao.com.br\/ourodetolo\/wp-json\/wp\/v2\/posts\/48602","targetHints":{"allow":["GET"]}}],"collection":[{"href":"http:\/\/www.pedromigao.com.br\/ourodetolo\/wp-json\/wp\/v2\/posts"}],"about":[{"href":"http:\/\/www.pedromigao.com.br\/ourodetolo\/wp-json\/wp\/v2\/types\/post"}],"author":[{"embeddable":true,"href":"http:\/\/www.pedromigao.com.br\/ourodetolo\/wp-json\/wp\/v2\/users\/2"}],"replies":[{"embeddable":true,"href":"http:\/\/www.pedromigao.com.br\/ourodetolo\/wp-json\/wp\/v2\/comments?post=48602"}],"version-history":[{"count":2,"href":"http:\/\/www.pedromigao.com.br\/ourodetolo\/wp-json\/wp\/v2\/posts\/48602\/revisions"}],"predecessor-version":[{"id":48605,"href":"http:\/\/www.pedromigao.com.br\/ourodetolo\/wp-json\/wp\/v2\/posts\/48602\/revisions\/48605"}],"wp:featuredmedia":[{"embeddable":true,"href":"http:\/\/www.pedromigao.com.br\/ourodetolo\/wp-json\/wp\/v2\/media\/48603"}],"wp:attachment":[{"href":"http:\/\/www.pedromigao.com.br\/ourodetolo\/wp-json\/wp\/v2\/media?parent=48602"}],"wp:term":[{"taxonomy":"category","embeddable":true,"href":"http:\/\/www.pedromigao.com.br\/ourodetolo\/wp-json\/wp\/v2\/categories?post=48602"},{"taxonomy":"post_tag","embeddable":true,"href":"http:\/\/www.pedromigao.com.br\/ourodetolo\/wp-json\/wp\/v2\/tags?post=48602"}],"curies":[{"name":"wp","href":"https:\/\/api.w.org\/{rel}","templated":true}]}}