{"id":48387,"date":"2018-07-31T06:30:52","date_gmt":"2018-07-31T09:30:52","guid":{"rendered":"http:\/\/www.pedromigao.com.br\/ourodetolo\/?p=48387"},"modified":"2018-07-31T08:38:41","modified_gmt":"2018-07-31T11:38:41","slug":"as-prateleiras-de-enredos-no-grupo-especial","status":"publish","type":"post","link":"http:\/\/www.pedromigao.com.br\/ourodetolo\/2018\/07\/as-prateleiras-de-enredos-no-grupo-especial\/","title":{"rendered":"As Prateleiras de Enredos no Grupo Especial"},"content":{"rendered":"<p style=\"text-align: justify;\"><a href=\"http:\/\/www.pedromigao.com.br\/ourodetolo\/2018\/06\/o-dilema-da-serie-a\/\" target=\"_blank\" rel=\"noopener\"><span style=\"color: #ff6600;\">Quando escrevi o meu \u00faltimo artigo neste blog<\/span><\/a>, h\u00e1 quase dois meses, havia prometido analisar os enredos do Grupo Especial para 2019. Certa demora de algumas agremia\u00e7\u00f5es, afazeres meus me deixando sem tempo, acabaram atrasando este artigo.<\/p>\n<p style=\"text-align: justify;\">Neste momento, as 14 escolas do Grupo Especial j\u00e1 tem seus enredos definidos. No momento em que escrevo, tr\u00eas delas (Mocidade, Salgueiro e Imperatriz) j\u00e1 tem seus concorrentes divulgados. Ou seja, \u00e9 hora de observar o que teremos para 2019 no principal grupo de escolas de samba cariocas.<\/p>\n<p style=\"text-align: justify;\">Os esportes americanos costumam utilizar o conceito de \u201cprateleiras\u201d para agrupar equipes ou jogadores em grupos de qualidade\/atratividade semelhantes, da melhor ou maior para a menor. Irei me utilizar deste conceito para agrupar os enredos das escolas cariocas por \u201cafinidade\u201d, tornando mais did\u00e1tico o meu pensamento.<\/p>\n<p style=\"text-align: justify;\">Ao contr\u00e1rio do conceito original, n\u00e3o irei ordenar as prateleiras de enredos em \u201cmelhores\u201d ou \u201cpiores\u201d, \u00e0 exce\u00e7\u00e3o da primeira prateleira e assim mesmo com ressalvas. Dito isso, vamos aos enredos:<\/p>\n<p>https:\/\/www.youtube.com\/watch?v=o-3Z4E1fk8w<\/p>\n<p style=\"text-align: justify;\"><strong>Prateleira 1 \u2013 \u201cBombas At\u00f4micas\u201d: Portela, Salgueiro e Beija Flor<\/strong><\/p>\n<p style=\"text-align: justify;\">Costumo chamar de \u201cbombas at\u00f4micas\u201d aqueles enredos que as comunidades todo ano pedem que a escola fa\u00e7a, mas que nunca saem e acabam virando meio folcl\u00f3ricos no mundo do samba.<\/p>\n<p style=\"text-align: justify;\">S\u00e3o temas que, a princ\u00edpio, podem dar aquela motiva\u00e7\u00e3o e emo\u00e7\u00e3o a mais para que a escola em quest\u00e3o possa buscar o campeonato.<\/p>\n<p style=\"text-align: justify;\">S\u00f3 que, para 2019, sa\u00edram tr\u00eas deles de uma vez. Por ordem de an\u00fancio: Portela e a homenagem a Clara Nunes, Salgueiro de Xang\u00f4 e a Beija Flor contando sua pr\u00f3pria hist\u00f3ria a partir de seus grandes carnavais, segundo a sinopse divulgada ontem.<\/p>\n<p style=\"text-align: justify;\">A Portela n\u00e3o faz um enredo homenagem desde 2000, com Get\u00falio Vargas \u2013 e assim mesmo n\u00e3o era exatamente uma homenagem \u2013 e antes disso somente em 1984, na inaugura\u00e7\u00e3o do Samb\u00f3dromo. Clara Nunes \u00e9 quase que uma Divindade para a \u00c1guia, e um enredo a exaltando era um pedido antigo de dirigentes, torcedores e admiradores. A aposta \u00e9 na emo\u00e7\u00e3o.<\/p>\n<p style=\"text-align: justify;\">O Salgueiro, que vem atravessando um momento institucional atribulado ap\u00f3s as \u00faltimas elei\u00e7\u00f5es \u2013 que, espera-se, tenha uma defini\u00e7\u00e3o em breve por parte da Justi\u00e7a \u2013 tem Xang\u00f4 como seu Orix\u00e1 padroeiro\/protetor e era outro enredo pedido h\u00e1 anos pelos torcedores e simpatizantes da Academia. Era conhecido no meio como o \u201cEnredo das Cinco Letras\u201d. Das tr\u00eas, \u00e9 a \u00fanica que j\u00e1 divulgou seus concorrentes \u2013 eu, pessoalmente, gostei da safra.<\/p>\n<p style=\"text-align: justify;\">O Beija Flor (como o lan\u00e7amento do enredo frisou, retomando como a escola se denominava na d\u00e9cada de 70) tinha por parte de seus torcedores um desejo antigo de contar a sua hist\u00f3ria e as suas hist\u00f3rias.<\/p>\n<p style=\"text-align: justify;\">A avalia\u00e7\u00e3o \u00e9 que as tr\u00eas agremia\u00e7\u00f5es, apesar da ordem de desfile um tanto quanto ingrata para Salgueiro e Beija Flor (quarta e quinta de domingo, respectivamente), saem um degrau \u00e0 frente em rela\u00e7\u00e3o \u00e0s demais. O que n\u00e3o significa, necessariamente, que chegar\u00e3o \u00e0 frente em mar\u00e7o.<\/p>\n<p style=\"text-align: justify;\">Vale lembrar que o enredo do Salgueiro \u00e9 o primeiro enredo tipicamente afro do Grupo Especial desde a Grande Rio no long\u00ednquo 1994.<\/p>\n<p><iframe loading=\"lazy\" title=\"Para\u00edso do Tuiuti 2019 | Samba Oficial (\u00e1udio completo + teaser do clipe)\" width=\"525\" height=\"295\" src=\"https:\/\/www.youtube.com\/embed\/uaWuUs0rD04?feature=oembed\" frameborder=\"0\" allow=\"accelerometer; autoplay; clipboard-write; encrypted-media; gyroscope; picture-in-picture; web-share\" referrerpolicy=\"strict-origin-when-cross-origin\" allowfullscreen><\/iframe><\/p>\n<p style=\"text-align: justify;\"><strong>Prateleira 2 \u2013 \u201cAs Hist\u00f3rias que a Hist\u00f3ria N\u00e3o Contou\u201d: Mangueira e Tuiuti<\/strong><\/p>\n<p style=\"text-align: justify;\">As duas agremia\u00e7\u00f5es, de comunidades vizinhas \u2013 e, de certa forma, complementares \u2013 optaram por contar ou recriar epis\u00f3dios da Hist\u00f3ria do Brasil de uma forma que n\u00e3o se ensina nas escolas.<\/p>\n<p style=\"text-align: justify;\">O Para\u00edso do Tuiuti, inclusive, j\u00e1 divulgou seu samba oficial \u2013 acima. S\u00e3o enredos afins \u00e0s tradi\u00e7\u00f5es das escolas, a Tuiuti de forma mais recente. A hist\u00f3ria do bode cearense que se elege vereador \u00e9 o gancho para mais uma grande cr\u00edtica ao momento pol\u00edtico atual do Brasil.<\/p>\n<p style=\"text-align: justify;\">A Mangueira optou por uma cr\u00edtica e recontagem de grandes epis\u00f3dios da Hist\u00f3ria do Brasil. O carnavalesco Leandro Vieira vem se notabilizando por enredos culturais e certeza de que vir\u00e1 mais coisa boa no desfile da verde e rosa.<\/p>\n<p><a href=\"http:\/\/www.pedromigao.com.br\/ourodetolo\/wp-content\/uploads\/2017\/03\/20170228_010359.jpg\"><img loading=\"lazy\" decoding=\"async\" class=\"aligncenter wp-image-45385\" src=\"http:\/\/www.pedromigao.com.br\/ourodetolo\/wp-content\/uploads\/2017\/03\/20170228_010359-453x340.jpg\" alt=\"\" width=\"593\" height=\"445\" srcset=\"http:\/\/www.pedromigao.com.br\/ourodetolo\/wp-content\/uploads\/2017\/03\/20170228_010359-453x340.jpg 453w, http:\/\/www.pedromigao.com.br\/ourodetolo\/wp-content\/uploads\/2017\/03\/20170228_010359-300x225.jpg 300w, http:\/\/www.pedromigao.com.br\/ourodetolo\/wp-content\/uploads\/2017\/03\/20170228_010359-768x576.jpg 768w\" sizes=\"auto, (max-width: 593px) 100vw, 593px\" \/><\/a><strong>Prateleira 3 \u2013 \u201cAbstra\u00e7\u00f5es, Ideias, Recria\u00e7\u00f5es\u201d: Imp\u00e9rio Serrano, Viradouro, Mocidade Independente e S\u00e3o Clemente<\/strong><\/p>\n<p style=\"text-align: justify;\">S\u00e3o enredos bastante diferentes entre si, mas acredito que possuem um ponto em comum: permitem aos carnavalescos sa\u00edrem de op\u00e7\u00f5es mais \u00f3bvias ou hist\u00f3rias mais lineares para poder divagar \u2013 \u00e0 exce\u00e7\u00e3o, um pouco, da S\u00e3o Clemente.<\/p>\n<p style=\"text-align: justify;\">Esta ir\u00e1 reeditar \u201cE O Samba Sambou\u201d, seu carnaval de maior destaque (1990). Uma cr\u00edtica aos rumos das escolas de samba, ainda atuais hoje. N\u00e3o sei at\u00e9 que ponto \u00e9 v\u00e1lido reeditar o samba\/desfile que \u00e9 considerado o maior de sua hist\u00f3ria, mas pode ser interessante.<\/p>\n<p style=\"text-align: justify;\">O Imp\u00e9rio Serrano trar\u00e1 como enredo e samba a m\u00fasica \u201cO Que \u00e9, o Que \u00e9\u201d, de Gonzaguinha. Transformar a m\u00fasica em enredo me parece bastante inteligente, at\u00e9 porque a letra permite diversas sa\u00eddas para o desenvolvimento do desfile. Discordo e muito da m\u00fasica ser o samba enredo em si, mas este \u00e9 tema para outro artigo. Como enredo, ok.<\/p>\n<p style=\"text-align: justify;\">O enredo da Viradouro ser\u00e1 um ve\u00edculo para mais um fervilhar de ideias do carnavalesco Paulo Barros. Vamos ver no que se transforma no dia do desfile, ainda mais vindo de um ano n\u00e3o muito feliz na Vila Isabel.<\/p>\n<p style=\"text-align: justify;\">O desfile da Mocidade ter\u00e1 um enredo que me lembra o desenvolvido pelo Imp\u00e9rio Serrano em 1995. Curiosamente, a Mocidade, que encerra os desfiles, tamb\u00e9m ir\u00e1 desfilar \u00e0 luz do dia, como o Imp\u00e9rio Serrano. Os sambas j\u00e1 foram divulgados e, se n\u00e3o \u00e9 uma safra especialmente inspirada, tem boas composi\u00e7\u00f5es.<\/p>\n<p style=\"text-align: justify;\"><strong><a href=\"http:\/\/www.pedromigao.com.br\/ourodetolo\/wp-content\/uploads\/2018\/07\/20160208_221354.jpg\"><img loading=\"lazy\" decoding=\"async\" class=\"aligncenter wp-image-48388\" src=\"http:\/\/www.pedromigao.com.br\/ourodetolo\/wp-content\/uploads\/2018\/07\/20160208_221354-550x309.jpg\" alt=\"\" width=\"593\" height=\"333\" srcset=\"http:\/\/www.pedromigao.com.br\/ourodetolo\/wp-content\/uploads\/2018\/07\/20160208_221354-550x309.jpg 550w, http:\/\/www.pedromigao.com.br\/ourodetolo\/wp-content\/uploads\/2018\/07\/20160208_221354-300x169.jpg 300w, http:\/\/www.pedromigao.com.br\/ourodetolo\/wp-content\/uploads\/2018\/07\/20160208_221354-768x432.jpg 768w\" sizes=\"auto, (max-width: 593px) 100vw, 593px\" \/><\/a>Prateleira 4 \u2013 \u201cAcabou o Ca\u00f4, o Dinheiro Chegou, o Dinheiro Chegou, \u00d4\u00d4\u00d4\u00d4\u201d: Grande Rio, Tijuca, Vila Isabel e Uni\u00e3o da Ilha<\/strong><\/p>\n<p style=\"text-align: justify;\">Fa\u00e7o no t\u00edtulo uma brincadeira emulando o grito de torcidas do Maracan\u00e3 para introduzir os enredos patrocinados deste ano. Ressalto que este ano n\u00e3o haver\u00e1 nenhuma bizarrice como o iogurte, o que j\u00e1 \u00e9 um salto de qualidade.<\/p>\n<p style=\"text-align: justify;\">A Grande Rio (segundo consta, patrocinada por uma universidade privada) abre seu desfile criticando os cr\u00edticos da virada de mesa sob o argumento de que \u201ctodos cometem pequenos delitos\u201d. Depois no desenvolvimento chega ao \u201cpoder da educa\u00e7\u00e3o\u201d como forma de reden\u00e7\u00e3o.<\/p>\n<p style=\"text-align: justify;\">Sendo polido, diria que faltou um pouco de bom senso \u00e0 escola em apresentar este enredo ap\u00f3s os acontecimentos do \u00faltimo ano, mas a Grande Rio entendeu este epis\u00f3dio como forma de \u201ceducar\u201d a popula\u00e7\u00e3o atrav\u00e9s do carnaval. O samba ser\u00e1 encomendado.<\/p>\n<p style=\"text-align: justify;\">A Unidos da Tijuca, que encerra o desfile de domingo, contar\u00e1 a hist\u00f3ria do p\u00e3o. A sinopse tenta beber um pouco na fonte da cr\u00edtica social, viaja pela hist\u00f3ria e, a meu ju\u00edzo, poderia ter sido um pouco mais simples\/linear. Ou mesmo mais leve \u2013 mas enfim, n\u00e3o sou eu o carnavalesco.<\/p>\n<p style=\"text-align: justify;\">Patrocinada por uma cervejaria e pela prefeitura de Petr\u00f3polis, a Vila Isabel tem o primeiro enredo \u201cCEP\u201d do ano. Petr\u00f3polis, j\u00e1 abordada pelo Porto da Pedra em 2002, \u00e9 uma cidade com uma rica hist\u00f3ria e, dentro do poss\u00edvel em um enredo desta natureza, \u00e9 uma boa hist\u00f3ria para se contar.<\/p>\n<p style=\"text-align: justify;\">E temos a Uni\u00e3o da Ilha, que com investimento a princ\u00edpio de entes privados cearenses (s\u00f3 acredito vendo, mas o tempo dir\u00e1), far\u00e1 um passeio pelo Cear\u00e1 tendo o encontro entre Jos\u00e9 de Alencar e Rachel de Queiroz, dois g\u00eanios cearenses da literatura, como fio condutor.<\/p>\n<p style=\"text-align: justify;\">Sabemos que a agremia\u00e7\u00e3o enfrenta dificuldades financeiras, mas pessoalmente tenho d\u00favidas se, em um ano como esse, \u00e9 a melhor op\u00e7\u00e3o aos insulanos. Ainda mais porque posteriormente a escola foi sorteada desfilando imediatamente ap\u00f3s a Portela, que tem uma proposta de desfile calcada na emo\u00e7\u00e3o pura.<\/p>\n<p style=\"text-align: justify;\">Utilizando uma express\u00e3o do futebol, tenho d\u00favidas se o ganho financeiro valer\u00e1 um poss\u00edvel menor ganho t\u00e9cnico.<\/p>\n<p style=\"text-align: justify;\">Vale lembrar que um enredo parecido ao da Ilha, mas enfocando Goi\u00e1s e tendo a poetisa Cora Coralina como fio condutor, foi proposto a pelo menos duas escolas. Segundo consta, a proposta financeira n\u00e3o foi considerada suficiente para aceita\u00e7\u00e3o.<\/p>\n<p style=\"text-align: justify;\"><strong><a href=\"http:\/\/www.pedromigao.com.br\/ourodetolo\/wp-content\/uploads\/2018\/07\/20160209_043247.jpg\"><img loading=\"lazy\" decoding=\"async\" class=\"aligncenter wp-image-48389\" src=\"http:\/\/www.pedromigao.com.br\/ourodetolo\/wp-content\/uploads\/2018\/07\/20160209_043247-550x309.jpg\" alt=\"\" width=\"593\" height=\"333\" srcset=\"http:\/\/www.pedromigao.com.br\/ourodetolo\/wp-content\/uploads\/2018\/07\/20160209_043247-550x309.jpg 550w, http:\/\/www.pedromigao.com.br\/ourodetolo\/wp-content\/uploads\/2018\/07\/20160209_043247-300x169.jpg 300w, http:\/\/www.pedromigao.com.br\/ourodetolo\/wp-content\/uploads\/2018\/07\/20160209_043247-768x432.jpg 768w\" sizes=\"auto, (max-width: 593px) 100vw, 593px\" \/><\/a>Prateleira 5 \u2013 \u201cJogando em Outra Posi\u00e7\u00e3o\u201d: Imperatriz<\/strong><\/p>\n<p style=\"text-align: justify;\">N\u00e3o consigo enquadrar a Imperatriz em nenhuma das prateleiras acima. Originalmente a ideia seria contar a hist\u00f3ria do dinheiro \u2013 <a href=\"http:\/\/www.pedromigao.com.br\/ourodetolo\/2017\/01\/samba-de-terca-samba-e-economia\/\" target=\"_blank\" rel=\"noopener\"><span style=\"color: #ff6600;\">algo como Vila Isabel 1995, que j\u00e1 abordei na coluna \u201cSamba de Ter\u00e7a\u201d<\/span><\/a> \u2013 mas o enredo ganhou alguns enxertos como viagens espaciais, por exemplo. Os sambas, divulgados no \u00faltimo domingo, n\u00e3o est\u00e3o dos mais inspirados.<\/p>\n<p style=\"text-align: justify;\">Talvez seja o enredo mais fora das caracter\u00edsticas da agremia\u00e7\u00e3o este ano no Especial, talvez com a Portela como companhia \u2013 mas esta nem tanto, porque o \u201colhar para dentro\u201d \u00e9 uma constante na azul e branco.<\/p>\n<p style=\"text-align: justify;\">Enfim, os enredos do Grupo Especial para 2019 mostram um vigor surpreendente dado o momento de crise que muitos estudiosos enxergam no carnaval carioca. \u00c9 um movimento salutar, que dever\u00e1 se refletir em uma boa safra de sambas e em um bom desfile.<\/p>\n<p><strong>Imagens: Arquivo Ouro de Tolo<\/strong><\/p>\n<p>[related_posts limit=&#8221;3&#8243;]<\/p>\n","protected":false},"excerpt":{"rendered":"<p>Quando escrevi o meu \u00faltimo artigo neste blog, h\u00e1 quase dois meses, havia prometido analisar os enredos do Grupo Especial para 2019. Certa demora deTour Details<\/p>\n","protected":false},"author":2,"featured_media":45375,"comment_status":"open","ping_status":"open","sticky":false,"template":"","format":"standard","meta":{"footnotes":""},"categories":[289],"tags":[18,1320,12,19],"class_list":["post-48387","post","type-post","status-publish","format-standard","has-post-thumbnail","hentry","category-pedro-migao","tag-carnaval","tag-carnaval-2019","tag-cultura","tag-escolas-de-samba"],"_links":{"self":[{"href":"http:\/\/www.pedromigao.com.br\/ourodetolo\/wp-json\/wp\/v2\/posts\/48387","targetHints":{"allow":["GET"]}}],"collection":[{"href":"http:\/\/www.pedromigao.com.br\/ourodetolo\/wp-json\/wp\/v2\/posts"}],"about":[{"href":"http:\/\/www.pedromigao.com.br\/ourodetolo\/wp-json\/wp\/v2\/types\/post"}],"author":[{"embeddable":true,"href":"http:\/\/www.pedromigao.com.br\/ourodetolo\/wp-json\/wp\/v2\/users\/2"}],"replies":[{"embeddable":true,"href":"http:\/\/www.pedromigao.com.br\/ourodetolo\/wp-json\/wp\/v2\/comments?post=48387"}],"version-history":[{"count":5,"href":"http:\/\/www.pedromigao.com.br\/ourodetolo\/wp-json\/wp\/v2\/posts\/48387\/revisions"}],"predecessor-version":[{"id":48394,"href":"http:\/\/www.pedromigao.com.br\/ourodetolo\/wp-json\/wp\/v2\/posts\/48387\/revisions\/48394"}],"wp:featuredmedia":[{"embeddable":true,"href":"http:\/\/www.pedromigao.com.br\/ourodetolo\/wp-json\/wp\/v2\/media\/45375"}],"wp:attachment":[{"href":"http:\/\/www.pedromigao.com.br\/ourodetolo\/wp-json\/wp\/v2\/media?parent=48387"}],"wp:term":[{"taxonomy":"category","embeddable":true,"href":"http:\/\/www.pedromigao.com.br\/ourodetolo\/wp-json\/wp\/v2\/categories?post=48387"},{"taxonomy":"post_tag","embeddable":true,"href":"http:\/\/www.pedromigao.com.br\/ourodetolo\/wp-json\/wp\/v2\/tags?post=48387"}],"curies":[{"name":"wp","href":"https:\/\/api.w.org\/{rel}","templated":true}]}}