{"id":48213,"date":"2018-06-06T08:03:50","date_gmt":"2018-06-06T11:03:50","guid":{"rendered":"http:\/\/www.pedromigao.com.br\/ourodetolo\/?p=48213"},"modified":"2018-06-06T08:06:56","modified_gmt":"2018-06-06T11:06:56","slug":"o-dilema-da-serie-a","status":"publish","type":"post","link":"http:\/\/www.pedromigao.com.br\/ourodetolo\/2018\/06\/o-dilema-da-serie-a\/","title":{"rendered":"O Dilema da S\u00e9rie A"},"content":{"rendered":"<p style=\"text-align: justify;\">Na noite de ontem, a S\u00e9rie A, que contar\u00e1 com 13 escolas ap\u00f3s o n\u00e3o rebaixamento da Acad\u00eamicos do Sossego, realizou o sorteio de sua ordem de desfile para o carnaval de 2019.<\/p>\n<p style=\"text-align: justify;\">E este grupo atravessa um momento, a meu ver, de profunda crise de identidade. Crise esta agravada pelas seguidas viradas de mesa no Grupo Especial, que acabaram tirando, por consequ\u00eancia, muito da competitividade deste grupo.<\/p>\n<p style=\"text-align: justify;\">Para 2019, a n\u00e3o ser que haja um imprevisto grande nos dias de desfile ou uma surpresa totalmente inesperada, pode-se dizer que a Unidos de Padre Miguel desponta como favorita absoluta a, finalmente e com bons anos de atraso, voltar ao Grupo Especial \u2013 onde n\u00e3o desfila desde 1972.<\/p>\n<p style=\"text-align: justify;\">Por outro lado, temos um grupo com Acad\u00eamicos do Sossego, Unidos de Bangu, Unidos da Ponte (tr\u00eas escolas comandadas por grupos afins, a prop\u00f3sito) e talvez a Acad\u00eamicos de Santa Cruz (que sequer tem carnavalesco no momento em que escrevo) que devem disputar o direito de permanecer na S\u00e9rie A para 2020.<\/p>\n<p style=\"text-align: justify;\">Ou seja: salvo, ressalvando uma vez mais, um acidente na pista ou um desfile acima do padr\u00e3o anterior, temos oito escolas que, <strong>a princ\u00edpio<\/strong>, desfilar\u00e3o apenas para cumprir tabela. Porto da Pedra e Est\u00e1cio (aquela mais que essa) um pouco mais acima, Imp\u00e9rio da Tijuca, Renascer, Alegria da Zona Sul, Inocentes de Belford Roxo. Acad\u00eamicos da Rocinha e Acad\u00eamicos do Cubango n\u00e3o devem ter f\u00f4lego para buscar o acesso, nem se preocupar com um eventual rebaixamento.<\/p>\n<p style=\"text-align: justify;\">E por que este fen\u00f4meno ocorre? Devido a uma s\u00e9rie de motivos.<strong><a href=\"http:\/\/www.pedromigao.com.br\/ourodetolo\/wp-content\/uploads\/2018\/06\/20180209_225338.jpg\"><img loading=\"lazy\" decoding=\"async\" class=\"aligncenter wp-image-48215\" src=\"http:\/\/www.pedromigao.com.br\/ourodetolo\/wp-content\/uploads\/2018\/06\/20180209_225338-453x340.jpg\" alt=\"\" width=\"593\" height=\"445\" srcset=\"http:\/\/www.pedromigao.com.br\/ourodetolo\/wp-content\/uploads\/2018\/06\/20180209_225338-453x340.jpg 453w, http:\/\/www.pedromigao.com.br\/ourodetolo\/wp-content\/uploads\/2018\/06\/20180209_225338-300x225.jpg 300w, http:\/\/www.pedromigao.com.br\/ourodetolo\/wp-content\/uploads\/2018\/06\/20180209_225338-768x576.jpg 768w\" sizes=\"auto, (max-width: 593px) 100vw, 593px\" \/><\/a>O primeiro \u00e9 a disparidade econ\u00f4mica e de estrutura<\/strong>. A Unidos de Padre Miguel, ainda mais ap\u00f3s os \u00faltimos acessos sem descenso para o Especial, sobra em termos de estrutura e poderio financeiro, al\u00e9m de possuir uma comunidade bastante coesa.<\/p>\n<p style=\"text-align: justify;\">Para 2019, essa diferen\u00e7a se torna ainda maior, devido a dois fatores: \u00e0 redu\u00e7\u00e3o das verbas oficiais prevista (subven\u00e7\u00e3o), e a um s\u00e9rio problema que vem de anos e que se agravou nas \u00faltimas semanas, <span style=\"color: #ff6600;\"><a style=\"color: #ff6600;\" href=\"https:\/\/oglobo.globo.com\/rio\/escolas-de-samba-da-serie-pedem-doacao-de-terreno-na-avenida-brasil-para-cidade-do-samba-2-22724251\" target=\"_blank\" rel=\"noopener\">que \u00e9 a situa\u00e7\u00e3o dos barrac\u00f5es deste grupo<\/a>.<\/span><\/p>\n<p style=\"text-align: justify;\">Alegria da Zona Sul, Rocinha, Santa Cruz e Inocentes j\u00e1 perderam ou est\u00e3o em vias de perder seu espa\u00e7o. A Sossego tamb\u00e9m foi desalojada e est\u00e1 em um espa\u00e7o menor, Ponte e Bangu tamb\u00e9m est\u00e3o com problemas em seus barrac\u00f5es. Somente Unidos de Padre Miguel e Acad\u00eamicos do Cubango possuem situa\u00e7\u00f5es jur\u00eddicas est\u00e1veis para seus espa\u00e7os, segundo a mat\u00e9ria de O Globo linkada acima.<\/p>\n<p style=\"text-align: justify;\"><a href=\"https:\/\/m.facebook.com\/story.php?story_fbid=1057368461077778&amp;id=144449165703050\" target=\"_blank\" rel=\"noopener\"><span style=\"color: #ff6600;\">A Acad\u00eamicos de Santa Cruz divulgou nota ontem em seu perfil do Facebook fazendo um apelo \u00e0s autoridades para que resolva esta quest\u00e3o de seu barrac\u00e3o.<\/span><\/a><\/p>\n<p style=\"text-align: justify;\">A falta de dinheiro e a precariedade de barrac\u00e3o j\u00e1 limitam bastante as possibilidades de se fazer um grande desfile.<\/p>\n<p style=\"text-align: justify;\"><strong>Segundo, as sucessivas viradas de mesa no Especial<\/strong>. Imaginem um desfile de 2019 com Tijuca (ou Tuiuti, ou Viradouro, ou Grande Rio), Imp\u00e9rio Serrano e Unidos de Padre Miguel? A competitividade seria outra, bem como o apelo \u2013 o que ajuda a encontrar patrocinadores.<\/p>\n<p style=\"text-align: justify;\">Al\u00e9m de diminuir a competitividade, as sucessivas viradas de mesa no grupo principal acabam trazendo um efeito redutor da credibilidade do carnaval como um todo, o que tamb\u00e9m afeta este grupo. S\u00e3o menos empresas investindo, menos pessoas consumindo, menos imprensa cobrindo.<\/p>\n<p style=\"text-align: justify;\"><strong><a href=\"http:\/\/www.pedromigao.com.br\/ourodetolo\/wp-content\/uploads\/2017\/02\/20170226_021544.jpg\"><img loading=\"lazy\" decoding=\"async\" class=\"aligncenter wp-image-45304\" src=\"http:\/\/www.pedromigao.com.br\/ourodetolo\/wp-content\/uploads\/2017\/02\/20170226_021544-453x340.jpg\" alt=\"\" width=\"593\" height=\"445\" srcset=\"http:\/\/www.pedromigao.com.br\/ourodetolo\/wp-content\/uploads\/2017\/02\/20170226_021544-453x340.jpg 453w, http:\/\/www.pedromigao.com.br\/ourodetolo\/wp-content\/uploads\/2017\/02\/20170226_021544-300x225.jpg 300w, http:\/\/www.pedromigao.com.br\/ourodetolo\/wp-content\/uploads\/2017\/02\/20170226_021544-768x576.jpg 768w\" sizes=\"auto, (max-width: 593px) 100vw, 593px\" \/><\/a>Terceiro, a falta de grandes objetivos<\/strong>. Ao contr\u00e1rio do Grupo Especial, que ainda tem o pr\u00eamio do Desfile das Campe\u00e3s at\u00e9 a sexta colocada, a S\u00e9rie A n\u00e3o tem qualquer est\u00edmulo \u00e0s escolas que n\u00e3o seja a vaga no Grupo Especial \u2013 uma, somente.<\/p>\n<p style=\"text-align: justify;\">Acrescentando-se, a diferen\u00e7a acima de estrutura e dinheiro citada estratifica as escolas e mesmo uma surpresa como a Cubango em 2018 acaba esbarrando nestas limita\u00e7\u00f5es em termos de resultado.<\/p>\n<p style=\"text-align: justify;\">Caindo uma tamb\u00e9m (para 2019, talvez sejam duas), a disputa para se manter na Marqu\u00eas de Sapuca\u00ed para o ano seguinte acaba se limitando \u00e0 escola que vem da S\u00e9rie B e, no m\u00e1ximo, mais uma ou duas agremia\u00e7\u00f5es.<\/p>\n<p style=\"text-align: justify;\">E existem solu\u00e7\u00f5es para este quadro? Em minha avalia\u00e7\u00e3o sim, mas n\u00e3o vejo nenhuma das propostas que elencarei abaixo plaus\u00edveis de serem implantadas efetivamente a curto e m\u00e9dio prazo. Mas vamos l\u00e1:<\/p>\n<p style=\"text-align: justify;\"><strong><a href=\"http:\/\/www.pedromigao.com.br\/ourodetolo\/wp-content\/uploads\/2018\/06\/20180209_225022.jpg\"><img loading=\"lazy\" decoding=\"async\" class=\"aligncenter wp-image-48216\" src=\"http:\/\/www.pedromigao.com.br\/ourodetolo\/wp-content\/uploads\/2018\/06\/20180209_225022-453x340.jpg\" alt=\"\" width=\"593\" height=\"445\" srcset=\"http:\/\/www.pedromigao.com.br\/ourodetolo\/wp-content\/uploads\/2018\/06\/20180209_225022-453x340.jpg 453w, http:\/\/www.pedromigao.com.br\/ourodetolo\/wp-content\/uploads\/2018\/06\/20180209_225022-300x225.jpg 300w, http:\/\/www.pedromigao.com.br\/ourodetolo\/wp-content\/uploads\/2018\/06\/20180209_225022-768x576.jpg 768w\" sizes=\"auto, (max-width: 593px) 100vw, 593px\" \/><\/a>Dinheiro para as agremia\u00e7\u00f5es<\/strong>. Ao inv\u00e9s de reduzir como nos dois \u00faltimos anos, aumentar as fontes de subven\u00e7\u00e3o, especialmente as oficiais. A renova\u00e7\u00e3o do contrato com a Rede Globo, apesar das informa\u00e7\u00f5es conflitantes que obtive sobre a magnitude dos valores, minora um pouco o preju\u00edzo para o ano que vem; mas as fontes oficiais cobrem, sendo otimista, 40% do necess\u00e1rio a um desfile competitivo.<\/p>\n<p style=\"text-align: justify;\"><strong>Estrutura de barrac\u00e3o definitiva<\/strong>. Essa seria a mais urgente, mas apesar do discurso da Riotur, n\u00e3o vejo a menor possibilidade de uma solu\u00e7\u00e3o definitiva nem a m\u00e9dio prazo. <span style=\"color: #ff6600;\"><a style=\"color: #ff6600;\" href=\"http:\/\/www.pedromigao.com.br\/ourodetolo\/2011\/10\/quem-desfila-quer-casa-a-questao-do-carandiru\/\" target=\"_blank\" rel=\"noopener\">Em 2011 (!) escrevi artigo sobre os problemas de estrutura das escolas deste grupo<\/a><\/span>, depois em <span style=\"color: #ff6600;\"><a style=\"color: #ff6600;\" href=\"http:\/\/www.pedromigao.com.br\/ourodetolo\/2015\/01\/o-drama-financeiro-das-escolas-do-grupo-de-acesso\/\" target=\"_blank\" rel=\"noopener\">2015 voltei a abordar o assunto<\/a><\/span> \u2013 e n\u00e3o havia mudado rigorosamente nada. S\u00f3 acredito vendo \u2013 em nome de Jesus.<\/p>\n<p style=\"text-align: justify;\"><strong>Desfile das Campe\u00e3s<\/strong>. Essa eu n\u00e3o acredito que seja implementada nem a longo prazo, mas um desfile das Campe\u00e3s na sexta feira p\u00f3s carnaval poderia incentivar as agremia\u00e7\u00f5es tal qual no Grupo Especial. Cinco escolas, come\u00e7ando \u00e0s 23h30, terminando 5h30.<\/p>\n<p style=\"text-align: justify;\"><strong>Rota\u00e7\u00e3o \u201c2+2\u201d.<\/strong> Em minha avalia\u00e7\u00e3o, a julgar pelas declara\u00e7\u00f5es que ouvi por ocasi\u00e3o da \u00faltima virada de mesa, \u00e9 que teria mais chance de ser adotada a curto\/m\u00e9dio prazos. Sobem duas ao Especial, descem duas para a S\u00e9rie B, vem duas de uma e de outra. Isso daria uma rota\u00e7\u00e3o de 30% aproximadamente ao grupo, o que diminuiria consideravelmente a \u201cTurma da Marola\u201d.<a href=\"http:\/\/www.pedromigao.com.br\/ourodetolo\/wp-content\/uploads\/2018\/02\/20180210_033416.jpg\"><img loading=\"lazy\" decoding=\"async\" class=\"aligncenter wp-image-47863\" src=\"http:\/\/www.pedromigao.com.br\/ourodetolo\/wp-content\/uploads\/2018\/02\/20180210_033416-453x340.jpg\" alt=\"\" width=\"592\" height=\"444\" srcset=\"http:\/\/www.pedromigao.com.br\/ourodetolo\/wp-content\/uploads\/2018\/02\/20180210_033416-453x340.jpg 453w, http:\/\/www.pedromigao.com.br\/ourodetolo\/wp-content\/uploads\/2018\/02\/20180210_033416-300x225.jpg 300w, http:\/\/www.pedromigao.com.br\/ourodetolo\/wp-content\/uploads\/2018\/02\/20180210_033416-768x576.jpg 768w\" sizes=\"auto, (max-width: 592px) 100vw, 592px\" \/><\/a>O \u00fanico efeito bom deste fen\u00f4meno \u00e9 que as escolas est\u00e3o optando por enredos culturais e n\u00e3o reclames mal disfar\u00e7ados como enredos para 2019. Das escolas que divulgaram at\u00e9 agora seus enredos (faltam Renascer, Est\u00e1cio de S\u00e1, Imp\u00e9rio da Tijuca e Santa Cruz), nenhuma apelou para enredo patrocinado de forma ostensiva.<\/p>\n<p style=\"text-align: justify;\">Sobre as faltantes, Renascer est\u00e1 acertando os \u00faltimos detalhes para realizar o an\u00fancio, a Est\u00e1cio estaria tendo problemas com a libera\u00e7\u00e3o da fam\u00edlia para homenagear Luiz Melodia, o Imp\u00e9rio da Tijuca anunciaria em abril e desistiu e a Santa Cruz nem carnavalesco tem ainda.<\/p>\n<p style=\"text-align: justify;\">Finalizando, a S\u00e9rie A precisa resolver este dilema em que est\u00e1 inserida: o desfile precisa ficar mais atrativo \u00e0s pr\u00f3prias escolas e, consequentemente, o p\u00fablico. Abaixo, a ordem de desfile sorteada ontem:<\/p>\n<p><strong>Sexta-feira, 01 de mar\u00e7o<\/strong><\/p>\n<ol>\n<li>Unidos da Ponte<\/li>\n<li>Alegria da Zona Sul<\/li>\n<li>Acad\u00eamicos da Rocinha<\/li>\n<li>Acad\u00eamicos de Santa Cruz<\/li>\n<li>Unidos de Padre Miguel<\/li>\n<li>Inocentes de Belford Roxo<\/li>\n<li>Acad\u00eamicos do Sossego<\/li>\n<\/ol>\n<p><strong>S\u00e1bado, 02 de mar\u00e7o<\/strong><\/p>\n<ol>\n<li>Unidos de Bangu<\/li>\n<li>Renascer de Jacarepagu\u00e1<\/li>\n<li>Est\u00e1cio de S\u00e1<\/li>\n<li>Unidos do Porto da Pedra<\/li>\n<li>Imp\u00e9rio da Tijuca<\/li>\n<li>Acad\u00eamicos do Cubango<\/li>\n<\/ol>\n<p style=\"text-align: justify;\"><em>P.S. \u2013 Uma nota sobre o Grupo Especial. N\u00e3o me lembro de um ano onde, em 6 de junho, metade das escolas deste grupo n\u00e3o tenha divulgado ainda seus enredos \u2013 domingo a S\u00e3o Clemente ir\u00e1 divulgar o seu, uma reedi\u00e7\u00e3o segundo se comenta extraoficialmente.<\/em><\/p>\n<p style=\"text-align: justify;\"><em>\u00d3bvio que o carnaval em mar\u00e7o permite mais tempo de prepara\u00e7\u00e3o, mas me parece ser uma tentativa de retardar ao m\u00e1ximo o an\u00fancio buscando algo patrocinado.<\/em><\/p>\n<p style=\"text-align: justify;\"><strong>Imagens: Arquivo Ouro de Tolo<\/strong><\/p>\n<p>[related_posts limit=&#8221;3&#8243;]<\/p>\n","protected":false},"excerpt":{"rendered":"<p>Na noite de ontem, a S\u00e9rie A, que contar\u00e1 com 13 escolas ap\u00f3s o n\u00e3o rebaixamento da Acad\u00eamicos do Sossego, realizou o sorteio de suaTour Details<\/p>\n","protected":false},"author":2,"featured_media":48214,"comment_status":"open","ping_status":"open","sticky":false,"template":"","format":"standard","meta":{"footnotes":""},"categories":[289],"tags":[18,1320,12,19],"class_list":["post-48213","post","type-post","status-publish","format-standard","has-post-thumbnail","hentry","category-pedro-migao","tag-carnaval","tag-carnaval-2019","tag-cultura","tag-escolas-de-samba"],"_links":{"self":[{"href":"http:\/\/www.pedromigao.com.br\/ourodetolo\/wp-json\/wp\/v2\/posts\/48213","targetHints":{"allow":["GET"]}}],"collection":[{"href":"http:\/\/www.pedromigao.com.br\/ourodetolo\/wp-json\/wp\/v2\/posts"}],"about":[{"href":"http:\/\/www.pedromigao.com.br\/ourodetolo\/wp-json\/wp\/v2\/types\/post"}],"author":[{"embeddable":true,"href":"http:\/\/www.pedromigao.com.br\/ourodetolo\/wp-json\/wp\/v2\/users\/2"}],"replies":[{"embeddable":true,"href":"http:\/\/www.pedromigao.com.br\/ourodetolo\/wp-json\/wp\/v2\/comments?post=48213"}],"version-history":[{"count":8,"href":"http:\/\/www.pedromigao.com.br\/ourodetolo\/wp-json\/wp\/v2\/posts\/48213\/revisions"}],"predecessor-version":[{"id":48225,"href":"http:\/\/www.pedromigao.com.br\/ourodetolo\/wp-json\/wp\/v2\/posts\/48213\/revisions\/48225"}],"wp:featuredmedia":[{"embeddable":true,"href":"http:\/\/www.pedromigao.com.br\/ourodetolo\/wp-json\/wp\/v2\/media\/48214"}],"wp:attachment":[{"href":"http:\/\/www.pedromigao.com.br\/ourodetolo\/wp-json\/wp\/v2\/media?parent=48213"}],"wp:term":[{"taxonomy":"category","embeddable":true,"href":"http:\/\/www.pedromigao.com.br\/ourodetolo\/wp-json\/wp\/v2\/categories?post=48213"},{"taxonomy":"post_tag","embeddable":true,"href":"http:\/\/www.pedromigao.com.br\/ourodetolo\/wp-json\/wp\/v2\/tags?post=48213"}],"curies":[{"name":"wp","href":"https:\/\/api.w.org\/{rel}","templated":true}]}}