{"id":47373,"date":"2017-11-20T14:35:22","date_gmt":"2017-11-20T16:35:22","guid":{"rendered":"http:\/\/www.pedromigao.com.br\/ourodetolo\/?p=47373"},"modified":"2017-11-21T10:06:38","modified_gmt":"2017-11-21T12:06:38","slug":"novembro-azul-torque-o-preconceito-pela-vida","status":"publish","type":"post","link":"http:\/\/www.pedromigao.com.br\/ourodetolo\/2017\/11\/novembro-azul-torque-o-preconceito-pela-vida\/","title":{"rendered":"Novembro Azul: troque o preconceito pela vida"},"content":{"rendered":"<p style=\"text-align: justify;\">\u2018\u2019Troque o preconceito pela vida\u2019\u2019: esta \u00e9 a campanha do Minist\u00e9rio da Sa\u00fade em comemora\u00e7\u00e3o ao m\u00eas de novembro. Sai o Outubro Rosa e entra o Novembro Azul. Ali\u00e1s, m\u00eas comemorativo n\u00e3o \u00e9 bem a palavra, \u00e9 mais um m\u00eas de campanha e alerta, at\u00e9 porque n\u00e3o h\u00e1 muita coisa a se comemorar, pois o c\u00e2ncer de pr\u00f3stata \u00e9 o segundo mais freq\u00fcente em homens.<\/p>\n<p style=\"text-align: justify;\">Esse slogan do Minist\u00e9rio da Sa\u00fade veio bem a calhar, pois muitos homens deixam de fazer o exame preventivo por conta do preconceito. Concordo que assusta um pouco e que deve ser um tanto constrangedor passar pelo exame de toque, mas quanto antes descobrir a doen\u00e7a, maior a chance dela ser curada.<\/p>\n<p style=\"text-align: justify;\">O c\u00e2ncer de pr\u00f3stata, no geral, n\u00e3o est\u00e1 relacionado a causas ambientais e comportamentais, embora alguns estudos indiquem que o sedentarismo possa estar relacionado com o maior risco de desenvolver a doen\u00e7a.<\/p>\n<p style=\"text-align: justify;\">Assim como a maioria dos c\u00e2nceres, \u00e9 uma doen\u00e7a silenciosa em seu est\u00e1gio inicial. Por isso, \u00e9 recomend\u00e1vel que homens acima de 40 anos fa\u00e7am exame pelo menos uma vez ao ano. A boa not\u00edcia \u00e9 que a dosagem do PSA auxilia no diagn\u00f3stico precoce da doen\u00e7a, mas s\u00f3 a dosagem da prote\u00edna n\u00e3o \u00e9 o suficiente para diagnosticar o c\u00e2ncer, por isso sempre \u00e9 indicado o toque.<\/p>\n<p style=\"text-align: justify;\">Eu falei aqui ano passado e repito que a campanha do Novembro Azul ainda est\u00e1 engatinhando se comparada ao do Outubro rosa. Em alguns lugares, cl\u00ednicas oferecem exames de gra\u00e7a, assim como os postos de sa\u00fade, os quais tamb\u00e9m oferecem consultas. N\u00e3o sei como funciona nas outras cidades, mas aqui em Bel\u00e9m \u00e9 assim.<\/p>\n<p style=\"text-align: justify;\">T\u00e3o importante quanto a disponibilidade e exames e consultas, \u00e9 a conscientiza\u00e7\u00e3o de que um exame de toque n\u00e3o vai alterar sua masculinidade. Sim, \u00e9 inacredit\u00e1vel que alguns homens pensem assim em pleno s\u00e9culo XXI, mas \u00e9 a realidade. Enquanto isso, segundo o Instituto Nacional do c\u00e2ncer, um homem morre a cada 38 minutos de c\u00e2ncer pr\u00f3stata no nosso pa\u00eds.<\/p>\n<p style=\"text-align: justify;\">A conscientiza\u00e7\u00e3o e a preven\u00e7\u00e3o ainda s\u00e3o os melhores rem\u00e9dios para tentar mudar essa realidade.<\/p>\n<p>[related_posts limit=&#8221;3&#8243;]<\/p>\n","protected":false},"excerpt":{"rendered":"<p>\u2018\u2019Troque o preconceito pela vida\u2019\u2019: esta \u00e9 a campanha do Minist\u00e9rio da Sa\u00fade em comemora\u00e7\u00e3o ao m\u00eas de novembro. Sai o Outubro Rosa e entraTour Details<\/p>\n","protected":false},"author":45,"featured_media":47374,"comment_status":"open","ping_status":"open","sticky":false,"template":"","format":"standard","meta":{"footnotes":""},"categories":[1150],"tags":[1196,3,4,6],"class_list":["post-47373","post","type-post","status-publish","format-standard","has-post-thumbnail","hentry","category-setentrional","tag-cancer-de-prostata","tag-medicina","tag-saude","tag-vida-cotidiana"],"_links":{"self":[{"href":"http:\/\/www.pedromigao.com.br\/ourodetolo\/wp-json\/wp\/v2\/posts\/47373","targetHints":{"allow":["GET"]}}],"collection":[{"href":"http:\/\/www.pedromigao.com.br\/ourodetolo\/wp-json\/wp\/v2\/posts"}],"about":[{"href":"http:\/\/www.pedromigao.com.br\/ourodetolo\/wp-json\/wp\/v2\/types\/post"}],"author":[{"embeddable":true,"href":"http:\/\/www.pedromigao.com.br\/ourodetolo\/wp-json\/wp\/v2\/users\/45"}],"replies":[{"embeddable":true,"href":"http:\/\/www.pedromigao.com.br\/ourodetolo\/wp-json\/wp\/v2\/comments?post=47373"}],"version-history":[{"count":3,"href":"http:\/\/www.pedromigao.com.br\/ourodetolo\/wp-json\/wp\/v2\/posts\/47373\/revisions"}],"predecessor-version":[{"id":47387,"href":"http:\/\/www.pedromigao.com.br\/ourodetolo\/wp-json\/wp\/v2\/posts\/47373\/revisions\/47387"}],"wp:featuredmedia":[{"embeddable":true,"href":"http:\/\/www.pedromigao.com.br\/ourodetolo\/wp-json\/wp\/v2\/media\/47374"}],"wp:attachment":[{"href":"http:\/\/www.pedromigao.com.br\/ourodetolo\/wp-json\/wp\/v2\/media?parent=47373"}],"wp:term":[{"taxonomy":"category","embeddable":true,"href":"http:\/\/www.pedromigao.com.br\/ourodetolo\/wp-json\/wp\/v2\/categories?post=47373"},{"taxonomy":"post_tag","embeddable":true,"href":"http:\/\/www.pedromigao.com.br\/ourodetolo\/wp-json\/wp\/v2\/tags?post=47373"}],"curies":[{"name":"wp","href":"https:\/\/api.w.org\/{rel}","templated":true}]}}