{"id":47113,"date":"2017-10-04T07:19:04","date_gmt":"2017-10-04T10:19:04","guid":{"rendered":"http:\/\/www.pedromigao.com.br\/ourodetolo\/?p=47113"},"modified":"2017-10-03T08:40:27","modified_gmt":"2017-10-03T11:40:27","slug":"racismo-trump-e-nfl-parte-ii","status":"publish","type":"post","link":"http:\/\/www.pedromigao.com.br\/ourodetolo\/2017\/10\/racismo-trump-e-nfl-parte-ii\/","title":{"rendered":"Racismo, Trump e NFL: Parte II"},"content":{"rendered":"<p><a href=\"http:\/\/www.pedromigao.com.br\/ourodetolo\/2017\/10\/racismo-trump-e-nfl-parte-i\/\" target=\"_blank\" rel=\"noopener\"><span style=\"color: #ff6600;\">Retomando o artigo de ontem<\/span><\/a>.<\/p>\n<p style=\"text-align: justify;\">A partir da\u00ed, os Estados Unidos, que j\u00e1 tinham pequenos sinais de que uma divis\u00e3o mais profunda da sociedade estava prestes a ocorrer, intensificou tal processo e mesmo os pol\u00edticos ent\u00e3o mais moderados do Partido Republicano, percebendo a possibilidade de dividendos eleitorais, embarcaram nessa oposi\u00e7\u00e3o ferrenha, travando por seis anos no Legislativo qualquer tentativa de mudan\u00e7a nas leis feita pelo Governo Obama.<\/p>\n<p style=\"text-align: justify;\">A cada dia desses seis anos, a divis\u00e3o da sociedade ficou cada vez mais profunda e a base do Partido Republicano cada vez mais puxando o partido para uma linha nacional-conservadora crist\u00e3. Nesse meio tempo, o movimento supremacista branco, que nunca morreu no sul-sudeste dos Estados Unidos, perdeu a vergonha de se expressar em p\u00fablico; coment\u00e1rios racistas, que h\u00e1 pouco tempo eram inimagin\u00e1veis, porque mesmo se algu\u00e9m pensasse teria vergonha em falar, passaram a voltar a ser vistos &#8211; especialmente se fosse para injuriar o ent\u00e3o Presidente Obama.<\/p>\n<p style=\"text-align: justify;\">Essa base ultra nacional-conservadora tomou o Partido Republicano e, contra a vontade do &#8220;estabilishment&#8221; do Partido, conseguiu colocar Trump como candidato a Presidente. Para piorar a situa\u00e7\u00e3o, em uma elei\u00e7\u00e3o cheia de pol\u00eamicas e que est\u00e1 sendo investigada at\u00e9 hoje por influ\u00eancia estrangeira, Trump foi eleito. Para aumentar ainda mais a fratura social, gra\u00e7as ao<span style=\"color: #ff6600;\"> <a href=\"http:\/\/www.pedromigao.com.br\/ourodetolo\/2016\/10\/eleicoes-americanas-como-funciona-a-eleicao-presidencial\/\" target=\"_blank\" rel=\"noopener\">sistema americano de elei\u00e7\u00e3o presidencial<\/a>,<\/span> Trump ganhou o cargo mesmo tendo 3 milh\u00f5es a menos de votos que sua advers\u00e1ria.<\/p>\n<p style=\"text-align: justify;\">Obs: o &#8220;estabilishment&#8221; do partido est\u00e1 pagando um pre\u00e7o caro por ter aderido \u00e0 onda de oposi\u00e7\u00e3o total e est\u00e1 perdendo completamente o controle do partido para Trump e seu ex-estrategista Steve Bannon.<\/p>\n<p style=\"text-align: justify;\">O problema dessa fratura social j\u00e1 ocupa uma das primeiras posi\u00e7\u00f5es de discuss\u00e3o na opini\u00e3o p\u00fablica americana e a mesma come\u00e7a a se preocupar com o futuro do pa\u00eds caso continue a caminhar nessa linha. Por\u00e9m, Trump sabe que s\u00f3 foi eleito gra\u00e7as a ela e faz quest\u00e3o de aument\u00e1-la a todo momento.<\/p>\n<p style=\"text-align: justify;\">Ao inv\u00e9s de, como presidente de toda na\u00e7\u00e3o, fazer discursos e atos que promovam a uni\u00e3o, ele cotidianamente entra em pol\u00eamicas desnecess\u00e1rias, entre elas v\u00e1rias sobre a quest\u00e3o racial.<\/p>\n<p style=\"text-align: justify;\">Ainda na campanha eleitoral Trump relutou muito em criticar publicamente a Ku Klux Klan, a centen\u00e1ria organiza\u00e7\u00e3o de defesa da supremacia branca americana, e seu principal dirigente. Mesmo quando o finalmente o fez, foi de forma t\u00edmida.<\/p>\n<p style=\"text-align: justify;\">Poucas semanas antes do epis\u00f3dio com a NFL, outro epis\u00f3dio relacionado a racismo ficou dias em voga na imprensa americana.<\/p>\n<p style=\"text-align: justify;\"><a href=\"http:\/\/www.pedromigao.com.br\/ourodetolo\/wp-content\/uploads\/2017\/10\/charlottesville-flag.jpg\"><img loading=\"lazy\" decoding=\"async\" class=\"aligncenter  wp-image-47123\" src=\"http:\/\/www.pedromigao.com.br\/ourodetolo\/wp-content\/uploads\/2017\/10\/charlottesville-flag-550x309.jpg\" alt=\"\" width=\"593\" height=\"333\" srcset=\"http:\/\/www.pedromigao.com.br\/ourodetolo\/wp-content\/uploads\/2017\/10\/charlottesville-flag-550x309.jpg 550w, http:\/\/www.pedromigao.com.br\/ourodetolo\/wp-content\/uploads\/2017\/10\/charlottesville-flag-300x168.jpg 300w, http:\/\/www.pedromigao.com.br\/ourodetolo\/wp-content\/uploads\/2017\/10\/charlottesville-flag.jpg 700w\" sizes=\"auto, (max-width: 593px) 100vw, 593px\" \/><\/a>Durante protestos contr\u00e1rios a retirada de uma est\u00e1tua de Robert E. Lee, principal general dos Estados Confederados na Guerra de Secess\u00e3o (o lado escravocrata), da cidade m\u00e9dia de\u00a0Charlottesville, na Virg\u00ednia, um supremacista branco atropelou propositadamente v\u00e1rios &#8220;contra-protestantes&#8221;, matando uma pessoa e ferindo outras 19, tr\u00eas de forma grave.<\/p>\n<p style=\"text-align: justify;\">Sobre o triste epis\u00f3dio, Trump <a href=\"https:\/\/g1.globo.com\/mundo\/noticia\/ha-culpa-dos-dois-lados-diz-trump-sobre-violencia-em-charlottesville.ghtml\" target=\"_blank\" rel=\"noopener\"><span style=\"color: #ff6600;\">fez um pronunciamento no mesmo s\u00e1bado<\/span><\/a>, apenas duas horas depois do ocorrido onde ele condenou <em>&#8220;essa completa demonstra\u00e7\u00e3o de \u00f3dio, intoler\u00e2ncia e viol\u00eancia de v\u00e1rios lados&#8221;<\/em>. Para piorar ele enfatizou o &#8220;v\u00e1rios lados&#8221; duas vezes e emendou que o que era vital no momento era a<em> &#8220;restaura\u00e7\u00e3o da lei e da ordem&#8221;<\/em>.<\/p>\n<p style=\"text-align: justify;\">O pronunciamento foi metralhado at\u00e9 por republicanos moderados por citar que a viol\u00eancia e o \u00f3dio foram cometidos por &#8220;v\u00e1rios lados&#8221;, quando na verdade apenas o lado supremacista utilizou da viol\u00eancia. Para piorar, a cita\u00e7\u00e3o a &#8220;lei e a ordem&#8221; logo ap\u00f3s a cita\u00e7\u00e3o aos &#8220;v\u00e1rios lados&#8221; d\u00e1 a impress\u00e3o que anti-supremacistas tamb\u00e9m estavam errados.<\/p>\n<p style=\"text-align: justify;\">Ap\u00f3s esse desastre de pronunciamento, ele fez ainda um segundo pronunciamento na segunda-feira, um pouco mais enf\u00e1tico contra os supremacistas brancos, mas ainda n\u00e3o convincente.<\/p>\n<p style=\"text-align: justify;\">Ainda tentando remendar o estrago das declara\u00e7\u00f5es de s\u00e1bado, na ter\u00e7a-feira Trump leu um pronunciamento preparado por sua assessoria. O pronunciamento condenou de forma enf\u00e1tica o racismo e a viol\u00eancia do s\u00e1bado, mas claramente a express\u00e3o de Trump lendo aquilo n\u00e3o era das mais felizes e dava a d\u00favida se ele realmente concordava com o que estava lendo.<\/p>\n<p style=\"text-align: justify;\"><a href=\"http:\/\/www.pedromigao.com.br\/ourodetolo\/wp-content\/uploads\/2017\/10\/14dc-trump-1502639727214-master768.jpg\"><img loading=\"lazy\" decoding=\"async\" class=\"aligncenter  wp-image-47124\" src=\"http:\/\/www.pedromigao.com.br\/ourodetolo\/wp-content\/uploads\/2017\/10\/14dc-trump-1502639727214-master768-510x340.jpg\" alt=\"\" width=\"593\" height=\"395\" srcset=\"http:\/\/www.pedromigao.com.br\/ourodetolo\/wp-content\/uploads\/2017\/10\/14dc-trump-1502639727214-master768-510x340.jpg 510w, http:\/\/www.pedromigao.com.br\/ourodetolo\/wp-content\/uploads\/2017\/10\/14dc-trump-1502639727214-master768-300x200.jpg 300w, http:\/\/www.pedromigao.com.br\/ourodetolo\/wp-content\/uploads\/2017\/10\/14dc-trump-1502639727214-master768.jpg 768w\" sizes=\"auto, (max-width: 593px) 100vw, 593px\" \/><\/a>Refor\u00e7ando essa impress\u00e3o, logo ap\u00f3s o pronunciamento, Trump permitiu perguntas da imprensa e durante essas respostas reenfatizou sua vis\u00e3o dos &#8220;v\u00e1rios lados&#8221; e para finalizar ainda condenou &#8220;a muito, muito violenta esquerda alternativa&#8221;, em uma refer\u00eancia aos &#8220;contra-protestantes&#8221;.<\/p>\n<p style=\"text-align: justify;\">Depois dessa o estrago foi irremedi\u00e1vel. E a condena\u00e7\u00e3o foi generalizada entre pol\u00edticos de ambos os partidos e at\u00e9 do Presidente da C\u00e2mara dos Deputados.<\/p>\n<p style=\"text-align: justify;\">Foi nesse contexto que se interpretou a fala de Trump contra os jogadores da NFL, especialmente o expletivo utilizado, t\u00e3o incomum em pronunciamentos p\u00fablicos, ainda mais por algu\u00e9m que \u00e9 o atual supremo comandante da na\u00e7\u00e3o.<\/p>\n<p style=\"text-align: justify;\">Para aumentar o contexto racista, isso foi dito em um com\u00edcio pol\u00edtico no estado de Alabama, exatamente onde fica Selma, um dos estados mais racistas dos Estados Unidos, para ocupar a vaga deixada pelo atual advogado-geral (algo parecido com o Ministro da Justi\u00e7a, s\u00f3 que bem mais poderoso) de Trump, Jeff Sessions, ele mesmo acusado de racismo por v\u00e1rias vezes em sua vida pol\u00edtica.<\/p>\n<p style=\"text-align: justify;\"><a href=\"http:\/\/www.pedromigao.com.br\/ourodetolo\/wp-content\/uploads\/2017\/10\/Bills_take_knee.jpg\"><img loading=\"lazy\" decoding=\"async\" class=\"aligncenter  wp-image-47125\" src=\"http:\/\/www.pedromigao.com.br\/ourodetolo\/wp-content\/uploads\/2017\/10\/Bills_take_knee-550x311.jpg\" alt=\"\" width=\"594\" height=\"336\" srcset=\"http:\/\/www.pedromigao.com.br\/ourodetolo\/wp-content\/uploads\/2017\/10\/Bills_take_knee-550x311.jpg 550w, http:\/\/www.pedromigao.com.br\/ourodetolo\/wp-content\/uploads\/2017\/10\/Bills_take_knee-300x170.jpg 300w, http:\/\/www.pedromigao.com.br\/ourodetolo\/wp-content\/uploads\/2017\/10\/Bills_take_knee-768x435.jpg 768w, http:\/\/www.pedromigao.com.br\/ourodetolo\/wp-content\/uploads\/2017\/10\/Bills_take_knee.jpg 1060w\" sizes=\"auto, (max-width: 594px) 100vw, 594px\" \/><\/a>N\u00e3o se pode esquecer que a maioria dos jogadores da NFL s\u00e3o negros de origem pobre ou de classe m\u00e9dia baixa e a quase totalidade dos donos de times s\u00e3o brancos &#8211; muitos deles ricos de ber\u00e7o tais como Trump.<\/p>\n<p style=\"text-align: justify;\">Foi essa constante tend\u00eancia de abertura ainda maior na fratura social dos Estados Unidos por parte de Trump que fez a conservadora (mas n\u00e3o extremada) casta dirigente da NFL se unir aos jogadores passando uma mensagem de uni\u00e3o nacional e n\u00e3o incomodando os jogadores que tenham uma postura de protesto ao hino americano.<\/p>\n<p style=\"text-align: justify;\">Por fim, mas n\u00e3o menos importante, outro ponto n\u00e3o comentado mas que deve ter irritado bastante os donos de time da NFL \u00e9 que eles, que tamb\u00e9m n\u00e3o gostam desse protesto especialmente no momento do hino, \u00a0estavam resolvendo a situa\u00e7\u00e3o do jeito &#8220;mineiro&#8221; deles.<\/p>\n<p style=\"text-align: justify;\"><a href=\"http:\/\/www.pedromigao.com.br\/ourodetolo\/wp-content\/uploads\/2017\/10\/kneel.jpg\"><img loading=\"lazy\" decoding=\"async\" class=\"aligncenter  wp-image-47126\" src=\"http:\/\/www.pedromigao.com.br\/ourodetolo\/wp-content\/uploads\/2017\/10\/kneel-539x340.jpg\" alt=\"\" width=\"593\" height=\"374\" srcset=\"http:\/\/www.pedromigao.com.br\/ourodetolo\/wp-content\/uploads\/2017\/10\/kneel-539x340.jpg 539w, http:\/\/www.pedromigao.com.br\/ourodetolo\/wp-content\/uploads\/2017\/10\/kneel-300x189.jpg 300w, http:\/\/www.pedromigao.com.br\/ourodetolo\/wp-content\/uploads\/2017\/10\/kneel.jpg 750w\" sizes=\"auto, (max-width: 593px) 100vw, 593px\" \/><\/a>O Colin Kaepernick, aquele que come\u00e7ou com tudo isso, optou por sair de seu contrato com o time de San Francisco ao fim da temporada passada e at\u00e9 hoje, j\u00e1 na 4\u00aa semana da temporada atual, n\u00e3o conseguiu contrato com nenhum time, sendo que tranquilamente ele \u00e9 um dos 20 melhores de sua posi\u00e7\u00e3o em uma liga que tem 32 times!<\/p>\n<p style=\"text-align: justify;\">Quando ningu\u00e9m menos que Trump, com todo o contexto aqui j\u00e1 explicado, fala sobre esses protestos na NFL, ainda mais da forma t\u00e3o grosseira como foi, ele jogou todo o holofote da opini\u00e3o p\u00fablica sobre a quest\u00e3o e impediu da NFL continuar essa forma de repress\u00e3o &#8220;silenciosa&#8221; sem criar ainda mais pol\u00eamica. A pol\u00eamica pol\u00edtica em uma sociedade polarizada afasta f\u00e3s &#8211; e f\u00e3s afastados representam menos dinheiro para os times.<\/p>\n<p style=\"text-align: justify;\">Da mesma forma, uma fratura social como a que se anuncia nos Estados Unidos tamb\u00e9m tem o potencial de tirar f\u00e3s do esportes no longo prazo, seja de um lado ou de outro. Em uma sociedade altamente polarizada, como estamos percebemos inclusive no Brasil, ser neutro n\u00e3o \u00e9 uma op\u00e7\u00e3o, porque o neutro \u00e9 percebido como inimigo de ambos os lados.<\/p>\n<p style=\"text-align: justify;\">Esse \u00e9 o dilema dos dirigentes da NFL e \u00e9 por isso que, do nada, eles se voltaram contra Trump.<\/p>\n<p style=\"text-align: justify;\"><em>[N.do.E.: h\u00e1 dispon\u00edvel no Netflix, em portugu\u00eas, um \u00f3timo document\u00e1rio para se entender esta quest\u00e3o e especialmente o que levou Colin Kaepernick a protestar. Chama-se &#8220;13\u00aa Emenda&#8221;. PM]<\/em><\/p>\n<p><strong>Imagens: AP, NY Daily News, Variety<\/strong><\/p>\n<p>[related_posts limit=&#8221;3&#8243;]<\/p>\n","protected":false},"excerpt":{"rendered":"<p>Retomando o artigo de ontem. A partir da\u00ed, os Estados Unidos, que j\u00e1 tinham pequenos sinais de que uma divis\u00e3o mais profunda da sociedade estavaTour Details<\/p>\n","protected":false},"author":9,"featured_media":47127,"comment_status":"open","ping_status":"open","sticky":false,"template":"","format":"standard","meta":{"footnotes":""},"categories":[47],"tags":[590,44,43,51,27],"class_list":["post-47113","post","type-post","status-publish","format-standard","has-post-thumbnail","hentry","category-made-in-usa","tag-esportes-americanos","tag-eua","tag-nfl","tag-politica-internacional","tag-sociedade"],"_links":{"self":[{"href":"http:\/\/www.pedromigao.com.br\/ourodetolo\/wp-json\/wp\/v2\/posts\/47113","targetHints":{"allow":["GET"]}}],"collection":[{"href":"http:\/\/www.pedromigao.com.br\/ourodetolo\/wp-json\/wp\/v2\/posts"}],"about":[{"href":"http:\/\/www.pedromigao.com.br\/ourodetolo\/wp-json\/wp\/v2\/types\/post"}],"author":[{"embeddable":true,"href":"http:\/\/www.pedromigao.com.br\/ourodetolo\/wp-json\/wp\/v2\/users\/9"}],"replies":[{"embeddable":true,"href":"http:\/\/www.pedromigao.com.br\/ourodetolo\/wp-json\/wp\/v2\/comments?post=47113"}],"version-history":[{"count":3,"href":"http:\/\/www.pedromigao.com.br\/ourodetolo\/wp-json\/wp\/v2\/posts\/47113\/revisions"}],"predecessor-version":[{"id":47122,"href":"http:\/\/www.pedromigao.com.br\/ourodetolo\/wp-json\/wp\/v2\/posts\/47113\/revisions\/47122"}],"wp:featuredmedia":[{"embeddable":true,"href":"http:\/\/www.pedromigao.com.br\/ourodetolo\/wp-json\/wp\/v2\/media\/47127"}],"wp:attachment":[{"href":"http:\/\/www.pedromigao.com.br\/ourodetolo\/wp-json\/wp\/v2\/media?parent=47113"}],"wp:term":[{"taxonomy":"category","embeddable":true,"href":"http:\/\/www.pedromigao.com.br\/ourodetolo\/wp-json\/wp\/v2\/categories?post=47113"},{"taxonomy":"post_tag","embeddable":true,"href":"http:\/\/www.pedromigao.com.br\/ourodetolo\/wp-json\/wp\/v2\/tags?post=47113"}],"curies":[{"name":"wp","href":"https:\/\/api.w.org\/{rel}","templated":true}]}}