{"id":47095,"date":"2017-10-03T08:18:48","date_gmt":"2017-10-03T11:18:48","guid":{"rendered":"http:\/\/www.pedromigao.com.br\/ourodetolo\/?p=47095"},"modified":"2017-10-03T08:18:48","modified_gmt":"2017-10-03T11:18:48","slug":"racismo-trump-e-nfl-parte-i","status":"publish","type":"post","link":"http:\/\/www.pedromigao.com.br\/ourodetolo\/2017\/10\/racismo-trump-e-nfl-parte-i\/","title":{"rendered":"Racismo, Trump e NFL: Parte I"},"content":{"rendered":"<p style=\"text-align: justify;\">Quem acompanha os esportes americanos e o notici\u00e1rio pol\u00edtico dos Estados Unidos na \u00faltima semana acompanhou as consequ\u00eancias de uma das \u00faltimas pol\u00eamicas na qual o presidente americano Donald Trump se envolveu.<\/p>\n<p style=\"text-align: justify;\"><a href=\"https:\/\/www.theguardian.com\/sport\/2017\/sep\/22\/donald-trump-nfl-national-anthem-protests\" target=\"_blank\" rel=\"noopener\"><span style=\"color: #ff6600;\">Em um com\u00edcio de apoio a um candidato ao Senado<\/span><\/a>, Trump disse que os donos de time da NFL, a liga americana de futebol americano, tinham que <em>&#8220;demitir imediatamente o &#8220;filho de uma puta&#8221; que se ajoelha na hora de tocar o hino americano antes das partidas&#8221;<\/em>. Ainda pelas palavras do mesmo, isso seria um desrespeito ao pa\u00eds, ao militares e ao legado que as gera\u00e7\u00f5es passadas deixaram.<\/p>\n<p style=\"text-align: justify;\">Obs: pe\u00e7o desculpas ao leitor pela express\u00e3o chula usada acima, mas foi exatamente essa a usada por Trump durante o discurso p\u00fablico (son of a bitch), e sem ela n\u00e3o conseguiria expressar o qu\u00e3o forte foi tal declara\u00e7\u00e3o.<\/p>\n<p style=\"text-align: justify;\">Depois desse epis\u00f3dio, a resposta da NFL foi dr\u00e1stica. Na manh\u00e3 seguinte do discurso o CEO da liga j\u00e1 emitiu uma nota repudiando as declara\u00e7\u00f5es e v\u00e1rios donos de times seguiram o mesmo caminho; entre eles v\u00e1rios donos que s\u00e3o t\u00e3o ou mais republicanos que Trump, um deles inclusive amigo pessoal do Presidente.<\/p>\n<p style=\"text-align: justify;\"><a href=\"http:\/\/www.pedromigao.com.br\/ourodetolo\/wp-content\/uploads\/2017\/10\/Giants_NY_Daily_News.jpg\"><img loading=\"lazy\" decoding=\"async\" class=\"aligncenter  wp-image-47116\" src=\"http:\/\/www.pedromigao.com.br\/ourodetolo\/wp-content\/uploads\/2017\/10\/Giants_NY_Daily_News-510x340.jpg\" alt=\"\" width=\"593\" height=\"395\" srcset=\"http:\/\/www.pedromigao.com.br\/ourodetolo\/wp-content\/uploads\/2017\/10\/Giants_NY_Daily_News-510x340.jpg 510w, http:\/\/www.pedromigao.com.br\/ourodetolo\/wp-content\/uploads\/2017\/10\/Giants_NY_Daily_News-300x200.jpg 300w, http:\/\/www.pedromigao.com.br\/ourodetolo\/wp-content\/uploads\/2017\/10\/Giants_NY_Daily_News.jpg 750w\" sizes=\"auto, (max-width: 593px) 100vw, 593px\" \/><\/a>Durante os jogos do fim de semana todos os times de alguma forma protestaram contra a fala de Trump: uma maior quantidade de jogadores se ajoelhou, v\u00e1rios outros se deram os bra\u00e7os com as m\u00e3os fechadas em um gesto de uni\u00e3o, em contraponto ao divisionismo permanente no discurso de Trump e alguns times decidiram que s\u00f3 subiriam a campo ap\u00f3s o fim da execu\u00e7\u00e3o do hino.<\/p>\n<p style=\"text-align: justify;\">Ao final da rodada, o saldo \u00e9 que mais da metade dos jogadores de todos os times expressaram seu protesto de alguma das tr\u00eas formas acima. Nessa lista est\u00e1 inclu\u00eddo at\u00e9 o astro Tom Brady, que n\u00e3o s\u00f3 fez campanha para Trump durante as elei\u00e7\u00f5es como subiu no palanque ao seu lado. Tamb\u00e9m \u00e9 not\u00e1vel a presen\u00e7a de donos conhecidos nos bastidores por odiarem os jogadores que se ajoelhavam, junto aos jogadores nesses protestos.<\/p>\n<p style=\"text-align: justify;\">Mas, afinal, por que havia jogadores que tinham essa &#8220;mania&#8221; de se ajoelhar durante a execu\u00e7\u00e3o do hino e provocaram a ira de Trump, que desencadeou toda essa rea\u00e7\u00e3o?<\/p>\n<p style=\"text-align: justify;\"><a href=\"http:\/\/www.pedromigao.com.br\/ourodetolo\/wp-content\/uploads\/2013\/11\/20131110_125715.jpg\"><img loading=\"lazy\" decoding=\"async\" class=\"aligncenter  wp-image-22178\" src=\"http:\/\/www.pedromigao.com.br\/ourodetolo\/wp-content\/uploads\/2013\/11\/20131110_125715-453x340.jpg\" alt=\"\" width=\"594\" height=\"446\" srcset=\"http:\/\/www.pedromigao.com.br\/ourodetolo\/wp-content\/uploads\/2013\/11\/20131110_125715-453x340.jpg 453w, http:\/\/www.pedromigao.com.br\/ourodetolo\/wp-content\/uploads\/2013\/11\/20131110_125715-300x225.jpg 300w\" sizes=\"auto, (max-width: 594px) 100vw, 594px\" \/><\/a>Tudo come\u00e7ou em 2016, quando um dos principais jogadores da liga, Colin Kaepernick, para surpresa de todos, ficou sentado durante a execu\u00e7\u00e3o do hino, que \u00e9 tocado antes do in\u00edcio de todos os jogos &#8211; com direito a um bandeir\u00e3o dos EUA estendido no gramado.<\/p>\n<p style=\"text-align: justify;\">Ao fim do jogo, perguntado do motivo pelo qual fez isso, ele respondeu que n\u00e3o iria se levantar para mostrar orgulho de um pa\u00eds que oprime as pessoas negras. Para ele <em>&#8220;isso \u00e9 maior que o futebol americano e seria ego\u00edsmo olhar de outro modo, as pessoas ficam de licen\u00e7a paga em casa para escapar da acusa\u00e7\u00e3o de assassinato&#8221;<\/em>.<\/p>\n<p style=\"text-align: justify;\">Ap\u00f3s isso, Kaepernick fez a mesma coisa em todos os jogos daquela temporada, as vezes ficando sentado no banco e as vezes ajoelhando no gramado quando por algum motivo o banco n\u00e3o estava perto ou dispon\u00edvel.<\/p>\n<p style=\"text-align: justify;\">Tal atitude gerou grande pol\u00eamica na \u00e9poca, sobre se era correto ou n\u00e3o e se durante o hino era o momento adequado de protestar ou n\u00e3o. Mas a moda pegou e alguns outros poucos jogadores, em sua maioria negros, tamb\u00e9m come\u00e7aram a fazer o mesmo.<\/p>\n<p style=\"text-align: justify;\"><a href=\"http:\/\/www.pedromigao.com.br\/ourodetolo\/wp-content\/uploads\/2017\/10\/cowboys-knee-ap-img.jpg\"><img loading=\"lazy\" decoding=\"async\" class=\"aligncenter  wp-image-47117\" src=\"http:\/\/www.pedromigao.com.br\/ourodetolo\/wp-content\/uploads\/2017\/10\/cowboys-knee-ap-img-540x340.jpg\" alt=\"\" width=\"594\" height=\"374\" srcset=\"http:\/\/www.pedromigao.com.br\/ourodetolo\/wp-content\/uploads\/2017\/10\/cowboys-knee-ap-img-540x340.jpg 540w, http:\/\/www.pedromigao.com.br\/ourodetolo\/wp-content\/uploads\/2017\/10\/cowboys-knee-ap-img-300x189.jpg 300w, http:\/\/www.pedromigao.com.br\/ourodetolo\/wp-content\/uploads\/2017\/10\/cowboys-knee-ap-img-768x484.jpg 768w, http:\/\/www.pedromigao.com.br\/ourodetolo\/wp-content\/uploads\/2017\/10\/cowboys-knee-ap-img.jpg 1440w\" sizes=\"auto, (max-width: 594px) 100vw, 594px\" \/><\/a>Mas apenas isso n\u00e3o \u00e9 suficiente para entendermos o porqu\u00ea a fala de Trump foi t\u00e3o pol\u00eamica e causou tanto mal estar. \u00c9 necess\u00e1rio situar o que estava se passando em 2016 e est\u00e1 se passando em 2017 em uma perspectiva hist\u00f3rica maior.<\/p>\n<p style=\"text-align: justify;\">Pe\u00e7o aten\u00e7\u00e3o especialmente a esse trecho da fala de Kaepernick:\u00a0<em>&#8220;as pessoas ficam de licen\u00e7a paga em casa para escapar da acusa\u00e7\u00e3o de assassinato&#8221;<\/em>.<\/p>\n<p style=\"text-align: justify;\">Na \u00e9poca em que ele come\u00e7ou com tal protesto, as not\u00edcias que estavam chamando a aten\u00e7\u00e3o nacional eram uma s\u00e9rie de abusos policiais e erros de abordagem que resultaram na morte &#8216;acidental&#8217; de negros inocentes. Em todos casos as pol\u00edcias e, em v\u00e1rios outros, as promotorias estavam claramente tentando proteger os tais policiais das acusa\u00e7\u00f5es. Nos poucos casos que iam a juri, o juri, em sua maioria branco, absolvia o tal policial.<\/p>\n<p style=\"text-align: justify;\"><a href=\"http:\/\/www.pedromigao.com.br\/ourodetolo\/wp-content\/uploads\/2017\/10\/black-lives-matter-movement-cannot-be-sued-us-judge-rules.jpg\"><img loading=\"lazy\" decoding=\"async\" class=\"aligncenter  wp-image-47119\" src=\"http:\/\/www.pedromigao.com.br\/ourodetolo\/wp-content\/uploads\/2017\/10\/black-lives-matter-movement-cannot-be-sued-us-judge-rules-550x309.jpg\" alt=\"\" width=\"593\" height=\"333\" srcset=\"http:\/\/www.pedromigao.com.br\/ourodetolo\/wp-content\/uploads\/2017\/10\/black-lives-matter-movement-cannot-be-sued-us-judge-rules-550x309.jpg 550w, http:\/\/www.pedromigao.com.br\/ourodetolo\/wp-content\/uploads\/2017\/10\/black-lives-matter-movement-cannot-be-sued-us-judge-rules-300x168.jpg 300w, http:\/\/www.pedromigao.com.br\/ourodetolo\/wp-content\/uploads\/2017\/10\/black-lives-matter-movement-cannot-be-sued-us-judge-rules.jpg 602w\" sizes=\"auto, (max-width: 593px) 100vw, 593px\" \/><\/a>Nesse caldeir\u00e3o racial de 2016, surgiu um movimento social chamado de &#8220;Black Lives Matter&#8221; (em livre tradu\u00e7\u00e3o, &#8220;Vidas negras importam&#8221;), que fez v\u00e1rios protestos contra essa impunidade; muitos deles de grandes propor\u00e7\u00f5es e que receberam inclusive o apoio do Presidente dos EUA na \u00e9poca, Barack Obama.<\/p>\n<p style=\"text-align: justify;\">N\u00e3o podemos esquecer que Obama foi o primeiro presidente negro da hist\u00f3ria americana, mesmo que n\u00e3o pertencesse \u00e0 comunidade negra americana\u00a0<em>strictu sensu<\/em>, j\u00e1 que sua m\u00e3e era branca e seu pai era africano. Diferentemente da ex-primeira dama Michele, filha de pais negros americanos.<\/p>\n<p style=\"text-align: justify;\">Mas a elei\u00e7\u00e3o e posterior reelei\u00e7\u00e3o de Obama deram a impress\u00e3o\u00a0de que finalmente os Estados Unidos estavam deixando para tr\u00e1s toda hist\u00f3ria de segrega\u00e7\u00e3o racial que remonta a era de escravid\u00e3o de antes da Guerra de Secess\u00e3o (1861-1865) e que, mesmo que a passos bem lentos, estava gradualmente se resolvendo, sem retrocessos.\u00a0Por\u00e9m n\u00e3o foi isso que acabou ocorrendo nos oito anos de governo Obama. Dois fen\u00f4menos antagonizantes come\u00e7aram a aflorar:<\/p>\n<p style=\"text-align: justify;\">Primeiro, os negros ao verem uma pessoa negra no cargo mais importante do pa\u00eds se sentiram mais &#8220;empoderados&#8221; e perceberam sua import\u00e2ncia pol\u00edtica e da resson\u00e2ncia que suas vozes come\u00e7avam a obter. Os discursos e atitudes de Obama aumentaram ainda mais tal consci\u00eancia da popula\u00e7\u00e3o.<\/p>\n<p><iframe loading=\"lazy\" title=\"President Obama sings Amazing Grace (C-SPAN)\" width=\"525\" height=\"295\" src=\"https:\/\/www.youtube.com\/embed\/IN05jVNBs64?feature=oembed\" frameborder=\"0\" allow=\"accelerometer; autoplay; clipboard-write; encrypted-media; gyroscope; picture-in-picture; web-share\" referrerpolicy=\"strict-origin-when-cross-origin\" allowfullscreen><\/iframe><\/p>\n<p style=\"text-align: justify;\">Destaco duas delas para exemplificar isso: o j\u00e1 eternizado discurso pela lembran\u00e7a dos 50 anos do massacre de Selma, Alabama <span style=\"color: #ff6600;\">(<a href=\"http:\/\/time.com\/3736357\/barack-obama-selma-speech-transcript\/\" target=\"_blank\" rel=\"noopener\">texto completo em ingl\u00eas<\/a><\/span>) e o ato de cantar o hino crist\u00e3o, altamente popular nas igrejas negras do sul dos Estados Unidos, &#8220;Amazing Grace&#8221; durante o funeral do senador estadual Clementa Pinckney &#8211; morto em um ataque terrorista dentro de uma igreja protestante negra, feito por um supremacista branco.<\/p>\n<p style=\"text-align: justify;\">Com essa consci\u00eancia, com o maior espa\u00e7o obtido na imprensa gra\u00e7as a dura\u00e7\u00e3o do mandato do 1\u00ba presidente negro da hist\u00f3ria do pa\u00eds e o apoio do pr\u00f3prio presidente negro aos protestos pac\u00edficos, o ressurgimento de grandes movimentos pleiteando a igualdade racial era quest\u00e3o de tempo.<\/p>\n<p style=\"text-align: justify;\">Justamente ap\u00f3s os protestos de Ferguson, come\u00e7ados ap\u00f3s a morte de um jovem negro desarmado, Michael Brown, por um policial branco em 2014, surgiu o j\u00e1 citado movimento Black Lives Matter que passou a denunciar sistematicamente essas mortes por excesso de for\u00e7a policial de forma totalmente desnecess\u00e1ria.<\/p>\n<p style=\"text-align: justify;\">O mais impressionante \u00e9 que em todos os casos os policiais, em quase 100% dos casos brancos, foram absolvidos por leg\u00edtima defesa putativa (em erro) ou falta de provas; em alguns casos sequer uma den\u00fancia foi feita pela promotoria. At\u00e9 mesmo no absurdo caso do jovem Trayvon Martin, no qual ele foi morto pelo respons\u00e1vel da &#8220;vigil\u00e2ncia de vizinhan\u00e7a&#8221; do condom\u00ednio fechado, o qual n\u00e3o tinha nenhuma forma\u00e7\u00e3o de seguran\u00e7a, o atirador foi absolvido por leg\u00edtima defesa e depois o caso n\u00e3o foi reaberto pelo Departamento de Justi\u00e7a de Obama por falta de provas. Falta essa que h\u00e1 quem credite a um trabalho falho, talvez proposital, da per\u00edcia da Fl\u00f3rida.<\/p>\n<p style=\"text-align: justify;\">\u00c9 aqui que as duas hist\u00f3rias se unem: foi justamente ap\u00f3s mais uma leva de mortes de negros que ficou impune que Kaepernick come\u00e7ou seu protesto no momento do hino.<\/p>\n<p style=\"text-align: justify;\"><a href=\"http:\/\/www.pedromigao.com.br\/ourodetolo\/wp-content\/uploads\/2017\/10\/nflproteststill.nbcnews-ux-1080-600.jpg\"><img loading=\"lazy\" decoding=\"async\" class=\"aligncenter  wp-image-47120\" src=\"http:\/\/www.pedromigao.com.br\/ourodetolo\/wp-content\/uploads\/2017\/10\/nflproteststill.nbcnews-ux-1080-600-550x309.jpg\" alt=\"\" width=\"593\" height=\"333\" srcset=\"http:\/\/www.pedromigao.com.br\/ourodetolo\/wp-content\/uploads\/2017\/10\/nflproteststill.nbcnews-ux-1080-600-550x309.jpg 550w, http:\/\/www.pedromigao.com.br\/ourodetolo\/wp-content\/uploads\/2017\/10\/nflproteststill.nbcnews-ux-1080-600-300x169.jpg 300w, http:\/\/www.pedromigao.com.br\/ourodetolo\/wp-content\/uploads\/2017\/10\/nflproteststill.nbcnews-ux-1080-600-768x432.jpg 768w, http:\/\/www.pedromigao.com.br\/ourodetolo\/wp-content\/uploads\/2017\/10\/nflproteststill.nbcnews-ux-1080-600.jpg 1067w\" sizes=\"auto, (max-width: 593px) 100vw, 593px\" \/><\/a>Por\u00e9m, ao inv\u00e9s de caminharmos para a igualdade no conv\u00edvio, passo final da igualdade racial ap\u00f3s a igualdade formal obtida no governo Johnson (1963-1969), todo esse movimento em prol dos negros foi antagonizado por um segundo movimento de recrudescimento, radicaliza\u00e7\u00e3o e aumento de setores radical-conservadores dos Estados Unidos.<\/p>\n<p style=\"text-align: justify;\">Esse setor se aglutinou no Partido Republicano, opositor ao Partido Democrata de Obama, e puxou uma oposi\u00e7\u00e3o conservadora obstinada a todo e qualquer ato de Obama, seja social (Obamacare), econ\u00f4mica (aumento dos impostos na faixa mais alta de renda), ecol\u00f3gica (aumento da regula\u00e7\u00e3o das atividades econ\u00f4micas potencialmente poluidoras) ou mesmo o discurso de igualdade racial dele.<\/p>\n<p style=\"text-align: justify;\">Obs: apesar dos partidos serem os mesmos h\u00e1 mais de um s\u00e9culo nos EUA, as for\u00e7as que os comp\u00f5e mudam bastante. Por exemplo, logo ap\u00f3s a Guerra de Secess\u00e3o, o partido anti-escravagista e mais progressista era o Partido Republicano e o partido que queria retomar a escravid\u00e3o era o Democrata. Hoje as posi\u00e7\u00f5es conservadora e progressista se inverteram radicalmente: os democratas s\u00e3o os progressistas e os Republicanos, os conservadores.<\/p>\n<p style=\"text-align: justify;\">O 1\u00ba ato dessa oposi\u00e7\u00e3o irracional, que ocorreu ainda durante a 1\u00aa campanha presidencial de Obama, foram as teorias da conspira\u00e7\u00e3o sustentadas por v\u00e1rios pol\u00edticos do Partido Republicano, entre eles o atual presidente Trump, que Obama n\u00e3o nasceu nos Estados Unidos, n\u00e3o tinha cidadania americana nata e por isso n\u00e3o poderia ser presidente.<\/p>\n<p style=\"text-align: justify;\">Tal fato foi in\u00e9dito na hist\u00f3ria americana, nunca um presidente qualquer sofreu um ataque qualquer sobre seu nascimento e sua nacionalidade, muito menos um ataque t\u00e3o forte e duradouro como esse, que n\u00e3o acabou nem quando Obama divulgou a ver\u00e3o completa de sua certid\u00e3o de nascimento do Hawaii. At\u00e9 que ponto teve um componente racial nesses ataques?<\/p>\n<p style=\"text-align: justify;\">Sempre pairou essa d\u00favida.<\/p>\n<p style=\"text-align: justify;\">Amanh\u00e3, na segunda parte, continuamos esta hist\u00f3ria at\u00e9 chegar aos protestos da \u00faltima semana.<\/p>\n<p><strong>Imagens: Arquivo Ouro de Tolo, NBC News, NY Daily News, Bleacher Report<\/strong><\/p>\n<p>[related_posts limit=&#8221;3&#8243;]<\/p>\n<p>&nbsp;<\/p>\n","protected":false},"excerpt":{"rendered":"<p>Quem acompanha os esportes americanos e o notici\u00e1rio pol\u00edtico dos Estados Unidos na \u00faltima semana acompanhou as consequ\u00eancias de uma das \u00faltimas pol\u00eamicas na qualTour Details<\/p>\n","protected":false},"author":9,"featured_media":47115,"comment_status":"open","ping_status":"open","sticky":false,"template":"","format":"standard","meta":{"footnotes":""},"categories":[47],"tags":[590,44,43,51,27],"class_list":["post-47095","post","type-post","status-publish","format-standard","has-post-thumbnail","hentry","category-made-in-usa","tag-esportes-americanos","tag-eua","tag-nfl","tag-politica-internacional","tag-sociedade"],"_links":{"self":[{"href":"http:\/\/www.pedromigao.com.br\/ourodetolo\/wp-json\/wp\/v2\/posts\/47095","targetHints":{"allow":["GET"]}}],"collection":[{"href":"http:\/\/www.pedromigao.com.br\/ourodetolo\/wp-json\/wp\/v2\/posts"}],"about":[{"href":"http:\/\/www.pedromigao.com.br\/ourodetolo\/wp-json\/wp\/v2\/types\/post"}],"author":[{"embeddable":true,"href":"http:\/\/www.pedromigao.com.br\/ourodetolo\/wp-json\/wp\/v2\/users\/9"}],"replies":[{"embeddable":true,"href":"http:\/\/www.pedromigao.com.br\/ourodetolo\/wp-json\/wp\/v2\/comments?post=47095"}],"version-history":[{"count":17,"href":"http:\/\/www.pedromigao.com.br\/ourodetolo\/wp-json\/wp\/v2\/posts\/47095\/revisions"}],"predecessor-version":[{"id":47121,"href":"http:\/\/www.pedromigao.com.br\/ourodetolo\/wp-json\/wp\/v2\/posts\/47095\/revisions\/47121"}],"wp:featuredmedia":[{"embeddable":true,"href":"http:\/\/www.pedromigao.com.br\/ourodetolo\/wp-json\/wp\/v2\/media\/47115"}],"wp:attachment":[{"href":"http:\/\/www.pedromigao.com.br\/ourodetolo\/wp-json\/wp\/v2\/media?parent=47095"}],"wp:term":[{"taxonomy":"category","embeddable":true,"href":"http:\/\/www.pedromigao.com.br\/ourodetolo\/wp-json\/wp\/v2\/categories?post=47095"},{"taxonomy":"post_tag","embeddable":true,"href":"http:\/\/www.pedromigao.com.br\/ourodetolo\/wp-json\/wp\/v2\/tags?post=47095"}],"curies":[{"name":"wp","href":"https:\/\/api.w.org\/{rel}","templated":true}]}}