{"id":47024,"date":"2017-09-17T09:00:39","date_gmt":"2017-09-17T12:00:39","guid":{"rendered":"http:\/\/www.pedromigao.com.br\/ourodetolo\/?p=47024"},"modified":"2017-09-15T23:06:46","modified_gmt":"2017-09-16T02:06:46","slug":"o-filho-alienado-de-francisco","status":"publish","type":"post","link":"http:\/\/www.pedromigao.com.br\/ourodetolo\/2017\/09\/o-filho-alienado-de-francisco\/","title":{"rendered":"O filho alienado de Francisco"},"content":{"rendered":"<p style=\"text-align: justify;\">Todo mundo j\u00e1 viu a declara\u00e7\u00e3o do cantor sertanejo Zez\u00e9 di Camargo para Leda Nagle em seu programa no Youtube. Entre as muitas coisas que disse Zez\u00e9, falou que o Brasil n\u00e3o teve uma ditadura militar e sim um &#8220;militarismo vigiado&#8221;.<\/p>\n<p style=\"text-align: justify;\">Fico feliz em saber que Zez\u00e9 al\u00e9m de compositor, cantor, \u00e9 soci\u00f3logo e cientista pol\u00edtico, j\u00e1 que definiu o que o Brasil viveu durante vinte e um anos e pediu de volta para &#8220;colocar o pa\u00eds nos eixos&#8221;. Eu s\u00f3 fiquei imaginando o que pensaram Marcelo Rubens Paiva, Hildegard Angel, a fam\u00edlia do Herzog e todos aqueles que tiveram perdas durante o regime militar sobre a declara\u00e7\u00e3o de Zez\u00e9.<\/p>\n<p style=\"text-align: justify;\">\u00c9 um caso de aliena\u00e7\u00e3o. Zez\u00e9 \u00e9 um cara que nasceu na extrema pobreza, teve que ralar desde cedo, mal estudou e venceu na vida gra\u00e7as ao esfor\u00e7o de seu pai e ao grande talento que possui. Mas ocorreu algo com Zez\u00e9 que at\u00e9 d\u00e1 pra entender por um certo tempo, se deslumbrou. \u00c9 imposs\u00edvel pedir para algu\u00e9m que saiu da extrema pobreza para o estrelato e riqueza que n\u00e3o se deslumbre por um tempo, \u00e9 humano.<\/p>\n<p style=\"text-align: justify;\"><img loading=\"lazy\" decoding=\"async\" class=\"wp-image-40131 size-medium alignleft\" src=\"http:\/\/www.pedromigao.com.br\/ourodetolo\/wp-content\/uploads\/2016\/02\/salgueiro2016a-e1455042769665-300x257.jpg\" alt=\"\" width=\"300\" height=\"257\" srcset=\"http:\/\/www.pedromigao.com.br\/ourodetolo\/wp-content\/uploads\/2016\/02\/salgueiro2016a-e1455042769665-300x257.jpg 300w, http:\/\/www.pedromigao.com.br\/ourodetolo\/wp-content\/uploads\/2016\/02\/salgueiro2016a-e1455042769665-397x340.jpg 397w, http:\/\/www.pedromigao.com.br\/ourodetolo\/wp-content\/uploads\/2016\/02\/salgueiro2016a-e1455042769665.jpg 540w\" sizes=\"auto, (max-width: 300px) 100vw, 300px\" \/>O problema \u00e9 que faz quase trinta anos que Zez\u00e9 alcan\u00e7ou a fama e a riqueza e a impress\u00e3o que d\u00e1 \u00e9 que est\u00e1 cada vez mais deslumbrado e alienado. O ex-pobre quis usufruir tudo de bom que a vida pode dar, se juntou a pessoas com dinheiro e quis ser um deles sem se preocupar nesse per\u00edodo em adquirir conhecimento, cultura, estudar, e quando falo em estudar n\u00e3o \u00e9 ensino de escola que \u00e9 importante, mas n\u00e3o \u00e9 o mais importante, digo estudo de vida.<\/p>\n<p style=\"text-align: justify;\">Zez\u00e9 n\u00e3o se preocupou com isso e \u00e9 perigoso um cara alienado, despreparado sobre seu pa\u00eds, opinar sem ter o devido conhecimento de causa porque \u00e9 um cara que tem voz, \u00e9 ouvido por milh\u00f5es e aquilo que ele diz acaba virando verdade.<\/p>\n<p style=\"text-align: justify;\">\u00c9 um grave problema que ocorre atualmente quando n\u00e3o s\u00f3 no Brasil, mas no mundo inteiro. Passamos por uma onda conservadora e de extrema direita, muito tamb\u00e9m pelo fracasso da esquerda no mundo. Situa\u00e7\u00f5es que vinte, trinta anos atr\u00e1s quando ditas seriam consideradas absurdos hoje s\u00e3o ditas normalmente e sem nenhum pudor.<\/p>\n<p style=\"text-align: justify;\"><img loading=\"lazy\" decoding=\"async\" class=\"size-full wp-image-24630 alignleft\" src=\"http:\/\/www.pedromigao.com.br\/ourodetolo\/wp-content\/uploads\/2014\/04\/ditadura2.jpg\" alt=\"\" width=\"320\" height=\"233\" srcset=\"http:\/\/www.pedromigao.com.br\/ourodetolo\/wp-content\/uploads\/2014\/04\/ditadura2.jpg 320w, http:\/\/www.pedromigao.com.br\/ourodetolo\/wp-content\/uploads\/2014\/04\/ditadura2-300x218.jpg 300w\" sizes=\"auto, (max-width: 320px) 100vw, 320px\" \/>Falar que n\u00e3o houve ditadura militar no Brasil \u00e9 grave, mais grave at\u00e9 que querer de volta e dizer que no tempo dos militares existia ordem e n\u00e3o tinha corrup\u00e7\u00e3o (fal\u00e1cia at\u00e9 porque \u00e9 evidente que a corrup\u00e7\u00e3o daquele tempo n\u00e3o poderia ser divulgada por uma imprensa censurada), \u00e9 mais grave porque \u00e9 mudar a hist\u00f3ria, \u00e9 a mesma coisa que ocorre quando vemos grupos falarem que n\u00e3o existiu o holocausto.<\/p>\n<p style=\"text-align: justify;\">As pessoas que presenciaram tudo isso, as testemunhas vivas come\u00e7am a envelhecer e morrer e a hist\u00f3ria passa a ser contada por aqueles que dominam o mundo naquele momento e nesse caso \u00e9 o conservadorismo com a extrema direita.<\/p>\n<p style=\"text-align: justify;\">N\u00e3o d\u00e1 pra negar que vivemos um tempo com menos liberdade do que trinta anos atr\u00e1s. N\u00e3o existe uma censura oficial, de governo, mas existe uma censura comportamental justo no momento em que as minorias mais lutam para ser ouvidas. \u00c9 o conservadorismo que permite que Zez\u00e9 di Camargo fale uma atrocidade dessas, \u00e9 o conservadorismo que permite ataques a uma exposi\u00e7\u00e3o ao ponto do Santander voltar atr\u00e1s e acabar com a mesma.<\/p>\n<p style=\"text-align: justify;\">Eu vi algumas das obras expostas e achei fracas, de mau gosto, mas a\u00ed que est\u00e1, \u00e9 o meu gosto, a minha opini\u00e3o e o gosto de ningu\u00e9m pode se sobrepor a arte. Eu n\u00e3o gostei do exposto e confesso que n\u00e3o me atraio por museus. O que fa\u00e7o ent\u00e3o? N\u00e3o vou. Ent\u00e3o est\u00e1 errado querer impor o gosto e assim formar a censura.<\/p>\n<p style=\"text-align: justify;\">\u00c9 perigoso negar a hist\u00f3ria porque dessa fora as trag\u00e9dias que ela passou acabam sendo escondidas e escondidas ganham permiss\u00e3o para voltar. Eu sempre falo que cabe aos escritores e jornalistas n\u00e3o permitirem que isso ocorra. \u00c9 obriga\u00e7\u00e3o dessas duas classes contar a hist\u00f3ria de seu tempo e n\u00e3o deixar que o tempo seja esquecido.<\/p>\n<p style=\"text-align: justify;\">E, seu Zez\u00e9, o dia que voc\u00ea saiu de casa j\u00e1 est\u00e1 bem distante, est\u00e1 mais que na hora de voc\u00ea aprender sobre o mundo.<\/p>\n<p style=\"text-align: justify;\">Seu Francisco devia lhe dar umas palmadas.<\/p>\n<p style=\"text-align: justify;\">Twitter &#8211; @aloisiovillar<\/p>\n<p style=\"text-align: justify;\">Facebook &#8211; Aloisio Villar<\/p>\n","protected":false},"excerpt":{"rendered":"<p>Todo mundo j\u00e1 viu a declara\u00e7\u00e3o do cantor sertanejo Zez\u00e9 di Camargo para Leda Nagle em seu programa no Youtube. Entre as muitas coisas queTour Details<\/p>\n","protected":false},"author":8,"featured_media":47025,"comment_status":"open","ping_status":"open","sticky":false,"template":"","format":"standard","meta":{"footnotes":""},"categories":[8],"tags":[537,24,27,1288],"class_list":["post-47024","post","type-post","status-publish","format-standard","has-post-thumbnail","hentry","category-orun-aye","tag-ditadura","tag-politica","tag-sociedade","tag-zeze-di-camargo"],"_links":{"self":[{"href":"http:\/\/www.pedromigao.com.br\/ourodetolo\/wp-json\/wp\/v2\/posts\/47024","targetHints":{"allow":["GET"]}}],"collection":[{"href":"http:\/\/www.pedromigao.com.br\/ourodetolo\/wp-json\/wp\/v2\/posts"}],"about":[{"href":"http:\/\/www.pedromigao.com.br\/ourodetolo\/wp-json\/wp\/v2\/types\/post"}],"author":[{"embeddable":true,"href":"http:\/\/www.pedromigao.com.br\/ourodetolo\/wp-json\/wp\/v2\/users\/8"}],"replies":[{"embeddable":true,"href":"http:\/\/www.pedromigao.com.br\/ourodetolo\/wp-json\/wp\/v2\/comments?post=47024"}],"version-history":[{"count":1,"href":"http:\/\/www.pedromigao.com.br\/ourodetolo\/wp-json\/wp\/v2\/posts\/47024\/revisions"}],"predecessor-version":[{"id":47026,"href":"http:\/\/www.pedromigao.com.br\/ourodetolo\/wp-json\/wp\/v2\/posts\/47024\/revisions\/47026"}],"wp:featuredmedia":[{"embeddable":true,"href":"http:\/\/www.pedromigao.com.br\/ourodetolo\/wp-json\/wp\/v2\/media\/47025"}],"wp:attachment":[{"href":"http:\/\/www.pedromigao.com.br\/ourodetolo\/wp-json\/wp\/v2\/media?parent=47024"}],"wp:term":[{"taxonomy":"category","embeddable":true,"href":"http:\/\/www.pedromigao.com.br\/ourodetolo\/wp-json\/wp\/v2\/categories?post=47024"},{"taxonomy":"post_tag","embeddable":true,"href":"http:\/\/www.pedromigao.com.br\/ourodetolo\/wp-json\/wp\/v2\/tags?post=47024"}],"curies":[{"name":"wp","href":"https:\/\/api.w.org\/{rel}","templated":true}]}}