{"id":47006,"date":"2017-09-11T08:51:26","date_gmt":"2017-09-11T11:51:26","guid":{"rendered":"http:\/\/www.pedromigao.com.br\/ourodetolo\/?p=47006"},"modified":"2017-09-11T08:51:26","modified_gmt":"2017-09-11T11:51:26","slug":"e-ja-temos-os-sambas-da-serie-a","status":"publish","type":"post","link":"http:\/\/www.pedromigao.com.br\/ourodetolo\/2017\/09\/e-ja-temos-os-sambas-da-serie-a\/","title":{"rendered":"E j\u00e1 temos os sambas da S\u00e9rie A"},"content":{"rendered":"<p style=\"text-align: justify;\">Com todos os sambas j\u00e1 escolhidos (ou divulgados, no caso dos encomendados), o processo de grava\u00e7\u00e3o em andamento e a expectativa pelo lan\u00e7amento do CD oficial s\u00f3 falta agora&#8230; Uma solu\u00e7\u00e3o para as escolas de samba da S\u00e9rie A.<\/p>\n<p style=\"text-align: justify;\">Cada vez mais encurraladas pela perspectiva da perda de barrac\u00f5es, seja pelo avan\u00e7o das obras na Zona Portu\u00e1ria, por inc\u00eandios ou condi\u00e7\u00f5es insalubres, seja pela falta de vontade pol\u00edtica de dar-lhes apoio, as corajosas e sobreviventes agremia\u00e7\u00f5es dos grupos de acesso &#8211; das quais a S\u00e9rie A \u00e9 o expoente, visto que \u00fanico grupo a desfilar na Marqu\u00eas de Sapuca\u00ed &#8211; apresentam suas trilhas sonoras para o Carnaval 2018.<\/p>\n<p style=\"text-align: justify;\">Certamente o tema ser\u00e1 mais explorado e desenvolvido daqui por diante. Mas n\u00e3o resisti \u00e0 tenta\u00e7\u00e3o de dar os primeiros pitacos, baseados nas primeiras impress\u00f5es de audi\u00e7\u00e3o. Sempre com aquelas ressalvas de que samba-enredo&#8230;<\/p>\n<ul>\n<li style=\"text-align: justify;\">amadurece, se torna mais ou menos palat\u00e1vel com o passar do tempo e&#8230;.<\/li>\n<li style=\"text-align: justify;\">tem que ACONTECER, mesmo, na avenida.<\/li>\n<\/ul>\n<p><iframe loading=\"lazy\" title=\"Unidos de Bangu 2018: SAMBA CAMPE\u00c3O | Parceria de Diego Nicolau e cia\" width=\"525\" height=\"295\" src=\"https:\/\/www.youtube.com\/embed\/4gZSEao31Q8?feature=oembed\" frameborder=\"0\" allow=\"accelerometer; autoplay; clipboard-write; encrypted-media; gyroscope; picture-in-picture; web-share\" referrerpolicy=\"strict-origin-when-cross-origin\" allowfullscreen><\/iframe><\/p>\n<p style=\"text-align: justify;\">Feitas as ressalvas, digo que estou satisfeito com a qualidade da safra na S\u00e9rie A. O lado ben\u00e9fico, talvez o \u00fanico, da falta de recursos \u00e9 o est\u00edmulo \u00e0 criatividade dos enredos. E com boas tem\u00e1ticas \u00e9 natural que se desenvolvam boas letras. Especialmente letras.<\/p>\n<p style=\"text-align: justify;\">A melodia j\u00e1 n\u00e3o depende tanto da sinopse. Ainda que eu acredite que n\u00e3o se possa separar totalmente, no processo de cria\u00e7\u00e3o, letra e m\u00fasica. Uma letra po\u00e9tica inspira uma melodia envolvente e vice-versa.<\/p>\n<p style=\"text-align: justify;\">H\u00e1 enredos muito interessantes e ricos culturalmente no Acesso. E, desse modo, obras de valor passar\u00e3o pelo Samb\u00f3dromo na sexta e s\u00e1bado de carnaval do ano que vem.<\/p>\n<p><iframe loading=\"lazy\" title=\"Unidos de Padre Miguel 2018 (CAMPE\u00c3O) | Claudio Russo e Cia.\" width=\"525\" height=\"295\" src=\"https:\/\/www.youtube.com\/embed\/AfLBoRgmi8A?feature=oembed\" frameborder=\"0\" allow=\"accelerometer; autoplay; clipboard-write; encrypted-media; gyroscope; picture-in-picture; web-share\" referrerpolicy=\"strict-origin-when-cross-origin\" allowfullscreen><\/iframe><\/p>\n<p style=\"text-align: justify;\">Pela ordem, vejamos. As tr\u00eas primeiras escolas de sexta-feira trazem enredos com tem\u00e1tica que envolve, de alguma forma, cren\u00e7as afro-brasileiras. Isso \u00e9 muito bom na luta di\u00e1ria que se trava contra a intoler\u00e2ncia religiosa crescente em nossa cidade, em nosso pa\u00eds.<\/p>\n<p style=\"text-align: justify;\">A Unidos de Bangu acerta ao escolher bem melhor seu enredo em compara\u00e7\u00e3o ao &#8220;Imperium&#8221;, de 2015, um fracasso anunciado para a vermelho e branco, que acabaria fazendo um bate e volta na S\u00e9rie A daquele ano.<\/p>\n<p style=\"text-align: justify;\">O Imp\u00e9rio da Tijuca retoma seu DNA afro e a Acad\u00eamicos de Sossego, novamente pela pena de Felipe Fil\u00f3sofo, nos apresenta o terceiro samba seguido de grande beleza.<\/p>\n<p style=\"text-align: justify;\">H\u00e1 claramente uma queda na m\u00e9dia do dia &#8211; em se tratando de samba-enredo &#8211; quando analisamos o hino da quarta a desfilar. A Unidos do Porto da Pedra, que nos \u00faltimos anos n\u00e3o vem se notablizando por grandes obras, novamente levar\u00e1 para a Avenida um samba apenas mediano. Ainda que o enredo, sobre as divas do r\u00e1dio, seja muito bonito.<\/p>\n<p style=\"text-align: justify;\">Falar bem dos sambas da Renascer \u00e9 quase chover no molhado. Uma vez mais a encomenda deve render boas notas para a escola, com a bela obra que retrata a rela\u00e7\u00e3o entre Villa-Lobos e a floresta. Por fim, a Est\u00e1cio de S\u00e1 aposta mais num samba valente do que propriamente de excel\u00eancia po\u00e9tica e mel\u00f3dica. N\u00e3o est\u00e1 entre os destaques da noite ou da safra.<\/p>\n<p><iframe loading=\"lazy\" title=\"ALEGRIA DA ZONA SUL 2018 - SAMBA OFICIAL\" width=\"525\" height=\"295\" src=\"https:\/\/www.youtube.com\/embed\/NQ4jipl58X8?feature=oembed\" frameborder=\"0\" allow=\"accelerometer; autoplay; clipboard-write; encrypted-media; gyroscope; picture-in-picture; web-share\" referrerpolicy=\"strict-origin-when-cross-origin\" allowfullscreen><\/iframe><\/p>\n<p style=\"text-align: justify;\">No s\u00e1bado, a Alegria da Zona Sul abre os trabalhos com uma obra que particularmente me agradou.<a href=\"http:\/\/www.pedromigao.com.br\/ourodetolo\/2017\/07\/as-encomendas-na-serie-a\/\" target=\"_blank\" rel=\"noopener\"><span style=\"color: #ff9900;\"> N\u00e3o foi exatamente uma encomenda mas uma inscri\u00e7\u00e3o \u00fanica na disputa da agremia\u00e7\u00e3o de Copacabana<\/span><\/a>. Com destaque para a interpreta\u00e7\u00e3o segura de Igor Vianna.<\/p>\n<p style=\"text-align: justify;\">J\u00e1 a Santa Cruz, que assim como a Porto da Pedra tem hist\u00f3rico recente de sambas-enredo pouco inspirados, segue a tend\u00eancia. N\u00e3o foi uma obra que cativou \u00e0 primeira audi\u00e7\u00e3o. O mesmo se aplica \u00e0 Viradouro. Ainda que, no caso da vermelho e branco de Niter\u00f3i, o passado recente seja o oposto &#8211; de bons sambas. Em 2018, o hino pode crescer &#8211; e deve crescer na Avenida, dada a capacidade de desfile e for\u00e7a harm\u00f4nica da escola. Por\u00e9m, n\u00e3o o colocaria entre os melhores da safra. Pelo contr\u00e1rio.<\/p>\n<p style=\"text-align: justify;\">Da\u00ed para o fim da noite de s\u00e1bado estaremos bem servidos de sambas-enredo. O lindo enredo da Rocinha proporcionou uma obra desafiadora. \u00c9 um samba longo, rico em nuances mel\u00f3dicas e vai precisar ser abra\u00e7ado pela comunidade. Pode ser at\u00e9 que n\u00e3o exploda na Sapuca\u00ed. O que n\u00e3o tira dele a beleza po\u00e9tica que retrata muito bem a sinopse.<\/p>\n<p>https:\/\/www.youtube.com\/watch?v=u8DJoIh5bxM<\/p>\n<p style=\"text-align: justify;\">Cubango segue mostrando que se a escola n\u00e3o subiu para o Grupo Especial at\u00e9 hoje n\u00e3o foi por causa da parte musical. Inocentes de Belford Roxo, com enredo para o qual muita gente torceu o nariz, nos brindou com um bel\u00edssimo samba-enredo. E, por fim, a Unidos de Padre Miguel deu sequ\u00eancia ao retrospecto de bons sambas e encerrar\u00e1 os desfiles com um dos melhores &#8211; se n\u00e3o o melhor samba do ano.<\/p>\n<p style=\"text-align: justify;\">Fica at\u00e9 dif\u00edcil dividir a safra em sub-grupos. Para isso acho que vou esperar mais um pouco, ouvir as grava\u00e7\u00f5es oficiais, apurar a audi\u00e7\u00e3o. Assim, de primeira, faria apenas o lado A e o lado B. Sendo o lado A o dos sambas que mais me agradaram. Seguindo a ordem desfile e n\u00e3o de prefer\u00eancia.<\/p>\n<p style=\"text-align: justify;\"><strong>Lado A<\/strong><\/p>\n<p style=\"text-align: justify;\">Bangu, Imp\u00e9rio da Tijuca, Sossego, Renascer, Alegria, Rocinha, Cubango, Inocentes e UPM.<\/p>\n<p style=\"text-align: justify;\"><strong>Lado B<\/strong><\/p>\n<p style=\"text-align: justify;\">Porto da Pedra, Est\u00e1cio, Santa Cruz e Viradouro.<\/p>\n<p style=\"text-align: justify;\">Com o passar dos dias&#8230; Tudo pode mudar.<\/p>\n<p><strong>Imagem: Arquivo Ouro de Tolo<\/strong><\/p>\n<p>[related_posts limit=&#8221;3&#8243;]<\/p>\n","protected":false},"excerpt":{"rendered":"<p>Com todos os sambas j\u00e1 escolhidos (ou divulgados, no caso dos encomendados), o processo de grava\u00e7\u00e3o em andamento e a expectativa pelo lan\u00e7amento do CDTour Details<\/p>\n","protected":false},"author":43,"featured_media":46338,"comment_status":"open","ping_status":"open","sticky":false,"template":"","format":"standard","meta":{"footnotes":""},"categories":[910],"tags":[18,1224,12,19],"class_list":["post-47006","post","type-post","status-publish","format-standard","has-post-thumbnail","hentry","category-carnaval-por-esporte","tag-carnaval","tag-carnaval-2018","tag-cultura","tag-escolas-de-samba"],"_links":{"self":[{"href":"http:\/\/www.pedromigao.com.br\/ourodetolo\/wp-json\/wp\/v2\/posts\/47006","targetHints":{"allow":["GET"]}}],"collection":[{"href":"http:\/\/www.pedromigao.com.br\/ourodetolo\/wp-json\/wp\/v2\/posts"}],"about":[{"href":"http:\/\/www.pedromigao.com.br\/ourodetolo\/wp-json\/wp\/v2\/types\/post"}],"author":[{"embeddable":true,"href":"http:\/\/www.pedromigao.com.br\/ourodetolo\/wp-json\/wp\/v2\/users\/43"}],"replies":[{"embeddable":true,"href":"http:\/\/www.pedromigao.com.br\/ourodetolo\/wp-json\/wp\/v2\/comments?post=47006"}],"version-history":[{"count":1,"href":"http:\/\/www.pedromigao.com.br\/ourodetolo\/wp-json\/wp\/v2\/posts\/47006\/revisions"}],"predecessor-version":[{"id":47007,"href":"http:\/\/www.pedromigao.com.br\/ourodetolo\/wp-json\/wp\/v2\/posts\/47006\/revisions\/47007"}],"wp:featuredmedia":[{"embeddable":true,"href":"http:\/\/www.pedromigao.com.br\/ourodetolo\/wp-json\/wp\/v2\/media\/46338"}],"wp:attachment":[{"href":"http:\/\/www.pedromigao.com.br\/ourodetolo\/wp-json\/wp\/v2\/media?parent=47006"}],"wp:term":[{"taxonomy":"category","embeddable":true,"href":"http:\/\/www.pedromigao.com.br\/ourodetolo\/wp-json\/wp\/v2\/categories?post=47006"},{"taxonomy":"post_tag","embeddable":true,"href":"http:\/\/www.pedromigao.com.br\/ourodetolo\/wp-json\/wp\/v2\/tags?post=47006"}],"curies":[{"name":"wp","href":"https:\/\/api.w.org\/{rel}","templated":true}]}}