{"id":46999,"date":"2017-09-10T09:54:58","date_gmt":"2017-09-10T12:54:58","guid":{"rendered":"http:\/\/www.pedromigao.com.br\/ourodetolo\/?p=46999"},"modified":"2017-09-11T08:21:13","modified_gmt":"2017-09-11T11:21:13","slug":"editoria-de-raiva","status":"publish","type":"post","link":"http:\/\/www.pedromigao.com.br\/ourodetolo\/2017\/09\/editoria-de-raiva\/","title":{"rendered":"Editoria de Raiva"},"content":{"rendered":"<p style=\"text-align: justify;\">Escrevo esse artigo logo ap\u00f3s Flamengo x Cruzeiro pela primeira partida final da Copa do Brasil.<\/p>\n<p style=\"text-align: justify;\">Para essa partida, foi feita uma campanha pela paz aproveitando a amizade que existe entre as duas torcidas. Em uma a\u00e7\u00e3o de marketing dos dois clubes que come\u00e7ou com os perfis oficiais no twitter a semana inteira, Flamengo e Cruzeiro bateram na tecla da paz e at\u00e9 encontro dos mascotes com passeio pelo Rio de Janeiro teve.<\/p>\n<p style=\"text-align: justify;\">N\u00e3o adiantou de nada.<\/p>\n<p style=\"text-align: justify;\">Entre as duas torcidas nada ocorreu, mas o jogo de paz n\u00e3o teve nada porque v\u00e1rios conflitos, confus\u00f5es, pancadarias surgiram dentro da pr\u00f3pria torcida do Flamengo. Clima p\u00e9ssimo, de inseguran\u00e7a, assaltos, tudo completamente contr\u00e1rio ao que os clubes pediram.<\/p>\n<p style=\"text-align: justify;\">Muito falamos do futebol, sua viol\u00eancia e a forma com que covardes se aproveitaram dele para andar em grupos, se sentirem maiores e exercerem viol\u00eancia, mas o futebol faz parte de um todo, um todo que est\u00e1 assim.<\/p>\n<p style=\"text-align: justify;\">Primeiro, que o Rio de Janeiro est\u00e1 um caos, a viol\u00eancia voltou com tudo e n\u00e3o seria em uma partida de futebol que seria diferente. Pouco policiamento e quem policia insatisfeito por n\u00e3o receber, por n\u00e3o ter condi\u00e7\u00f5es m\u00ednimas de trabalho, com cem colegas seus mortos pela covardia de bandidos no ano e tendo que aturar beberr\u00f5es violentos. Evidente que n\u00e3o daria certo.<\/p>\n<p style=\"text-align: justify;\">Segundo, que essa agressividade de torcedores tamb\u00e9m reflete o tempo em que vivemos. Vivemos tempos agressivos, de raiva, no qual as pessoas insultam, ofendem, denigrem, agridem com uma facilidade absurda.<\/p>\n<p style=\"text-align: justify;\">Voc\u00ea escreve algo em uma rede social e j\u00e1 escreve com medo das respostas que vir\u00e3o porque boa parte n\u00e3o vem discordar de boa, chega ofendendo, agredindo apenas porque voc\u00ea pensa diferente e isso \u00e9 em qualquer assunto, nem precisa ser em um assunto pol\u00eamico.<\/p>\n<p style=\"text-align: justify;\">Quem acompanha redes sociais em dias de jogos do Flamengo, principalmente quando n\u00e3o vence, se assusta. N\u00e3o vou entrar no m\u00e9rito da qualidade dos profissionais que citarei, mas antes de tudo s\u00e3o seres humanos. A forma como a torcida do Flamengo tratou o treinador Z\u00e9 Ricardo foi apavorante, a forma como tratam Marcio Ara\u00fajo \u00e9 execr\u00e1vel. O jogador, que tamb\u00e9m considero fraco, \u00e9 mais odiado do que pol\u00edticos enrolados em corrup\u00e7\u00e3o.<\/p>\n<p style=\"text-align: justify;\">Algumas pessoas conseguem perdoar o Lula e encontrar defesa para tudo que lhe acusam, mas n\u00e3o t\u00eam 1% dessa considera\u00e7\u00e3o com um jogador de futebol que tem como maior defeito n\u00e3o ser bom no exerc\u00edcio de sua fun\u00e7\u00e3o.<\/p>\n<p style=\"text-align: justify;\"><img loading=\"lazy\" decoding=\"async\" class=\"size-full wp-image-47001 alignleft\" src=\"http:\/\/www.pedromigao.com.br\/ourodetolo\/wp-content\/uploads\/2017\/09\/Muralhaot.jpg\" alt=\"\" width=\"284\" height=\"177\" \/>O caso Muralha diz muito sobre os tempos em que vivemos. N\u00e3o quero o goleiro no Flamengo, acho fraco, mas o jogador recebeu at\u00e9 &#8220;editorial&#8221; de um grande jornal lhe execrando e expondo a humilha\u00e7\u00e3o p\u00fablica. O mesmo jornal ,que na semana anterior criou uma editoria de Guerra gra\u00e7as \u00e0 situa\u00e7\u00e3o grave de viol\u00eancia, esculhambou o goleiro sem se preocupar com a forma que lhe exp\u00f4s, se ele tem fam\u00edlia, filhos ou mesmo no quanto afetaria sua cabe\u00e7a essa situa\u00e7\u00e3o.<\/p>\n<p style=\"text-align: justify;\">E se o rapaz entrou em depress\u00e3o por causa das falhas? O que poderia ocorrer vindo um &#8220;editorial&#8221; desses? Se mete uma bala na cabe\u00e7a? Quem se responsabilizaria? Estou exagerando? Voc\u00ea sabe o que passa na cabe\u00e7a de uma pessoa com problemas? Depressiva? Eu tive que bloquear um cara no Twitter porque comentei isso e ele respondeu que se o Muralha se matasse faria um churrasco e comentou isso a s\u00e9rio.<\/p>\n<p style=\"text-align: justify;\">E o mais incr\u00edvel disso tudo \u00e9 que essa agressividade contra esportistas, em rela\u00e7\u00f5es pessoais n\u00e3o ocorre com quem merecia que \u00e9 a classe pol\u00edtica brasileira. Nuzman comprou uma Olimp\u00edada, tem a vida devassada, \u00e9 proibido de sair do pa\u00eds e nada ocorreu, encontraram 51 milh\u00f5es com o Geddel e nada ocorreu. Nenhuma panela foi batida, ningu\u00e9m foi para as ruas.<\/p>\n<p style=\"text-align: justify;\">E antes que digam que sou partid\u00e1rio tamb\u00e9m n\u00e3o se ouve nada de parte da popula\u00e7\u00e3o com mais um esc\u00e2ndalo, mais uma acusa\u00e7\u00e3o contra o Lula. A indigna\u00e7\u00e3o \u00e9 seletiva. Para a direita s\u00f3 o PT n\u00e3o presta e tirando o PT do poder acabaram os problemas, para os petistas todos s\u00e3o corruptos, menos o Lula que \u00e9 um perseguido, um m\u00e1rtir.<\/p>\n<p style=\"text-align: justify;\">Eu n\u00e3o sou psicanalista, mas a impress\u00e3o que passa \u00e9 que essa agressividade com coisas comuns passa pela falta de capacidade de transformar o que realmente \u00e9 grave. A frustra\u00e7\u00e3o de perceber que vive em um pa\u00eds cada vez pior onde um grupo seleto enriquece, faz o que quer e goza na nossa cara seja pela informa\u00e7\u00e3o do jornal na tv ou em uma ejaculada no \u00f4nibus e n\u00e3o temos for\u00e7a para impedir que isso ocorra. Nos resta explodir em outras situa\u00e7\u00f5es.<\/p>\n<p style=\"text-align: justify;\">O Brasil precisa de um div\u00e3, precisa fazer an\u00e1lise. Aproveitando a &#8220;comemora\u00e7\u00e3o&#8221; da semana e j\u00e1 pedindo desculpas pelas palavras baixas um pa\u00eds que se torna independente atrav\u00e9s de uma &#8220;cagada&#8221; s\u00f3 podia dar merda.<\/p>\n<p style=\"text-align: justify;\">Voc\u00ea tem coragem de ir a jogos de futebol ainda? Levar seus filhos? Eu n\u00e3o tenho mais e se n\u00e3o gostarem de futebol no futuro entenderei. Futebol em est\u00e1dio hoje n\u00e3o \u00e9 mais para pessoas normais como n\u00f3s infelizmente e se eu levar um filho a est\u00e1dio e ele chorar apavorado por causa de conflitos de torcida quem passar\u00e1 a odiar o futebol serei eu. A agressividade ser\u00e1 minha.<\/p>\n<p style=\"text-align: justify;\">Paz n\u00e3o se faz com marketing, \u00e9 preciso muito mais que isso.<\/p>\n<p style=\"text-align: justify;\">Pelo jeito o Ouro de Tolo ter\u00e1 que criar a &#8220;Editoria de raiva&#8221;.<\/p>\n<p style=\"text-align: justify;\">Twitter &#8211; @aloisiovillar<\/p>\n<p style=\"text-align: justify;\">Facebook &#8211; Aloisio Villar<\/p>\n","protected":false},"excerpt":{"rendered":"<p>Escrevo esse artigo logo ap\u00f3s Flamengo x Cruzeiro pela primeira partida final da Copa do Brasil. Para essa partida, foi feita uma campanha pela pazTour Details<\/p>\n","protected":false},"author":8,"featured_media":47002,"comment_status":"open","ping_status":"open","sticky":false,"template":"","format":"standard","meta":{"footnotes":""},"categories":[8],"tags":[42,1285,1286],"class_list":["post-46999","post","type-post","status-publish","format-standard","has-post-thumbnail","hentry","category-orun-aye","tag-flamengo","tag-marcio-araujo","tag-muralha"],"_links":{"self":[{"href":"http:\/\/www.pedromigao.com.br\/ourodetolo\/wp-json\/wp\/v2\/posts\/46999","targetHints":{"allow":["GET"]}}],"collection":[{"href":"http:\/\/www.pedromigao.com.br\/ourodetolo\/wp-json\/wp\/v2\/posts"}],"about":[{"href":"http:\/\/www.pedromigao.com.br\/ourodetolo\/wp-json\/wp\/v2\/types\/post"}],"author":[{"embeddable":true,"href":"http:\/\/www.pedromigao.com.br\/ourodetolo\/wp-json\/wp\/v2\/users\/8"}],"replies":[{"embeddable":true,"href":"http:\/\/www.pedromigao.com.br\/ourodetolo\/wp-json\/wp\/v2\/comments?post=46999"}],"version-history":[{"count":2,"href":"http:\/\/www.pedromigao.com.br\/ourodetolo\/wp-json\/wp\/v2\/posts\/46999\/revisions"}],"predecessor-version":[{"id":47005,"href":"http:\/\/www.pedromigao.com.br\/ourodetolo\/wp-json\/wp\/v2\/posts\/46999\/revisions\/47005"}],"wp:featuredmedia":[{"embeddable":true,"href":"http:\/\/www.pedromigao.com.br\/ourodetolo\/wp-json\/wp\/v2\/media\/47002"}],"wp:attachment":[{"href":"http:\/\/www.pedromigao.com.br\/ourodetolo\/wp-json\/wp\/v2\/media?parent=46999"}],"wp:term":[{"taxonomy":"category","embeddable":true,"href":"http:\/\/www.pedromigao.com.br\/ourodetolo\/wp-json\/wp\/v2\/categories?post=46999"},{"taxonomy":"post_tag","embeddable":true,"href":"http:\/\/www.pedromigao.com.br\/ourodetolo\/wp-json\/wp\/v2\/tags?post=46999"}],"curies":[{"name":"wp","href":"https:\/\/api.w.org\/{rel}","templated":true}]}}