{"id":46856,"date":"2017-08-17T10:38:04","date_gmt":"2017-08-17T13:38:04","guid":{"rendered":"http:\/\/www.pedromigao.com.br\/ourodetolo\/?p=46856"},"modified":"2017-08-17T10:38:04","modified_gmt":"2017-08-17T13:38:04","slug":"preconceito-estadio-e-sociedade","status":"publish","type":"post","link":"http:\/\/www.pedromigao.com.br\/ourodetolo\/2017\/08\/preconceito-estadio-e-sociedade\/","title":{"rendered":"Preconceito, Est\u00e1dio e Sociedade"},"content":{"rendered":"<p style=\"text-align: justify;\">Ontem, quarta-feira, tivemos a primeira partida das semifinais da Copa do Brasil, entre Botafogo e Flamengo.<\/p>\n<p style=\"text-align: justify;\">Entre coisas como o zero a zero que levou a decis\u00e3o ao segundo jogo, a arbitragem confusa e os problemas decorrentes do mau relacionamento entre as diretorias, chamou a aten\u00e7\u00e3o o caso de inj\u00faria racial de um torcedor do Botafogo aos familiares do jogador Vin\u00edcius Jr., do Flamengo.<\/p>\n<p style=\"text-align: justify;\">O torcedor em quest\u00e3o foi denunciado pelos pr\u00f3prios botafoguenses presentes, mas no momento em que escrevo a informa\u00e7\u00e3o \u00e9 que prestou depoimento e responder\u00e1 ao processo em liberdade.<\/p>\n<p style=\"text-align: justify;\">A reflex\u00e3o destas linhas, entretanto, \u00e9 outra: at\u00e9 que ponto comportamentos em est\u00e1dios podem se escorar na velha desculpa <em>\u201cde que o que ocorre no est\u00e1dio fica em est\u00e1dio\u201d<\/em>?<\/p>\n<p style=\"text-align: justify;\">Como os leitores sabem, tenho 42 anos. 38 de est\u00e1dio \u2013 meu primeiro jogo foi o do tricampeonato estadual de 79, contra este mesmo Botafogo, no dia do meu anivers\u00e1rio.<\/p>\n<p style=\"text-align: justify;\">Cresci dentro desta cultura. Cantos homof\u00f3bicos contra a torcida do Fluminense (n\u00e3o somente), de preconceito social contra n\u00f3s rubro-negros \u2013 que foram assumidos por n\u00f3s como algo positivo \u2013 e outras express\u00f5es de intoler\u00e2ncia, preconceito e machismo. Muitas vezes com atos de racismo expl\u00edcito.<\/p>\n<p style=\"text-align: justify;\">Isso era dito como \u201cv\u00e1lido\u201d, pois dentro do <em>est\u00e1dio \u201cvale tudo para desestabilizar o advers\u00e1rio\u201d<\/em>. Cheguei a escrever artigo anos atr\u00e1s sobre o \u201chumor politicamente incorreto dos est\u00e1dios\u201d, e acho que deveria naquela ocasi\u00e3o ter condenado de forma mais enf\u00e1tica este tipo de comportamento.<\/p>\n<p style=\"text-align: justify;\">Errei, e assumo. Mas isso d\u00e1 um gancho para outra faceta deste t\u00f3pico.<\/p>\n<p style=\"text-align: justify;\">Como escrevi em redes sociais hoje mais cedo, para a gera\u00e7\u00e3o dos meus pais este tipo de comportamento era considerado \u201caceito\u201d, \u201cnormal\u201d, \u201cesperado\u201d. Eram fruto de uma cria\u00e7\u00e3o mais conservadora e chamar em um est\u00e1dio algu\u00e9m de \u201cbicha\u201d, de \u201cpreto\u201d ou de \u201cfavelado\u201d \u2013 apenas para ficar nos exemplos mais comuns \u2013 era aceito socialmente. Embora errado, sabemos hoje.<\/p>\n<p style=\"text-align: justify;\">A minha gera\u00e7\u00e3o \u00e9 de transi\u00e7\u00e3o. Foi criada ainda com resqu\u00edcios deste tipo de comportamento, mas foi \u201ceducada\u201d a mudar este comportamento porque, finalmente, tomou a consci\u00eancia que homofobia, machismo, racismo e preconceito social s\u00e3o coisas que precisam ser erradicadas de nosso conv\u00edvio.<\/p>\n<p style=\"text-align: justify;\"><a href=\"http:\/\/www.pedromigao.com.br\/ourodetolo\/wp-content\/uploads\/2017\/08\/vin\u00edcius-jr_2.jpg\"><img loading=\"lazy\" decoding=\"async\" class=\"aligncenter wp-image-46858\" src=\"http:\/\/www.pedromigao.com.br\/ourodetolo\/wp-content\/uploads\/2017\/08\/vin\u00edcius-jr_2-511x340.jpg\" alt=\"\" width=\"593\" height=\"395\" srcset=\"http:\/\/www.pedromigao.com.br\/ourodetolo\/wp-content\/uploads\/2017\/08\/vin\u00edcius-jr_2-511x340.jpg 511w, http:\/\/www.pedromigao.com.br\/ourodetolo\/wp-content\/uploads\/2017\/08\/vin\u00edcius-jr_2-300x200.jpg 300w, http:\/\/www.pedromigao.com.br\/ourodetolo\/wp-content\/uploads\/2017\/08\/vin\u00edcius-jr_2-768x511.jpg 768w, http:\/\/www.pedromigao.com.br\/ourodetolo\/wp-content\/uploads\/2017\/08\/vin\u00edcius-jr_2.jpg 880w\" sizes=\"auto, (max-width: 593px) 100vw, 593px\" \/><\/a>Entretanto, o mais inacredit\u00e1vel \u00e9 que a gera\u00e7\u00e3o hoje na casa dos 20 anos, em m\u00e9dia (economista adora falar isso), repete exatamente o comportamento da gera\u00e7\u00e3o dos meus pais, de forma mais aberta at\u00e9. \u00c9 gera\u00e7\u00e3o mais machista, homof\u00f3bica e preconceituosa com aspectos sociais e de minorias.<\/p>\n<p style=\"text-align: justify;\">Uma das respostas que recebi indicava que a minha gera\u00e7\u00e3o era filha dos pais dos \u201canos loucos\u201d da d\u00e9cada de 70. Discordo, porque o \u201cgolpe dentro do golpe\u201d representado pelo AI-5 em 1968 fechou o pa\u00eds a influ\u00eancias externas de forma ampla, o que tornou muito limitados os efeitos de fen\u00f4menos como a contracultura e movimentos liberalizantes de costumes ocorridos.<\/p>\n<p style=\"text-align: justify;\">Ainda assim, consigo ver mudan\u00e7as de comportamento palp\u00e1veis. Como os botafoguenses que denunciaram o indiv\u00edduo que ofendeu a fam\u00edlia de Vin\u00edcius Jr. Ou como eu e mais alguns no \u00faltimo Fla-Flu reclamando dos cantos homof\u00f3bicos \u00e0 torcida tricolor.<\/p>\n<p style=\"text-align: justify;\">Isto \u00e9 algo que representa um trabalho de \u201cformiguinha\u201d: um a um, dois a dois, cem a cem, at\u00e9 chegar ao todo. Mudan\u00e7as de cultura s\u00e3o lentas, ainda mais quando estamos falando de uma cultura mais que centen\u00e1ria.<\/p>\n<p style=\"text-align: justify;\">Vale lembrar, tamb\u00e9m, que o Brasil vive um momento onde as demonstra\u00e7\u00f5es de preconceito como um todo s\u00e3o assumidas por uma parcela expressiva da sociedade. Assumidas e disseminadas como algo \u201cpositivo\u201d.<\/p>\n<p style=\"text-align: justify;\"><a href=\"http:\/\/www.pedromigao.com.br\/ourodetolo\/wp-content\/uploads\/2017\/08\/20170618_162603.jpg\"><img loading=\"lazy\" decoding=\"async\" class=\"aligncenter wp-image-46859\" src=\"http:\/\/www.pedromigao.com.br\/ourodetolo\/wp-content\/uploads\/2017\/08\/20170618_162603-453x340.jpg\" alt=\"\" width=\"593\" height=\"445\" srcset=\"http:\/\/www.pedromigao.com.br\/ourodetolo\/wp-content\/uploads\/2017\/08\/20170618_162603-453x340.jpg 453w, http:\/\/www.pedromigao.com.br\/ourodetolo\/wp-content\/uploads\/2017\/08\/20170618_162603-300x225.jpg 300w, http:\/\/www.pedromigao.com.br\/ourodetolo\/wp-content\/uploads\/2017\/08\/20170618_162603-768x576.jpg 768w\" sizes=\"auto, (max-width: 593px) 100vw, 593px\" \/><\/a>Ao mesmo tempo em que a conscientiza\u00e7\u00e3o de preconceitos avan\u00e7a lentamente em certos p\u00fablicos e parcelas da sociedade, h\u00e1 uma avalanche de manifesta\u00e7\u00f5es que, embora sejam publicamente \u201ccondenadas\u201d, s\u00e3o consideradas \u201caceit\u00e1veis\u201d e \u201cjustas\u201d. Machismo, homofobia, preconceito social, racismo (este mais velado, como sempre foi, mas muito presente).<\/p>\n<p style=\"text-align: justify;\">N\u00e3o deixa de ser uma contradi\u00e7\u00e3o da sociedade brasileira.<\/p>\n<p style=\"text-align: justify;\">Poderia estender este texto a outros campos da sociedade brasileira, mas sairia do foco. Os est\u00e1dios de futebol s\u00e3o um microcosmo da maioria (mesmo que \u201csilenciosa\u201d) da sociedade brasileira, que vive um processo claro e manifesto de guinada conservadora.<\/p>\n<p style=\"text-align: justify;\">Por outro lado, preconceitos como estes s\u00e3o inaceit\u00e1veis e precisam ser combatidos. Cada um fazendo sua parte, n\u00e3o cantando estes tipos de \u201ccoros de torcida\u201d e condenando este tipo de comportamento.<\/p>\n<p style=\"text-align: justify;\">Que \u00e9 inaceit\u00e1vel.<\/p>\n<p><strong>Imagens: Flamengo\/Gilvan de Souza (Vin\u00edcius Jr.) e Ouro de Tolo (Fla-Flu)<\/strong><\/p>\n<p>[related_posts limit=&#8221;3&#8243;]<\/p>\n","protected":false},"excerpt":{"rendered":"<p>Ontem, quarta-feira, tivemos a primeira partida das semifinais da Copa do Brasil, entre Botafogo e Flamengo. Entre coisas como o zero a zero que levouTour Details<\/p>\n","protected":false},"author":2,"featured_media":46857,"comment_status":"open","ping_status":"open","sticky":false,"template":"","format":"standard","meta":{"footnotes":""},"categories":[289],"tags":[127,42,37,566,7,27,6],"class_list":["post-46856","post","type-post","status-publish","format-standard","has-post-thumbnail","hentry","category-pedro-migao","tag-botafogo","tag-flamengo","tag-futebol","tag-redes-sociais","tag-reflexoes","tag-sociedade","tag-vida-cotidiana"],"_links":{"self":[{"href":"http:\/\/www.pedromigao.com.br\/ourodetolo\/wp-json\/wp\/v2\/posts\/46856","targetHints":{"allow":["GET"]}}],"collection":[{"href":"http:\/\/www.pedromigao.com.br\/ourodetolo\/wp-json\/wp\/v2\/posts"}],"about":[{"href":"http:\/\/www.pedromigao.com.br\/ourodetolo\/wp-json\/wp\/v2\/types\/post"}],"author":[{"embeddable":true,"href":"http:\/\/www.pedromigao.com.br\/ourodetolo\/wp-json\/wp\/v2\/users\/2"}],"replies":[{"embeddable":true,"href":"http:\/\/www.pedromigao.com.br\/ourodetolo\/wp-json\/wp\/v2\/comments?post=46856"}],"version-history":[{"count":1,"href":"http:\/\/www.pedromigao.com.br\/ourodetolo\/wp-json\/wp\/v2\/posts\/46856\/revisions"}],"predecessor-version":[{"id":46860,"href":"http:\/\/www.pedromigao.com.br\/ourodetolo\/wp-json\/wp\/v2\/posts\/46856\/revisions\/46860"}],"wp:featuredmedia":[{"embeddable":true,"href":"http:\/\/www.pedromigao.com.br\/ourodetolo\/wp-json\/wp\/v2\/media\/46857"}],"wp:attachment":[{"href":"http:\/\/www.pedromigao.com.br\/ourodetolo\/wp-json\/wp\/v2\/media?parent=46856"}],"wp:term":[{"taxonomy":"category","embeddable":true,"href":"http:\/\/www.pedromigao.com.br\/ourodetolo\/wp-json\/wp\/v2\/categories?post=46856"},{"taxonomy":"post_tag","embeddable":true,"href":"http:\/\/www.pedromigao.com.br\/ourodetolo\/wp-json\/wp\/v2\/tags?post=46856"}],"curies":[{"name":"wp","href":"https:\/\/api.w.org\/{rel}","templated":true}]}}