{"id":46660,"date":"2017-07-26T06:30:27","date_gmt":"2017-07-26T09:30:27","guid":{"rendered":"http:\/\/www.pedromigao.com.br\/ourodetolo\/?p=46660"},"modified":"2017-07-26T13:35:22","modified_gmt":"2017-07-26T16:35:22","slug":"as-encomendas-na-serie-a","status":"publish","type":"post","link":"http:\/\/www.pedromigao.com.br\/ourodetolo\/2017\/07\/as-encomendas-na-serie-a\/","title":{"rendered":"As Encomendas na S\u00e9rie A"},"content":{"rendered":"<p style=\"text-align: justify;\">Eu havia jurado a mim mesmo que n\u00e3o escreveria sobre disputas de samba este ano, porque ano passado o desgaste foi imenso ap\u00f3s abordar duas vezes o tema. Minha pobre m\u00e3e, que n\u00e3o tem nada a ver com isso, foi bastante (por assim dizer) \u201chomenageada\u201d por leitores, puxa sacos de compositores e assemelhados.<\/p>\n<p style=\"text-align: justify;\">Desculpe, Dona Wilma.<\/p>\n<p style=\"text-align: justify;\">Entretanto, este ano a S\u00e9rie A, o grupo de acesso imediato ao Especial, est\u00e1 apresentando um fen\u00f4meno muito interessante. Ou melhor, dois.<\/p>\n<p style=\"text-align: justify;\">Respectivamente, estes dois fen\u00f4menos s\u00e3o as encomendas se alastrando, por um lado; e por outro, compositores assinando praticamente em todas as agremia\u00e7\u00f5es deste grupo que est\u00e3o fazendo concursos. Vamos por partes.<\/p>\n<p style=\"text-align: justify;\">Das treze escolas que desfilam na sexta e no s\u00e1bado de carnaval, nada menos que cinco est\u00e3o utilizando o recurso da encomenda: Inocentes de Belford Roxo, Renascer, Sossego, Rocinha e Alegria. Est\u00e1 certo que neste \u00faltimo caso a encomenda foi involunt\u00e1ria, mas explico este caso mais abaixo.<\/p>\n<p style=\"text-align: justify;\">Das outras oito, Unidos de Padre Miguel, Cubango e Santa Cruz (estas duas, \u00fanicas a n\u00e3o ter ainda os concorrentes divulgados quando este artigo estiver no ar) far\u00e3o disputas mais curtas, com poucas eliminat\u00f3rias; ou, no caso da Santa Cruz, com parte delas fechadas ao p\u00fablico.<\/p>\n<p><iframe loading=\"lazy\" title=\"Renascer 2014 - Vers\u00e3o CD Oficial\" width=\"525\" height=\"394\" src=\"https:\/\/www.youtube.com\/embed\/wdENxVeCBMY?feature=oembed\" frameborder=\"0\" allow=\"accelerometer; autoplay; clipboard-write; encrypted-media; gyroscope; picture-in-picture; web-share\" referrerpolicy=\"strict-origin-when-cross-origin\" allowfullscreen><\/iframe><\/p>\n<p style=\"text-align: justify;\">Ou seja, mais da metade das agremia\u00e7\u00f5es deste grupo n\u00e3o far\u00e1 uma disputa tradicional, como aquelas a que nos acostumamos h\u00e1 d\u00e9cadas.<\/p>\n<p style=\"text-align: justify;\">A que se deve este fen\u00f4meno?<\/p>\n<p style=\"text-align: justify;\">Conversando com dirigentes, compositores e int\u00e9rpretes deste grupo, a principal motiva\u00e7\u00e3o para este fen\u00f4meno \u00e9 a quest\u00e3o do custo. Normalmente as disputas neste grupo s\u00e3o amplamente deficit\u00e1rias, n\u00e3o apenas para os compositores concorrentes como \u00e0s pr\u00f3prias escolas.<\/p>\n<p style=\"text-align: justify;\">Para se abrir a quadra, paga-se pessoal, luz, \u00e1gua, muitas vezes segmentos que se apresentam. Em praticamente todas estas escolas, somente na final\u00edssima o lucro ao abrir a quadra compensa no balan\u00e7o financeiro.<\/p>\n<p>https:\/\/www.youtube.com\/watch?v=GB0Nm3BZtG4<\/p>\n<p style=\"text-align: justify;\">Em escolas onde as fontes de recursos j\u00e1 n\u00e3o cobrem o necess\u00e1rio ao desfile, e com uma subven\u00e7\u00e3o ainda menor da Prefeitura para 2018, cada centavo economizado faz enorme diferen\u00e7a na prepara\u00e7\u00e3o de seu desfile. Ent\u00e3o, abrir a quadra para ter preju\u00edzo acaba deslocando recursos escassos da prepara\u00e7\u00e3o de alegorias e fantasias.<\/p>\n<p style=\"text-align: justify;\">Pelo \u00e2ngulo dos compositores, \u00e9 uma disputa muito custosa para direitos autorais que variam entre 15 a 20 mil reais totais \u2013 dado me fornecido por compositor envolvido. A Unidos de Padre Miguel ainda dar\u00e1 35 mil reais de pr\u00eamio ao vencedor, mas nas demais, at\u00e9 onde tenho conhecimento, s\u00e3o somente os direitos autorais.<\/p>\n<p style=\"text-align: justify;\">Some-se a isso concursos com poucos concorrentes. Poucas escolas deste grupo, ultimamente, tem superado as 10 composi\u00e7\u00f5es inscritas. Para fazer com quatro, cinco sambas, sinceramente penso ser melhor encomendar.<\/p>\n<p style=\"text-align: justify;\">Somando-se \u00e0 quest\u00e3o do custo, ao se encomendar uma composi\u00e7\u00e3o, sem a press\u00e3o da disputa os compositores encarregados podem ousar um pouco mais e, ao mesmo tempo, trabalhar com mais cuidado nos sambas.<\/p>\n<p><iframe loading=\"lazy\" title=\"Acad\u00eamicos da Rocinha - Samba-Enredo de 2014\" width=\"525\" height=\"394\" src=\"https:\/\/www.youtube.com\/embed\/xWlheo_cKrI?feature=oembed\" frameborder=\"0\" allow=\"accelerometer; autoplay; clipboard-write; encrypted-media; gyroscope; picture-in-picture; web-share\" referrerpolicy=\"strict-origin-when-cross-origin\" allowfullscreen><\/iframe><\/p>\n<p style=\"text-align: justify;\">Sem d\u00favida alguma, a sequ\u00eancia de bons sambas trazidos pela Renascer de Jacarepagu\u00e1 desde 2014, quando de sua primeira encomenda, encorajou outras escolas a adotarem o expediente \u2013 embora pouca gente se lembre que no mesmo 2014 a Rocinha tamb\u00e9m encomendou sua composi\u00e7\u00e3o sobre a Barra da Tijuca e o resultado, veja bem&#8230;<\/p>\n<p style=\"text-align: justify;\">Para 2018, inclusive, a Inocentes de Belford Roxo n\u00e3o somente adotou a referida estrat\u00e9gia pioneira na Renascer de Jacarepagu\u00e1 como convidou o mesmo Cl\u00e1udio Russo, um dos autores desta sequ\u00eancia, para assinar seu samba em parceria com outra fera, Andr\u00e9 Diniz.<\/p>\n<p style=\"text-align: justify;\">O resultado foi aquele que, a meu ju\u00edzo, \u00e9 o melhor samba da hist\u00f3ria da escola, ainda que com um enredo a princ\u00edpio \u00e1rido \u2013 a cidade de Mag\u00e9.<\/p>\n<p><iframe loading=\"lazy\" title=\"Inocentes de Belford Roxo 2018: CLIPE OFICIAL  |  Moj\u00fa, Mag\u00e9, Moj\u00fab\u00e1 - Sinfonias e Batuques\" width=\"525\" height=\"295\" src=\"https:\/\/www.youtube.com\/embed\/RZDdlN7uv8g?feature=oembed\" frameborder=\"0\" allow=\"accelerometer; autoplay; clipboard-write; encrypted-media; gyroscope; picture-in-picture; web-share\" referrerpolicy=\"strict-origin-when-cross-origin\" allowfullscreen><\/iframe><\/p>\n<p style=\"text-align: justify;\">Russo, ali\u00e1s, tamb\u00e9m assina a encomenda da Para\u00edso do Tuiuti, do Grupo Especial. Outro belo samba. Mas n\u00e3o somente em encomendas ele est\u00e1 disputando.<\/p>\n<p style=\"text-align: justify;\">Ent\u00e3o temos o segundo fen\u00f4meno destas disputas da S\u00e9rie A: compositores disputando em diversas escolas.<\/p>\n<p style=\"text-align: justify;\">Na verdade, em minha avalia\u00e7\u00e3o o correto seria dizer que estes compositores est\u00e3o assinando em mais de uma escola, n\u00e3o participando. N\u00e3o \u00e9 segredo de ningu\u00e9m que havia os chamados \u201cpombos\u201d, composi\u00e7\u00f5es com autores \u201cocultos\u201d por estarem assinando em outras agremia\u00e7\u00f5es.<\/p>\n<p style=\"text-align: justify;\">Isto j\u00e1 havia ocorrido de forma t\u00edmida para 2017, mas para 2018 temos casos como o do compositor Samir Trindade assinando no Imp\u00e9rio da Tijuca, na Unidos de Padre Miguel e na Unidos de Bangu, al\u00e9m da encomenda do Alegria. Felipe Fil\u00f3sofo (um dos autores do magistral samba da Viradouro para 2016), al\u00e9m de respons\u00e1vel pela encomenda da Sossego, tamb\u00e9m est\u00e1 na Unidos de Bangu e na Viradouro.<\/p>\n<p><iframe loading=\"lazy\" title=\"RENASCER DE JACAREPAGU\u00c1 2018 - Samba OFICIAL\" width=\"525\" height=\"394\" src=\"https:\/\/www.youtube.com\/embed\/ZrOyVauuHSI?feature=oembed\" frameborder=\"0\" allow=\"accelerometer; autoplay; clipboard-write; encrypted-media; gyroscope; picture-in-picture; web-share\" referrerpolicy=\"strict-origin-when-cross-origin\" allowfullscreen><\/iframe><\/p>\n<p style=\"text-align: justify;\">O pr\u00f3prio Cl\u00e1udio Russo, al\u00e9m de assinar as encomendas da Inocentes e da Renascer, est\u00e1 disputando na Unidos de Padre Miguel e na Viradouro. Lembro aos leitores que o regulamento deste grupo \u2013 e nem do Especial \u2013 n\u00e3o pro\u00edbe que se assine em mais de uma agremia\u00e7\u00e3o. Normalmente \u00e9 regra interna da pr\u00f3pria escola \u2013 nem todas.<\/p>\n<p style=\"text-align: justify;\"><a href=\"http:\/\/www.pedromigao.com.br\/ourodetolo\/2017\/07\/20-anos\/\" target=\"_blank\" rel=\"noopener\"><span style=\"color: #ff6600;\">O colunista Alo\u00edsio Villar escreveu no \u00faltimo domingo<\/span><\/a> que as encomendas iriam impedir o surgimento de novos compositores, mas penso um pouco diferente.<\/p>\n<p style=\"text-align: justify;\">Primeiro porque estas est\u00e3o elevando o n\u00edvel das disputas nas escolas remanescentes, sendo isto deliberado ou n\u00e3o. Das escolas que divulgaram suas composi\u00e7\u00f5es at\u00e9 o momento, somente Viradouro e Est\u00e1cio n\u00e3o tem ao menos um grande concorrente \u2013 ainda assim, ambas tem op\u00e7\u00f5es que ir\u00e3o perder na compara\u00e7\u00e3o mas que n\u00e3o podem ser consideradas ruins.<\/p>\n<p style=\"text-align: justify;\">A meu ju\u00edzo, ali\u00e1s, o grande samba do ano at\u00e9 agora est\u00e1 em uma das escolas que est\u00e3o fazendo concurso, n\u00e3o nas encomendas. E com nenhum destes considerados \u201cmedalh\u00f5es\u201d assinando.<\/p>\n<p style=\"text-align: justify;\">Penso que, se houver talento, obviamente um jovem compositor ir\u00e1 conseguir furar este bloqueio, nem que seja para compor ao lado de quem j\u00e1 est\u00e1 estabelecido. Ainda mais em disputas ou encomendas com menor dura\u00e7\u00e3o, onde o poder financeiro n\u00e3o tem tanto peso \u2013 afinal de contas, com menos eliminat\u00f3rias, o gasto necess\u00e1rio \u00e9 menor.<\/p>\n<p><iframe loading=\"lazy\" title=\"Alegria da Zona Sul 2018: CLIPE OFICIAL  |  Bravos Mal\u00eas! A Saga de Luiza Mahin -\" width=\"525\" height=\"295\" src=\"https:\/\/www.youtube.com\/embed\/7uu_e3JKf08?feature=oembed\" frameborder=\"0\" allow=\"accelerometer; autoplay; clipboard-write; encrypted-media; gyroscope; picture-in-picture; web-share\" referrerpolicy=\"strict-origin-when-cross-origin\" allowfullscreen><\/iframe><\/p>\n<p style=\"text-align: justify;\">Como disse acima, o caso da Alegria da Zona Sul foi um pouco diferente: a escola recebeu apenas um samba concorrente para sua disputa, e a diretoria da agremia\u00e7\u00e3o, em medida a meu ver acertada, optou por oficializar esta composi\u00e7\u00e3o como a definitiva. N\u00e3o foi exatamente uma encomenda, originalmente.<\/p>\n<p style=\"text-align: justify;\">Finalizando, penso que estes dois fen\u00f4menos vieram para ficar: tanto o de escolas encomendando sambas na S\u00e9rie A como de compositores assinando em v\u00e1rias escolas neste grupo. O que n\u00e3o sabemos ainda \u00e9 qual ser\u00e1 o peso que as encomendas ir\u00e3o ter nos pr\u00f3ximos anos neste grupo.<\/p>\n<p style=\"text-align: justify;\">Penso que qualquer tentativa de sair do modelo de disputas longas e especialmente deficit\u00e1rias deveria ser testado e tentado. Assim como precisa ser debatido e ressignificado o conceito de \u201cAla de Compositores\u201d.<\/p>\n<p style=\"text-align: justify;\">Mas este \u00e9 tema para outro artigo.<\/p>\n<p><strong>Imagem: Ouro de Tolo<\/strong><\/p>\n<p>[related_posts limit=&#8221;3&#8243;]<\/p>\n","protected":false},"excerpt":{"rendered":"<p>Eu havia jurado a mim mesmo que n\u00e3o escreveria sobre disputas de samba este ano, porque ano passado o desgaste foi imenso ap\u00f3s abordar duasTour Details<\/p>\n","protected":false},"author":2,"featured_media":46338,"comment_status":"open","ping_status":"open","sticky":false,"template":"","format":"standard","meta":{"footnotes":""},"categories":[289],"tags":[18,1224,12,19],"class_list":["post-46660","post","type-post","status-publish","format-standard","has-post-thumbnail","hentry","category-pedro-migao","tag-carnaval","tag-carnaval-2018","tag-cultura","tag-escolas-de-samba"],"_links":{"self":[{"href":"http:\/\/www.pedromigao.com.br\/ourodetolo\/wp-json\/wp\/v2\/posts\/46660","targetHints":{"allow":["GET"]}}],"collection":[{"href":"http:\/\/www.pedromigao.com.br\/ourodetolo\/wp-json\/wp\/v2\/posts"}],"about":[{"href":"http:\/\/www.pedromigao.com.br\/ourodetolo\/wp-json\/wp\/v2\/types\/post"}],"author":[{"embeddable":true,"href":"http:\/\/www.pedromigao.com.br\/ourodetolo\/wp-json\/wp\/v2\/users\/2"}],"replies":[{"embeddable":true,"href":"http:\/\/www.pedromigao.com.br\/ourodetolo\/wp-json\/wp\/v2\/comments?post=46660"}],"version-history":[{"count":4,"href":"http:\/\/www.pedromigao.com.br\/ourodetolo\/wp-json\/wp\/v2\/posts\/46660\/revisions"}],"predecessor-version":[{"id":46682,"href":"http:\/\/www.pedromigao.com.br\/ourodetolo\/wp-json\/wp\/v2\/posts\/46660\/revisions\/46682"}],"wp:featuredmedia":[{"embeddable":true,"href":"http:\/\/www.pedromigao.com.br\/ourodetolo\/wp-json\/wp\/v2\/media\/46338"}],"wp:attachment":[{"href":"http:\/\/www.pedromigao.com.br\/ourodetolo\/wp-json\/wp\/v2\/media?parent=46660"}],"wp:term":[{"taxonomy":"category","embeddable":true,"href":"http:\/\/www.pedromigao.com.br\/ourodetolo\/wp-json\/wp\/v2\/categories?post=46660"},{"taxonomy":"post_tag","embeddable":true,"href":"http:\/\/www.pedromigao.com.br\/ourodetolo\/wp-json\/wp\/v2\/tags?post=46660"}],"curies":[{"name":"wp","href":"https:\/\/api.w.org\/{rel}","templated":true}]}}