{"id":45657,"date":"2017-03-18T09:22:35","date_gmt":"2017-03-18T12:22:35","guid":{"rendered":"http:\/\/www.pedromigao.com.br\/ourodetolo\/?p=45657"},"modified":"2017-03-17T19:26:43","modified_gmt":"2017-03-17T22:26:43","slug":"a-entrevista-do-eurico","status":"publish","type":"post","link":"http:\/\/www.pedromigao.com.br\/ourodetolo\/2017\/03\/a-entrevista-do-eurico\/","title":{"rendered":"A entrevista do Eurico"},"content":{"rendered":"<p style=\"text-align: justify;\">Pensei em escrever hoje sobre o caso Bruno, mas n\u00e3o acho que esse psicopata mere\u00e7a ser citado em algo t\u00e3o nobre quanto uma coluna esportiva, ent\u00e3o fica para a &#8220;Orun Ay\u00e9&#8221; de domingo que vem. Prefiro hoje escrever sobre outra figura controversa, mas que\u00a0pelo menos n\u00e3o temos relato de assassinatos e esquartejamentos. Pelo menos de pessoas.<\/p>\n<p style=\"text-align: justify;\">Porque com o Vasco esses dirigentes que passaram no clube nos anos 2000, incluo Roberto, machucam, fazem sangrar e s\u00f3 n\u00e3o chegam ao assassinato e esquartejamento porque \u00e9 um clube gigante, um dos maiores do mundo. S\u00f3 o tamanho\u00a0do Vasco, seu gigantismo explicam tantos desmandos, falta de amor, de compet\u00eancia em suas gest\u00f5es e o clube ainda estar a\u00ed de p\u00e9 e lutando.<\/p>\n<p style=\"text-align: justify;\">Eurico deu entrevista na \u00faltima ter\u00e7a para a ESPN no programa &#8220;Bola da Vez&#8221;. O fato de Eurico aceitar ir\u00a0\u00e0 ESPN chamou a aten\u00e7\u00e3o de todos porque a emissora \u00e9 conhecida por combater tudo aquilo que ele representa e ele ser um de seus principais alvos. A curiosidade aumentou ainda mais quando vimos que Mauro Cezar Pereira era um dos entrevistadores. Mauro Cezar \u00e9 s\u00e9rio, combativo e n\u00e3o costuma &#8220;amarelar&#8221; para quem seja, enfim, prometia, muito.<\/p>\n<p style=\"text-align: justify;\">Mas sinceramente para mim n\u00e3o cumpriu. Esperava uma entrevista nitroglicerina pura, que tentassem acuar o Eurico que, evidente, n\u00e3o aceitaria e no calor do ao vivo n\u00e3o descartava nem que n\u00e3o chegasse ao fim. Mas achei tudo frio demais, n\u00e3o vi &#8220;amarelada&#8221; de jornalistas nem cortesia em demasia, mas n\u00e3o vi a firmeza que a ESPN sempre passa.<\/p>\n<p style=\"text-align: justify;\">Fizeram as perguntas que deviam fazer, todas sem exce\u00e7\u00e3o,\u00a0mas fizeram.<\/p>\n<p style=\"text-align: justify;\">Chamando de &#8220;senhor&#8221;, &#8220;doutor&#8221;, cheios de dedos e o pior, deixaram que Eurico enrolasse, sa\u00edsse dos assuntos das perguntas e falasse por mais de meia hora sobre o que quisesse sem dar a resposta pedida. As perguntas foram feitas, as respostas n\u00e3o foram dadas.<\/p>\n<p style=\"text-align: justify;\">Eurico continua muito bom de orat\u00f3ria e \u00e0s vezes at\u00e9 consegue ser quase simp\u00e1tico, velhinho simp\u00e1tico j\u00e1 que est\u00e1 com aspecto envelhecido e n\u00e3o lembra mais aquela figura temida que invadia campos e amea\u00e7ava ju\u00edzes. Falou de todo legado ruim deixado por Roberto, de toda sua luta para\u00a0reerguer o Vasco, mas de uma forma, com aspecto que mostra que \u00a0tempo passa para todos e Eurico n\u00e3o \u00e9 mais t\u00e3o Eurico assim, apesar que como todo bom cara de orat\u00f3ria, se nos deixarmos levar ele nos\u00a0convence.<\/p>\n<p style=\"text-align: justify;\">O velho discurso estava ali, a fala de &#8220;poderoso chef\u00e3o&#8221;, os elogios a Ferj e falar que o\u00a0Campeonato Carioca de zero a dez era nota onze, elogios a Ricardo Teixeira, Del Nero e Mar\u00edn, achar normal colocar os filhos como dirigentes, aquela velha v\u00e1lvula de escape de falar do Flamengo sempre que se sente acuado e enrolar, enrolar muito como quando falaram da bilheteria de\u00a0um cl\u00e1ssico que levou pra casa e foi assaltado.<\/p>\n<p style=\"text-align: justify;\">Eurico repete o velho discurso do &#8220;eu&#8221;. &#8220;Eu fa\u00e7o&#8221;, &#8220;eu aconte\u00e7o&#8221;, &#8220;eu fiz\u00a0isso,&#8221; &#8220;eu fiz aquilo&#8221;,&#8221;o Vasco precisa de mim, sempre o &#8220;eu&#8221;, nunca o &#8220;n\u00f3s&#8221;, um velho discurso usado n\u00e3o apenas por pessoas mais velhas j\u00e1 que conhe\u00e7o muitos jovens que repetem, mas reflete um jeito arcaico de ver o mundo e agir.<\/p>\n<p style=\"text-align: justify;\">Eurico n\u00e3o \u00e9\u00a0o \u00fanico culpado da situa\u00e7\u00e3o do Vasco esse s\u00e9culo, mas tamb\u00e9m \u00e9 culpado e sinceramente n\u00e3o vejo administrativamente como melhorar j\u00e1 que n\u00e3o s\u00e3o formados novos l\u00edderes no clube. O Vasco, \u00e9 evidente, continuar\u00e1 gigante, vencendo t\u00edtulos, mas com o tempo essa falta de renova\u00e7\u00e3o em seus quadros pode lhe trazer graves problemas, maiores at\u00e9 que tr\u00eas rebaixamentos em oito anos, pode lhe deixar para\u00a0tr\u00e1s\u00a0em rela\u00e7\u00e3o a rivais.<\/p>\n<p style=\"text-align: justify;\">E quando a entrevista acabou e todos se apertaram as m\u00e3os fiquei com a sensa\u00e7\u00e3o que tinha perdido meu tempo. Eurico n\u00e3o foi Eurico, a ESPN n\u00e3o foi ESPN \u00a0e tudo vai continuar como sempre esteve.<\/p>\n<p style=\"text-align: justify;\">Com bravatas e riscos de Sib\u00e9ria.<\/p>\n<p style=\"text-align: justify;\">Twitter -@aloisiovillar<\/p>\n<p style=\"text-align: justify;\">Facebook &#8211; Aloisio Villar<\/p>\n","protected":false},"excerpt":{"rendered":"<p>Pensei em escrever hoje sobre o caso Bruno, mas n\u00e3o acho que esse psicopata mere\u00e7a ser citado em algo t\u00e3o nobre quanto uma coluna esportiva,Tour Details<\/p>\n","protected":false},"author":8,"featured_media":45658,"comment_status":"open","ping_status":"open","sticky":false,"template":"","format":"standard","meta":{"footnotes":""},"categories":[806],"tags":[592,839,985,95],"class_list":["post-45657","post","type-post","status-publish","format-standard","has-post-thumbnail","hentry","category-jogando-nas-onze","tag-espn","tag-eurico-miranda","tag-futebol-brasileiro","tag-vasco"],"_links":{"self":[{"href":"http:\/\/www.pedromigao.com.br\/ourodetolo\/wp-json\/wp\/v2\/posts\/45657","targetHints":{"allow":["GET"]}}],"collection":[{"href":"http:\/\/www.pedromigao.com.br\/ourodetolo\/wp-json\/wp\/v2\/posts"}],"about":[{"href":"http:\/\/www.pedromigao.com.br\/ourodetolo\/wp-json\/wp\/v2\/types\/post"}],"author":[{"embeddable":true,"href":"http:\/\/www.pedromigao.com.br\/ourodetolo\/wp-json\/wp\/v2\/users\/8"}],"replies":[{"embeddable":true,"href":"http:\/\/www.pedromigao.com.br\/ourodetolo\/wp-json\/wp\/v2\/comments?post=45657"}],"version-history":[{"count":0,"href":"http:\/\/www.pedromigao.com.br\/ourodetolo\/wp-json\/wp\/v2\/posts\/45657\/revisions"}],"wp:featuredmedia":[{"embeddable":true,"href":"http:\/\/www.pedromigao.com.br\/ourodetolo\/wp-json\/wp\/v2\/media\/45658"}],"wp:attachment":[{"href":"http:\/\/www.pedromigao.com.br\/ourodetolo\/wp-json\/wp\/v2\/media?parent=45657"}],"wp:term":[{"taxonomy":"category","embeddable":true,"href":"http:\/\/www.pedromigao.com.br\/ourodetolo\/wp-json\/wp\/v2\/categories?post=45657"},{"taxonomy":"post_tag","embeddable":true,"href":"http:\/\/www.pedromigao.com.br\/ourodetolo\/wp-json\/wp\/v2\/tags?post=45657"}],"curies":[{"name":"wp","href":"https:\/\/api.w.org\/{rel}","templated":true}]}}