{"id":44764,"date":"2017-01-31T08:59:43","date_gmt":"2017-01-31T10:59:43","guid":{"rendered":"http:\/\/www.pedromigao.com.br\/ourodetolo\/?p=44764"},"modified":"2017-01-31T08:59:43","modified_gmt":"2017-01-31T10:59:43","slug":"os-artistas-da-folia-dione-leite","status":"publish","type":"post","link":"http:\/\/www.pedromigao.com.br\/ourodetolo\/2017\/01\/os-artistas-da-folia-dione-leite\/","title":{"rendered":"Os artistas da folia \u2013 Dione Leite"},"content":{"rendered":"<p style=\"text-align: justify;\">Na nossa s\u00e9rie, hoje \u00e9 vez de falar da Drag\u00f5es da Real. A escola tem uma grande expectativa para o seu desfile de 2017, quando levar\u00e1 a can\u00e7\u00e3o \u201cAsa Branca\u201d de Luiz Gonzaga para a avenida em busca de seu primeiro t\u00edtulo no carnaval paulistano.<\/p>\n<p style=\"text-align: justify;\">Mais uma vez foi formada uma comiss\u00e3o de carnaval para assinar o enredo com Jorge Silveira, M\u00e1rcio Gon\u00e7alves, Rog\u00e9rio F\u00e9lix e Dione Leite. Este \u00faltimo \u00e9 o nosso entrevistado e nos adianta detalhes do que veremos no dia do desfile.<\/p>\n<p style=\"text-align: justify;\">Dione \u00e9 natural do carnaval ga\u00facho, em escolas de Pelotas e Porto Alegre e vinha a S\u00e3o Paulo comprar materiais para desenvolver suas alegorias e Fantasias. Em 2013 foi chamado para integrar a equipe de Rosa Magalh\u00e3es na Drag\u00f5es como assistente direto da \u201cprofessora\u201d; desde ent\u00e3o permaneceu e hoje \u00e9 o respons\u00e1vel pelas fantasias da agremia\u00e7\u00e3o de Vila Anast\u00e1cio.<\/p>\n<p><iframe loading=\"lazy\" title=\"DESFILE COMPLETO DA DRAG\u00d5ES DA REAL 2016\" width=\"525\" height=\"295\" src=\"https:\/\/www.youtube.com\/embed\/oRNK388lXM8?feature=oembed\" frameborder=\"0\" allow=\"accelerometer; autoplay; clipboard-write; encrypted-media; gyroscope; picture-in-picture; web-share\" referrerpolicy=\"strict-origin-when-cross-origin\" allowfullscreen><\/iframe><\/p>\n<p style=\"text-align: justify;\"><strong>SG \u2013 Nos \u00faltimos anos a Drag\u00f5es seguiu uma linha mais l\u00fadica em seus enredos, com hist\u00f3rias e personagens de fic\u00e7\u00e3o. Qual o prop\u00f3sito dessa mudan\u00e7a de identidade para o enredo de 2017?<\/strong><\/p>\n<p style=\"text-align: justify;\"><strong>Dione &#8211;<\/strong> Esse conceito partiu da pr\u00f3pria diretoria. Em comum acordo percebemos que era hora de mudar, ousar mais e levar uma proposta mais adulta de enredo. Fizemos uma campanha na internet onde, apesar de propostas boas enviadas pelas pessoas, ainda n\u00e3o hav\u00edamos encontrado nosso enredo.<\/p>\n<p style=\"text-align: justify;\">Logo surgiu o consenso de falar do nordeste, mas quer\u00edamos um fio condutor que diferenciasse o enredo dos demais j\u00e1 apresentados no carnaval; por isso escolhemos a m\u00fasica \u201cAsa Branca\u201d, pois al\u00e9m de ser fant\u00e1stica ela \u00e9 dividida em partes assim como ser\u00e3o divididos nossos setores e isso tornar\u00e1 o entendimento muito f\u00e1cil.<\/p>\n<p style=\"text-align: justify;\">No primeiro setor ser\u00e1 retratada a seca nordestina e todos os problemas que ela causa, no segundo a fauna e flora, no terceiro o nordestino partindo em busca de uma vida melhor e largando sua vida terra natal, no quarto sua vida em uma terra de oportunidades, em qual ele ajuda a plantar e semear a cultura. Por fim, seu retorno ao nordeste em uma grande festa, quando ele v\u00ea os olhos verdes de sua amada Rosinha refletindo o renascer da planta\u00e7\u00e3o e da vida.<\/p>\n<p><iframe loading=\"lazy\" title=\"Drag\u00f5es da Real - Lan\u00e7amento CD do Carnaval de SP 2017 - F\u00e1brica do Samba - SRzd\" width=\"525\" height=\"295\" src=\"https:\/\/www.youtube.com\/embed\/avsegh0CuLE?feature=oembed\" frameborder=\"0\" allow=\"accelerometer; autoplay; clipboard-write; encrypted-media; gyroscope; picture-in-picture; web-share\" referrerpolicy=\"strict-origin-when-cross-origin\" allowfullscreen><\/iframe><\/p>\n<p style=\"text-align: justify;\"><strong>SG \u2013<\/strong> <strong>Em 2016 a Drag\u00f5es gabaritou em alegorias, mas mesmo assim contratou M\u00e1rcio Gon\u00e7alves, que marcou \u00e9poca no quesito com tantos t\u00edtulos pela Mocidade Alegre. Veremos os carros com uma linguagem diferente neste ano?<\/strong><\/p>\n<p style=\"text-align: justify;\"><strong>Dione \u2013<\/strong> Na Drag\u00f5es da Real as alegorias tem sua pr\u00f3pria personalidade, s\u00e3o o xod\u00f3 do presidente. Quando formamos a comiss\u00e3o o M\u00e1rcio foi o nome mais indicado para desenvolv\u00ea-las por todo o seu hist\u00f3rico e talento; mas tudo o que fazemos \u00e9 a oito m\u00e3os, os quatro participam da cria\u00e7\u00e3o, a\u00ed na hora da execu\u00e7\u00e3o cada um dirige seu departamento com a sua pr\u00f3pria magia.<\/p>\n<p style=\"text-align: justify;\">O que eu posso te adiantar \u00e9 que ser\u00e3o alegorias incr\u00edveis que v\u00e3o chamar uma aten\u00e7\u00e3o enorme. Aguardem para ver.<\/p>\n<p><iframe loading=\"lazy\" title=\"DRAG\u00d5ES DA REAL - 1\u00ba Ensaio T\u00e9cnico 29\/01\/2017\" width=\"525\" height=\"295\" src=\"https:\/\/www.youtube.com\/embed\/xXikKqg9dVk?feature=oembed\" frameborder=\"0\" allow=\"accelerometer; autoplay; clipboard-write; encrypted-media; gyroscope; picture-in-picture; web-share\" referrerpolicy=\"strict-origin-when-cross-origin\" allowfullscreen><\/iframe><\/p>\n<p style=\"text-align: justify;\"><strong>SG \u2013<\/strong> <strong>Nos \u00faltimos anos a comiss\u00e3o de frente vem com boas apresenta\u00e7\u00f5es (2016 especialmente), sempre marcada por um elemento aleg\u00f3rico de formato semelhante ao do ano anterior. Ser\u00e1 assim novamente?<\/strong><\/p>\n<p style=\"text-align: justify;\"><strong>Dione &#8211;<\/strong> Ser\u00e1 uma surpresa! Desde 2014 o trabalho do Anderson Rodrigues j\u00e1 tem um selo de qualidade; sua comiss\u00e3o com o \u201cTriller\u201d fez as escolas mudarem um pouco seus conceitos.<\/p>\n<p style=\"text-align: justify;\">Em 2017 nossa comiss\u00e3o n\u00e3o vai deixar nada a desejar. Teremos ousadia para retratar a alma do nordestino, que \u00e9 um povo simples por\u00e9m muito alegre e sua alegria se transforma em um combust\u00edvel de beleza.<\/p>\n<p><iframe loading=\"lazy\" title=\"Comiss\u00e3o de Frente Drag\u00f5es da Real 2014\" width=\"525\" height=\"295\" src=\"https:\/\/www.youtube.com\/embed\/ufn21sSC5s4?feature=oembed\" frameborder=\"0\" allow=\"accelerometer; autoplay; clipboard-write; encrypted-media; gyroscope; picture-in-picture; web-share\" referrerpolicy=\"strict-origin-when-cross-origin\" allowfullscreen><\/iframe><\/p>\n<p style=\"text-align: justify;\"><strong>SG \u2013<\/strong> <strong>Dentre as notas do \u00b4\u00faltimo desfile, os quesitos mais carregados pelo j\u00fari foram harmonia e fantasia. A escola est\u00e1 tomando um cuidado especial com esses dois em espec\u00edfico?<\/strong><\/p>\n<p style=\"text-align: justify;\"><strong>Dione \u2013<\/strong> Temos que saber tratar nossas feridas e na Drag\u00f5es fazemos isso com muito estudo, mas muito mesmo! Se perdemos ponto em algum quesito temos de encontrar maneiras de de torna-lo impec\u00e1vel; ainda mais fantasia, que ultimamente tem decidido carnaval, afinal nessa disputa equilibrada alguns d\u00e9cimos nos colocam em uma coloca\u00e7\u00e3o bem expressiva.<\/p>\n<p style=\"text-align: justify;\"><strong>SG \u2013<\/strong> <strong>A Drag\u00f5es sempre flerta com o desfile das campe\u00e3s, em alguns anos entra, em outro fica fora por pouco. Chegou a hora de dar um passo \u00e0 frente e brigar pelo t\u00edtulo?<\/strong><\/p>\n<p style=\"text-align: justify;\"><strong>Dione \u2013<\/strong> N\u00f3s aceitamos a coloca\u00e7\u00e3o de 2016, mas sabemos que se o jurado que n\u00e3o atribuiu a nota o tivesse feito n\u00f3s ir\u00edamos as campe\u00e3s, pois pela justificava seria 10. Mas acredito que terminar em 6\u00ba se tornou algo positivo, pois a escola reformulou alguns pontos e estudou muito mais para melhorar em tudo o que \u00e9 necess\u00e1rio.<\/p>\n<p style=\"text-align: justify;\">Garanto que voc\u00eas ver\u00e3o um carnaval muito bonito, grande e surpreendente da Drag\u00f5es da Real.<\/p>\n<p style=\"text-align: justify;\">Voc\u00ea pode curtir o samba da Drag\u00f5es nos ensaios de quadra todos os s\u00e1bados, \u00e0s 20h, com a entrada custando R$20. J\u00e1 nos ensaios t\u00e9cnicos do Anhembi\u00a0 a entrada \u00e9 franca e a escola far\u00e1 seu \u00faltimo treinamento no palco do desfile dia 12 de fevereiro, \u00e0s 19h15.<\/p>\n<p style=\"text-align: justify;\"><strong>Imagem: Assessoria<\/strong><\/p>\n<p style=\"text-align: justify;\">[related_posts limit=&#8221;3&#8243;]<\/p>\n","protected":false},"excerpt":{"rendered":"<p>Na nossa s\u00e9rie, hoje \u00e9 vez de falar da Drag\u00f5es da Real. A escola tem uma grande expectativa para o seu desfile de 2017, quandoTour Details<\/p>\n","protected":false},"author":47,"featured_media":44765,"comment_status":"open","ping_status":"open","sticky":false,"template":"","format":"standard","meta":{"footnotes":""},"categories":[1188],"tags":[18,1160,1167,828,19,106],"class_list":["post-44764","post","type-post","status-publish","format-standard","has-post-thumbnail","hentry","category-samba-na-garoa","tag-carnaval","tag-carnaval-2017","tag-carnaval-de-sao-paulo","tag-dragoes-da-real","tag-escolas-de-samba","tag-jogo-misto"],"_links":{"self":[{"href":"http:\/\/www.pedromigao.com.br\/ourodetolo\/wp-json\/wp\/v2\/posts\/44764","targetHints":{"allow":["GET"]}}],"collection":[{"href":"http:\/\/www.pedromigao.com.br\/ourodetolo\/wp-json\/wp\/v2\/posts"}],"about":[{"href":"http:\/\/www.pedromigao.com.br\/ourodetolo\/wp-json\/wp\/v2\/types\/post"}],"author":[{"embeddable":true,"href":"http:\/\/www.pedromigao.com.br\/ourodetolo\/wp-json\/wp\/v2\/users\/47"}],"replies":[{"embeddable":true,"href":"http:\/\/www.pedromigao.com.br\/ourodetolo\/wp-json\/wp\/v2\/comments?post=44764"}],"version-history":[{"count":0,"href":"http:\/\/www.pedromigao.com.br\/ourodetolo\/wp-json\/wp\/v2\/posts\/44764\/revisions"}],"wp:featuredmedia":[{"embeddable":true,"href":"http:\/\/www.pedromigao.com.br\/ourodetolo\/wp-json\/wp\/v2\/media\/44765"}],"wp:attachment":[{"href":"http:\/\/www.pedromigao.com.br\/ourodetolo\/wp-json\/wp\/v2\/media?parent=44764"}],"wp:term":[{"taxonomy":"category","embeddable":true,"href":"http:\/\/www.pedromigao.com.br\/ourodetolo\/wp-json\/wp\/v2\/categories?post=44764"},{"taxonomy":"post_tag","embeddable":true,"href":"http:\/\/www.pedromigao.com.br\/ourodetolo\/wp-json\/wp\/v2\/tags?post=44764"}],"curies":[{"name":"wp","href":"https:\/\/api.w.org\/{rel}","templated":true}]}}