{"id":44660,"date":"2017-01-28T09:32:29","date_gmt":"2017-01-28T11:32:29","guid":{"rendered":"http:\/\/www.pedromigao.com.br\/ourodetolo\/?p=44660"},"modified":"2017-01-27T20:22:13","modified_gmt":"2017-01-27T22:22:13","slug":"a-amizade","status":"publish","type":"post","link":"http:\/\/www.pedromigao.com.br\/ourodetolo\/2017\/01\/a-amizade\/","title":{"rendered":"A amizade"},"content":{"rendered":"<p style=\"text-align: justify;\">Na \u00faltima quarta-feira, tivemos Brasil x Col\u00f4mbia no Engenh\u00e3o no chamado &#8220;Jogo da amizade&#8221;, com renda que ser\u00e1 doada para\u00a0as\u00a0v\u00edtimas do tr\u00e1gico acidente com a Chapecoense.<\/p>\n<p style=\"text-align: justify;\">O p\u00fablico foi decepcionante, apenas 18 mil pessoas, mas algumas coisas temos delevar em considera\u00e7\u00e3o. Choveu muito no Rio na quarta, fora que os ingressos eram caros, ainda mais em um estado que sofre com\u00a0crise e falta de pagamento.<\/p>\n<p style=\"text-align: justify;\">Al\u00e9m disso, n\u00e3o sei por qual motivo o carioca n\u00e3o conseguiu ainda criar um la\u00e7o afetivo com o Engenh\u00e3o e \u00e9 uma das cidades que menos vem tendo conex\u00e3o com a Sele\u00e7\u00e3o Brasileira, excluindo evidentemente casos excepcionais como as finais da Copa das Confedera\u00e7\u00f5es e da Olimp\u00edada.<\/p>\n<p style=\"text-align: justify;\">Fora tudo isso, \u00e9 injusto comparar com os eventos feitos na Col\u00f4mbia e no Couto Pereira dias depois da trag\u00e9dia por alguns motivos. O primeiro porque como foi dito foram poucos dias ap\u00f3s com a como\u00e7\u00e3o toda que viv\u00edamos naqueles dias e segundo que a entrada para os dois eventos foi gratuita.\u00a0Acho que se fosse no Maracan\u00e3 teria atra\u00eddo\u00a0mais p\u00fablico\u00a0como tamb\u00e9m acho que n\u00e3o sendo no Maracan\u00e3 era melhor ter feito em Santa Catarina ou no Nordeste que sempre prestigia a\u00a0Sele\u00e7\u00e3o.<\/p>\n<p style=\"text-align: justify;\">Dito isto, \u00e9 evidente que\u00a0foi uma noite especial, emocionante. Ver Rafael Henzel narrando na Globo e os jogadores Alan Ruschel, Neto e Follmann bem d\u00e1 um al\u00edvio danado aos nossos cora\u00e7\u00f5es. Como foi dito era um &#8220;jogo da amizade&#8221;, para refor\u00e7ar os la\u00e7os criados pela trag\u00e9dia, curioso que antes disso tudo Brasil x Col\u00f4mbia vinha se tornando um jogo cada vez mais b\u00e9lico.<\/p>\n<p style=\"text-align: justify;\">O resultado era o menos importante, apesar de que foi bom ver Tite vencer pela s\u00e9tima vez seguida e ver o Brasil voltar ao topo do ranking, mas, mesmo sendo um jogo mais de solidariedade, d\u00e1 para\u00a0tirar algumas coisas interessantes para o futuro da Sele\u00e7\u00e3o.<\/p>\n<p style=\"text-align: justify;\">Temos apenas um super craque, Neymar, mas temos in\u00fameros bons e \u00f3timos jogadores e esse amistoso sem os &#8220;estrangeiros&#8221; mostrou isso. Um bom elenco foi montado para esse jogo, claro que n\u00e3o fizeram uma bela partida, com apenas um treino nem dava, mas acredito que esse grupo do jogo bem treinado at\u00e9 faria uma boa Copa. Talentos individuais como Diego, Diego Souza, Lucas Lima, Scarpa, Dudu, Geromel,\u00a0Robinho, Ar\u00e3o, Walace,\u00a0Rodrigo Caio, Camilo, poucas sele\u00e7\u00f5es tem.<\/p>\n<p style=\"text-align: justify;\">Alguns deles podem vir a brigar por vagas na sele\u00e7\u00e3o principal. Rodrigo Caio \u00e9 um grande zagueiro e refor\u00e7ou isso na partida, Geromel foi\u00a0outro. O meio-campo Walace do Gr\u00eamio tamb\u00e9m mostra um grande talento e outros podem voltar a participar do dia a dia da sele\u00e7\u00e3o como Diego que pode vir a brigar com Lucas Lima por uma vaga. Dudu tamb\u00e9m foi muito bem\u00a0apesar da concorr\u00eancia em sua posi\u00e7\u00e3o\u00a0ser mais forte. Outro que foi muito bem, Camilo, passa pelo mesmo problema de Dudu, mas esse pelo menos contribuiu com o futebol carioca dando uma &#8220;caneta&#8221; para que\u00a0o colombiano Berr\u00edo pudesse assinar com o Flamengo.<\/p>\n<p style=\"text-align: justify;\">Come\u00e7a um ano importante. Ano importante para Chapecoense que ter\u00e1 seu primeiro ano de reconstru\u00e7\u00e3o, evidente que a perda que o clube teve n\u00e3o ser\u00e1 reposta em um ano. Para a sele\u00e7\u00e3o brasileira que conseguir\u00e1 sua vaga para a copa do mundo e provar\u00e1 ou n\u00e3o se est\u00e1 realmente preparada para voltar a ser protagonista.<\/p>\n<p style=\"text-align: justify;\">E o mais importante. Ver se a dor que nos uniu com a trag\u00e9dia em Medell\u00edn ser\u00e1 capaz de suportar a rivalidades, brigas e mostrar\u00a0que futebol \u00e9 muito mais que um esporte. \u00c9 um meio de vida.<\/p>\n<p style=\"text-align: justify;\">Recomecemos todos juntos atrav\u00e9s da amizade.<\/p>\n<p style=\"text-align: justify;\">Twitter &#8211; @aloisiovillar<\/p>\n<p style=\"text-align: justify;\">Facebook &#8211; Aloisio Villar<\/p>\n<p style=\"text-align: justify;\">[related_posts limit=&#8221;3&#8243;]<\/p>\n","protected":false},"excerpt":{"rendered":"<p>Na \u00faltima quarta-feira, tivemos Brasil x Col\u00f4mbia no Engenh\u00e3o no chamado &#8220;Jogo da amizade&#8221;, com renda que ser\u00e1 doada para\u00a0as\u00a0v\u00edtimas do tr\u00e1gico acidente com aTour Details<\/p>\n","protected":false},"author":8,"featured_media":44662,"comment_status":"open","ping_status":"open","sticky":false,"template":"","format":"standard","meta":{"footnotes":""},"categories":[806],"tags":[1201,951,172],"class_list":["post-44660","post","type-post","status-publish","format-standard","has-post-thumbnail","hentry","category-jogando-nas-onze","tag-chapecoense","tag-colombia","tag-selecao-brasileira"],"_links":{"self":[{"href":"http:\/\/www.pedromigao.com.br\/ourodetolo\/wp-json\/wp\/v2\/posts\/44660","targetHints":{"allow":["GET"]}}],"collection":[{"href":"http:\/\/www.pedromigao.com.br\/ourodetolo\/wp-json\/wp\/v2\/posts"}],"about":[{"href":"http:\/\/www.pedromigao.com.br\/ourodetolo\/wp-json\/wp\/v2\/types\/post"}],"author":[{"embeddable":true,"href":"http:\/\/www.pedromigao.com.br\/ourodetolo\/wp-json\/wp\/v2\/users\/8"}],"replies":[{"embeddable":true,"href":"http:\/\/www.pedromigao.com.br\/ourodetolo\/wp-json\/wp\/v2\/comments?post=44660"}],"version-history":[{"count":0,"href":"http:\/\/www.pedromigao.com.br\/ourodetolo\/wp-json\/wp\/v2\/posts\/44660\/revisions"}],"wp:featuredmedia":[{"embeddable":true,"href":"http:\/\/www.pedromigao.com.br\/ourodetolo\/wp-json\/wp\/v2\/media\/44662"}],"wp:attachment":[{"href":"http:\/\/www.pedromigao.com.br\/ourodetolo\/wp-json\/wp\/v2\/media?parent=44660"}],"wp:term":[{"taxonomy":"category","embeddable":true,"href":"http:\/\/www.pedromigao.com.br\/ourodetolo\/wp-json\/wp\/v2\/categories?post=44660"},{"taxonomy":"post_tag","embeddable":true,"href":"http:\/\/www.pedromigao.com.br\/ourodetolo\/wp-json\/wp\/v2\/tags?post=44660"}],"curies":[{"name":"wp","href":"https:\/\/api.w.org\/{rel}","templated":true}]}}