{"id":44653,"date":"2017-01-27T08:22:11","date_gmt":"2017-01-27T10:22:11","guid":{"rendered":"http:\/\/www.pedromigao.com.br\/ourodetolo\/?p=44653"},"modified":"2017-01-27T20:21:53","modified_gmt":"2017-01-27T22:21:53","slug":"teori-da-conspiracao","status":"publish","type":"post","link":"http:\/\/www.pedromigao.com.br\/ourodetolo\/2017\/01\/teori-da-conspiracao\/","title":{"rendered":"Teori da conspira\u00e7\u00e3o"},"content":{"rendered":"<p style=\"text-align: justify;\">Gent\u00e9\u00e9\u00e9&#8230;<\/p>\n<p style=\"text-align: justify;\">Estava eu na sauna estritamente masculina na Rua Augusto Severo com meus amiguinhos estrangeiros eliminados da Copa Africana de Neg\u00f5es em um debate sobre o tema &#8220;Pau que nasce torto nunca se endireita&#8221;, quando Pedrinho entrou correndo, arfando e com sorriso nos l\u00e1bios. Perguntei se pela felicidade ele j\u00e1 tinha se encontrado com algum de nossos\u00a0convidados afroneg\u00f5es e ele respondeu &#8220;N\u00e3o, caiu um avi\u00e3o&#8221;. N\u00e3o entendi e falei &#8220;Pedrinho, avi\u00f5es caem todos os dias&#8221; a\u00ed ele completou &#8220;O relator da Lava-Jato estava dentro&#8221;.<\/p>\n<p style=\"text-align: justify;\">N\u00e3o amiguinhos, Pedrinho n\u00e3o odiava o Teori Zavhas&#8230; Teori Savas&#8230; Teori Zavasq&#8230; ah,o mo\u00e7o l\u00e1 do STF, nem tinha sido citado na Lava-Jato apesar da estranha reforma da mans\u00e3o no Jardim Guanabara, mas ele \u00e9 presidente da AAADTDC (Associa\u00e7\u00e3o dos Amantes e Amigos das Teorias De Conspira\u00e7\u00e3o). Um grupo que se re\u00fane todas as semanas para falar de lendas urbanas como\u00a0Elvis\u00a0Presley e Michael Jackson estarem vivos, a CIA ter matado John Kennedy, o surgimento do ET de Varginha, a democracia no Brasil e existir c\u00e9rebro na cabe\u00e7a de Reinaldo Azevedo.<\/p>\n<p style=\"text-align: justify;\">Est\u00e3o todos no pa\u00eds ouri\u00e7ados com a queda do avi\u00e3o e espalhando um monte de teorias, at\u00e9 teorias em cima da pobre massoterapeuta j\u00e1 espalharam enquanto a \u00fanica coisa comprovada at\u00e9 agora pela pol\u00edcia \u00e9 que cada um deve cuidar de sua vida. Teorias sobre o Teori existem muitas, mas a mais forte \u00e9 que o avi\u00e3o caiu porque o\u00a0sobrenome era Zavascki, se fosse Zaflamengaski n\u00e3o teria ca\u00eddo.<\/p>\n<p style=\"text-align: justify;\">Mas sinceramente. O que mais\u00a0me comoveu nessa hist\u00f3ria foi a reuni\u00e3o daqueles mo\u00e7os de terno e gravata em volta do caix\u00e3o do relator. Deve ser dif\u00edcil fingir tristeza quando se est\u00e1 doido para abrir champanhe.<\/p>\n<p style=\"text-align: justify;\"><img loading=\"lazy\" decoding=\"async\" class=\"alignnone size-full wp-image-44656\" src=\"http:\/\/www.pedromigao.com.br\/ourodetolo\/wp-content\/uploads\/2017\/01\/Nubladosp.jpg\" alt=\"\" width=\"276\" height=\"183\" \/><\/p>\n<p style=\"text-align: justify;\">(Nessa foto linda podemos ver o primeiro arco \u00edris da S\u00e3o Paulo de Jo\u00e3o D\u00f3ria Jr)<\/p>\n<p style=\"text-align: justify;\"><b><img loading=\"lazy\" decoding=\"async\" class=\"size-full wp-image-44655 alignleft\" src=\"http:\/\/www.pedromigao.com.br\/ourodetolo\/wp-content\/uploads\/2017\/01\/Diegofla2017.jpg\" alt=\"\" width=\"284\" height=\"177\" \/>Cantinho\u00a0do Cafofo<\/b><\/p>\n<p style=\"text-align: justify;\"><i>O Gato<\/i><\/p>\n<p style=\"text-align: justify;\">Miaaaau&#8230;<\/p>\n<p style=\"text-align: justify;\">\u00c9 evidente que eu adoro um gatinho, mas n\u00e3o \u00e9 desse gato que estou falando hoje. Tamb\u00e9m n\u00e3o\u00a0\u00e9 sobre o Diego, o gat\u00e9\u00e9\u00e9simo meio-campo do Flamengo que fez a torcida rubro-negras em redes socais abrir as suas asas, soltar as suas feras e sair do\u00a0arm\u00e1rio elogiando seus atributos. Estou falando do caso que aconteceu com o time do\u00a0Paulista na Copa S\u00e3o Paulo de Empres\u00e1rios.<\/p>\n<p style=\"text-align: justify;\">Sim, eu sei que muitas lendas urbanas surgem em cima de torneios sub 20 (Olhem a\u00ed as teorias da conspira\u00e7\u00e3o), o time do Corinthians esse ano mesmo tinha um rapaz com uma barba que parecia auxiliar do Bin Laden. Quando tem torneios sub 20 mundiais dizem que os africanos que disputam j\u00e1 s\u00e3o av\u00f4s. Mas o comprovado foi o rapaz do\u00a0Paulista que jogou com o documento do primo que estava preso. Coitado\u00a0do primo, trabalhando honestamente fazendo seus roubos, rebeli\u00f5es em cadeia e o\u00a0outro pega seu documento para jogar futebol.<\/p>\n<p style=\"text-align: justify;\">No futebol brasileiro j\u00e1 tivemos v\u00e1rios casos de &#8220;gatos&#8221; assim, lembro daquele japonesinho Sandro Hiroshi que causou tanta confus\u00e3o que at\u00e9 o\u00a0Fluminense se deu\u00a0bem, ali\u00e1s benh\u00e9\u00e9\u00e9, quando o Fluminense n\u00e3o se d\u00e1 bem? Ah essa mona danadinha&#8230;<\/p>\n<p style=\"text-align: justify;\">Eu tamb\u00e9m j\u00e1 fui enganada com essa hist\u00f3ria de esconder tamanho certo. Quando conheci cabo Jorge ele jurava que eram s\u00f3 20 cent\u00edmetros..Mas sabe que at\u00e9 que eu gostei dessa?<\/p>\n<p style=\"text-align: justify;\">Frase da semana<\/p>\n<p style=\"text-align: justify;\">Alguma coisa acontece no\u00a0meu cora\u00e7\u00e3o, quando apago grafite na Avenida S\u00e3o Jo\u00e3o (Jo\u00e3o D\u00f3ria Jr,\u00a0prefeito e socialite paulistano)<\/p>\n<p style=\"text-align: justify;\">*\u00a0Zonaide Spencer \u00e9 jornalista, travesti, grafiteira e recusou convite para ser relatora da Lava-Jato<\/p>\n<p style=\"text-align: justify;\">[related_posts limit=&#8221;3&#8243;]<\/p>\n","protected":false},"excerpt":{"rendered":"<p>Gent\u00e9\u00e9\u00e9&#8230; Estava eu na sauna estritamente masculina na Rua Augusto Severo com meus amiguinhos estrangeiros eliminados da Copa Africana de Neg\u00f5es em um debate sobreTour Details<\/p>\n","protected":false},"author":49,"featured_media":44654,"comment_status":"open","ping_status":"open","sticky":false,"template":"","format":"standard","meta":{"footnotes":""},"categories":[1198],"tags":[37,1218,24,1217],"class_list":["post-44653","post","type-post","status-publish","format-standard","has-post-thumbnail","hentry","category-cafofo-da-zonaide","tag-futebol","tag-joao-doria","tag-politica","tag-teori-zavascki"],"_links":{"self":[{"href":"http:\/\/www.pedromigao.com.br\/ourodetolo\/wp-json\/wp\/v2\/posts\/44653","targetHints":{"allow":["GET"]}}],"collection":[{"href":"http:\/\/www.pedromigao.com.br\/ourodetolo\/wp-json\/wp\/v2\/posts"}],"about":[{"href":"http:\/\/www.pedromigao.com.br\/ourodetolo\/wp-json\/wp\/v2\/types\/post"}],"author":[{"embeddable":true,"href":"http:\/\/www.pedromigao.com.br\/ourodetolo\/wp-json\/wp\/v2\/users\/49"}],"replies":[{"embeddable":true,"href":"http:\/\/www.pedromigao.com.br\/ourodetolo\/wp-json\/wp\/v2\/comments?post=44653"}],"version-history":[{"count":0,"href":"http:\/\/www.pedromigao.com.br\/ourodetolo\/wp-json\/wp\/v2\/posts\/44653\/revisions"}],"wp:featuredmedia":[{"embeddable":true,"href":"http:\/\/www.pedromigao.com.br\/ourodetolo\/wp-json\/wp\/v2\/media\/44654"}],"wp:attachment":[{"href":"http:\/\/www.pedromigao.com.br\/ourodetolo\/wp-json\/wp\/v2\/media?parent=44653"}],"wp:term":[{"taxonomy":"category","embeddable":true,"href":"http:\/\/www.pedromigao.com.br\/ourodetolo\/wp-json\/wp\/v2\/categories?post=44653"},{"taxonomy":"post_tag","embeddable":true,"href":"http:\/\/www.pedromigao.com.br\/ourodetolo\/wp-json\/wp\/v2\/tags?post=44653"}],"curies":[{"name":"wp","href":"https:\/\/api.w.org\/{rel}","templated":true}]}}