{"id":44367,"date":"2017-01-15T08:57:30","date_gmt":"2017-01-15T10:57:30","guid":{"rendered":"http:\/\/www.pedromigao.com.br\/ourodetolo\/?p=44367"},"modified":"2017-01-13T10:06:43","modified_gmt":"2017-01-13T12:06:43","slug":"o-maracana-destruido","status":"publish","type":"post","link":"http:\/\/www.pedromigao.com.br\/ourodetolo\/2017\/01\/o-maracana-destruido\/","title":{"rendered":"O Maracan\u00e3 destru\u00eddo"},"content":{"rendered":"<p style=\"text-align: justify;\">Que os legados da Copa e da Ol\u00edmp\u00edada seriam poucos, as pessoas s\u00e3s j\u00e1 sabiam. \u00c9 evidente que vibramos no per\u00edodo das duas competi\u00e7\u00f5es, nos emocionamos, torcemos, mas quem tinha um m\u00ednimo de sanidade sabia que chegaria uma conta ap\u00f3s\u00a0os eventos e o\u00a0p\u00f3s-eventos poderia ser bem decepcionante.<\/p>\n<p style=\"text-align: justify;\">Mas n\u00e3o vou negar. Nem nos meus piores pesadelos imaginei que fosse ser t\u00e3o ruim.<\/p>\n<p style=\"text-align: justify;\">A Copa n\u00e3o deixou legado nenhum. Por mais que alguns ufanistas tentem puxar legado e falar que ficaram coisas boas do evento, n\u00e3o, n\u00e3o ficaram nem esportivamente nem economicamente. Al\u00e9m de tomarmos uma tunda de 7 a 1 sendo humilhados em casa e vermos que o n\u00edvel do nosso futebol n\u00e3o melhorou, ganhamos de presente um monte de arenas sem alma. Lindas no princ\u00edpio, mas sem nenhuma hist\u00f3ria, nenhum charme, que aos poucos foram se transformando em elefantes brancos e nem lindas s\u00e3o mais, j\u00e1 que mostram seus primeiros sinais de abandono.<\/p>\n<p style=\"text-align: justify;\"><img loading=\"lazy\" decoding=\"async\" class=\"wp-image-13154 alignleft\" src=\"http:\/\/www.pedromigao.com.br\/ourodetolo\/wp-content\/uploads\/2012\/07\/gol_assis_flaflu_odia.jpg\" width=\"300\" height=\"189\" srcset=\"http:\/\/www.pedromigao.com.br\/ourodetolo\/wp-content\/uploads\/2012\/07\/gol_assis_flaflu_odia.jpg 620w, http:\/\/www.pedromigao.com.br\/ourodetolo\/wp-content\/uploads\/2012\/07\/gol_assis_flaflu_odia-300x188.jpg 300w\" sizes=\"auto, (max-width: 300px) 100vw, 300px\" \/>A Olimp\u00edada deixou um pouco. A linha 4 do metr\u00f4 \u00e9 um ganho, assim como o VLT, apesar de ainda n\u00e3o ser o que pode, e a melhoria do Centro da cidade. Mas \u00e9 pouco, muito pouco. A vila de Deodoro est\u00e1 fechada, da Barra tamb\u00e9m e as modernas arenas constru\u00eddas viraram enfeites na decora\u00e7\u00e3o da cidade. N\u00e3o\u00a0conseguimos mais fazer Flamengo x Vasco no basquete porque as modernosas arenas n\u00e3o podem ser abertas. Uma cidade que acabou de sediar uma Olimp\u00edada n\u00e3o tem arena para um simples jogo de basquete.<\/p>\n<p style=\"text-align: justify;\">Os fan\u00e1ticos encontrar\u00e3o alguma desculpa para tudo que falei acima, o.k., mas e para aquele \u00fanico espa\u00e7o que foi usado para a Copa e a Olimp\u00edada e foi roubado do povo carioca? O Maracan\u00e3?<\/p>\n<p style=\"text-align: justify;\">O Maracan\u00e3 acabou, amigos. Aquele est\u00e1dio m\u00edtico, gigantesco, o maior do mundo que unia todas as tribos, os ricos e pobres na emo\u00e7\u00e3o do gol, que tinha a geral e aquelas figuras folcl\u00f3ricas, o espa\u00e7o que todos n\u00f3s fomos apaixonados acabou por causa dessa porcaria de Copa do Mundo que hoje tenho certeza que n\u00e3o valeu de nada (Enfiem o OEO OEA sabem aonde&#8230;). Por causa da Copa e da Olimp\u00edada destru\u00edram um dos nossos maiores amores, maiores orgulhos gastando um bilh\u00e3o e trezentos para fazer um est\u00e1dio frio, sem alma, um &#8220;Coxinha stadium&#8221; onde pessoas tiram selfies e gritam &#8220;Eu acredito&#8221;.<img loading=\"lazy\" decoding=\"async\" class=\"size-medium wp-image-33157 alignright\" src=\"http:\/\/www.pedromigao.com.br\/ourodetolo\/wp-content\/uploads\/2015\/03\/maracana1987-300x198.jpg\" alt=\"\" width=\"300\" height=\"198\" srcset=\"http:\/\/www.pedromigao.com.br\/ourodetolo\/wp-content\/uploads\/2015\/03\/maracana1987-300x198.jpg 300w, http:\/\/www.pedromigao.com.br\/ourodetolo\/wp-content\/uploads\/2015\/03\/maracana1987.jpg 500w\" sizes=\"auto, (max-width: 300px) 100vw, 300px\" \/><\/p>\n<p style=\"text-align: justify;\">Pior do que isso. Estamos arriscados at\u00e9 a n\u00e3o ter mais esse paquid\u00e9rmico sem alma porque depois de gastarem um bilh\u00e3o e trezentos milh\u00f5es dos cofres p\u00fablicos, do nosso dinheiro, para destru\u00edrem o Maracan\u00e3, agora lhe abandonaram. Num jogo que envolve pol\u00edtica, dinheiro, corrup\u00e7\u00e3o e tiragem de corpo da reta, o est\u00e1dio est\u00e1 sem luz, sem seguran\u00e7a, sem nenhum tipo de prote\u00e7\u00e3o sendo a cada madrugada roubado tanto em produtos do &#8220;New Maraca&#8221; como TVs\u00a0de Led como acervos hist\u00f3ricos de nosso amor assassinado, como o busto de Mario Filho.<\/p>\n<p style=\"text-align: justify;\">Os ladr\u00f5es entram e levam tudo na cara de pau porque os ladr\u00f5es que destru\u00edram o Maracan\u00e3 n\u00e3o est\u00e3o nem a\u00ed para ele. O governo empurra para a Odebrecht, a Odebrecht na &#8220;Rio 2016&#8221;, a &#8220;Rio 2016&#8221; no governo e assim dia a dia o Maracan\u00e3 definha como um doente terminal e ningu\u00e9m faz nada. V\u00e1rios querem assumir o Maracan\u00e3, entre eles Flamengo e Fluminense, dois dos clubes mais populares do Brasil e dois protagonistas de sua hist\u00f3ria, e por gan\u00e2ncia e falta de sensibilidade quem poderia tomar decis\u00e3o, n\u00e3o toma.<\/p>\n<p style=\"text-align: justify;\"><img loading=\"lazy\" decoding=\"async\" class=\"wp-image-25831 alignleft\" src=\"http:\/\/www.pedromigao.com.br\/ourodetolo\/wp-content\/uploads\/2014\/05\/maracana-1950-detalhe.jpg\" width=\"300\" height=\"129\" srcset=\"http:\/\/www.pedromigao.com.br\/ourodetolo\/wp-content\/uploads\/2014\/05\/maracana-1950-detalhe.jpg 2650w, http:\/\/www.pedromigao.com.br\/ourodetolo\/wp-content\/uploads\/2014\/05\/maracana-1950-detalhe-300x129.jpg 300w, http:\/\/www.pedromigao.com.br\/ourodetolo\/wp-content\/uploads\/2014\/05\/maracana-1950-detalhe-550x237.jpg 550w\" sizes=\"auto, (max-width: 300px) 100vw, 300px\" \/>Hoje o Maracan\u00e3 \u00e9 um local sem\u00a0lei, \u00e9 terra sem dono porque ningu\u00e9m quer assumir a merda que fizeram. Acabaram com um local popular, do povo, para\u00a0fazer um est\u00e1dio car\u00edssimo, que custa muto dinheiro para manter em dia toda superficialidade e babaquices que inventaram\u00a0para um local que estava perfeito para quem lhe amava.<\/p>\n<p style=\"text-align: justify;\">Eu s\u00f3 vejo hoje um jeito para o Maracan\u00e3. Flamengo e Fluminense junto com seus parceiros assumindo o est\u00e1dio, dar a quem entende de futebol mesmo. Se n\u00e3o fizerem isso e continuarem enrolando, o 1,3 bilh\u00e3o vai pro ralo e ser\u00e1 preciso uma outra grande reforma para resolver o que est\u00e3o fazendo agora. E ningu\u00e9m vai preso!!!<\/p>\n<p style=\"text-align: justify;\">Talvez a solu\u00e7\u00e3o seja um &#8220;Ocupa Maracan\u00e3&#8221;. Ocuparam tantos locais p\u00fablicos, ent\u00e3o que\u00a0se ocupe o Maracan\u00e3, que ativistas entrem l\u00e1, que\u00a0os &#8220;sem teto&#8221; entrem l\u00e1 para morar. \u00c9 o \u00fanico jeito do dono aparecer porque a\u00ed com certeza algu\u00e9m vai pedir reintegra\u00e7\u00e3o de posse e a\u00ed \u00e9 hora de pegar o maldito.<\/p>\n<p style=\"text-align: justify;\">Basta do que est\u00e3o fazendo com o Maracan\u00e3, basta com o assassinato que est\u00e3o fazendo com a UERJ e com tudo que envolve o estado do Rio de Janeiro. Podem ter certeza que essa hist\u00f3ria n\u00e3o vai acabar bem. N\u00e3o se faz revolu\u00e7\u00e3o com passeios na orla e tirando selfie com o poder p\u00fablico\u00a0e as pessoas\u00a0come\u00e7am a perceber isso.<\/p>\n<p style=\"text-align: justify;\">De todo o cora\u00e7\u00e3o. Eu preferia que n\u00e3o tivesse tido Pan, Copa e Olimp\u00edada e que o Maracan\u00e3 fosse ainda aquele que conhecemos um dia. O pre\u00e7o pago foi muito alto. Alma vendida para o diabo.<\/p>\n<p style=\"text-align: justify;\">Devolvam nosso Maracan\u00e3, seus vagabundos!!!<\/p>\n<p style=\"text-align: justify;\">Devolvam nosso Rio de Janeiro!!!<\/p>\n<p style=\"text-align: justify;\"><img loading=\"lazy\" decoding=\"async\" class=\"alignnone wp-image-33154\" src=\"http:\/\/www.pedromigao.com.br\/ourodetolo\/wp-content\/uploads\/2015\/02\/vascomaracana.jpg\" width=\"590\" height=\"294\" srcset=\"http:\/\/www.pedromigao.com.br\/ourodetolo\/wp-content\/uploads\/2015\/02\/vascomaracana.jpg 804w, http:\/\/www.pedromigao.com.br\/ourodetolo\/wp-content\/uploads\/2015\/02\/vascomaracana-300x149.jpg 300w, http:\/\/www.pedromigao.com.br\/ourodetolo\/wp-content\/uploads\/2015\/02\/vascomaracana-550x274.jpg 550w\" sizes=\"auto, (max-width: 590px) 100vw, 590px\" \/><\/p>\n<p style=\"text-align: justify;\">Twitter &#8211; @aloisiovillar<\/p>\n<p style=\"text-align: justify;\">Facebook &#8211; Aloisio Villar<\/p>\n","protected":false},"excerpt":{"rendered":"<p>Que os legados da Copa e da Ol\u00edmp\u00edada seriam poucos, as pessoas s\u00e3s j\u00e1 sabiam. \u00c9 evidente que vibramos no per\u00edodo das duas competi\u00e7\u00f5es, nosTour Details<\/p>\n","protected":false},"author":8,"featured_media":44368,"comment_status":"open","ping_status":"open","sticky":false,"template":"","format":"standard","meta":{"footnotes":""},"categories":[8],"tags":[37,296,24],"class_list":["post-44367","post","type-post","status-publish","format-standard","has-post-thumbnail","hentry","category-orun-aye","tag-futebol","tag-maracana","tag-politica"],"_links":{"self":[{"href":"http:\/\/www.pedromigao.com.br\/ourodetolo\/wp-json\/wp\/v2\/posts\/44367","targetHints":{"allow":["GET"]}}],"collection":[{"href":"http:\/\/www.pedromigao.com.br\/ourodetolo\/wp-json\/wp\/v2\/posts"}],"about":[{"href":"http:\/\/www.pedromigao.com.br\/ourodetolo\/wp-json\/wp\/v2\/types\/post"}],"author":[{"embeddable":true,"href":"http:\/\/www.pedromigao.com.br\/ourodetolo\/wp-json\/wp\/v2\/users\/8"}],"replies":[{"embeddable":true,"href":"http:\/\/www.pedromigao.com.br\/ourodetolo\/wp-json\/wp\/v2\/comments?post=44367"}],"version-history":[{"count":0,"href":"http:\/\/www.pedromigao.com.br\/ourodetolo\/wp-json\/wp\/v2\/posts\/44367\/revisions"}],"wp:featuredmedia":[{"embeddable":true,"href":"http:\/\/www.pedromigao.com.br\/ourodetolo\/wp-json\/wp\/v2\/media\/44368"}],"wp:attachment":[{"href":"http:\/\/www.pedromigao.com.br\/ourodetolo\/wp-json\/wp\/v2\/media?parent=44367"}],"wp:term":[{"taxonomy":"category","embeddable":true,"href":"http:\/\/www.pedromigao.com.br\/ourodetolo\/wp-json\/wp\/v2\/categories?post=44367"},{"taxonomy":"post_tag","embeddable":true,"href":"http:\/\/www.pedromigao.com.br\/ourodetolo\/wp-json\/wp\/v2\/tags?post=44367"}],"curies":[{"name":"wp","href":"https:\/\/api.w.org\/{rel}","templated":true}]}}