{"id":44356,"date":"2017-01-13T12:20:21","date_gmt":"2017-01-13T14:20:21","guid":{"rendered":"http:\/\/www.pedromigao.com.br\/ourodetolo\/?p=44356"},"modified":"2017-01-13T09:24:51","modified_gmt":"2017-01-13T11:24:51","slug":"mas-tome-cuidado-com-o-cabo-da-vassoura","status":"publish","type":"post","link":"http:\/\/www.pedromigao.com.br\/ourodetolo\/2017\/01\/mas-tome-cuidado-com-o-cabo-da-vassoura\/","title":{"rendered":"Mas tome cuidado com o cabo da vassoura"},"content":{"rendered":"<p style=\"text-align: justify;\">J\u00e1 est\u00e3o com saudades de 2016? Pois \u00e9, acho que falta pouco\u00a0pra isso, hein? Esse ano de 2017 promete e, ao contr\u00e1rio do pol\u00edtico que voc\u00ea votou, ele cumpre.<\/p>\n<p style=\"text-align: justify;\">Por falar em pol\u00edtico, o Amaury Junior que elegeram em S\u00e3o Paulo para prefeito \u00e9 meio louco, n\u00e9? O neg\u00f3cio dele \u00e9 se vestir de gari. Todo dia se veste de gari e na \u00faltima at\u00e9 a vi\u00fava Porcina esteve ao lado com\u00a0uma vassoura na m\u00e3o. Ali\u00e1s, ela estava com a vassoura e ele n\u00e3o. Onde voc\u00ea escondeu a vassoura, hein, danadinho?<\/p>\n<p style=\"text-align: justify;\">Ser\u00e1 que o prefeito Ot\u00e1vio Mesquita\u00a0tem fetiches com garis? Se tiver \u00e9 bom o Gari Sorriso aqui do Rio tomar cuidado, s\u00f3 falta o prefeito &#8220;um chopps e dois pastel&#8221; chegar no seu ouvidinho e falar &#8220;Diga onde voc\u00ea vai que eu vou varrendo&#8221;.<\/p>\n<p style=\"text-align: justify;\">O prefeito do Rio t\u00e1\u00a0colocando todo o seu rebanho nas secretarias. O bom que agora no Rio de Janeiro a express\u00e3o &#8220;Quer reclamar, reclame com o bispo&#8221; pode ser levada a s\u00e9rio. Ali\u00e1s, o morador do Rio tem muito\u00a0o que reclamar mesmo. Est\u00e3o acabando com o Maracan\u00e3, com a UERJ, se acabarem com a Vila Mimosa acho que o povo vai dar a grita contra o governador P\u00e9 Grande.<\/p>\n<p style=\"text-align: justify;\">O que parece que n\u00e3o vai acabar \u00e9 a fac\u00e7\u00e3o &#8220;Comando Pol\u00edtico&#8221; em Bangu. Cada vez mais candidatos e sabem por qu\u00ea aqui n\u00e3o teve rebeli\u00e3o ainda? Porque nem o PCC \u00e9 louco de se meter com esse comando que \u00e9 o mais perigoso.<\/p>\n<p style=\"text-align: justify;\">Ih, gente, pera\u00ed. O prefeito de S\u00e3o Paulo t\u00e1 me convidando pra ser a pr\u00f3xima a sair de gari com ele. Vou topar, hein? Prefeito me chamando pra varrer S\u00e3o Paulo, logo eu que adoro\u00a0pegar num cabo.<\/p>\n<p style=\"text-align: justify;\"><img loading=\"lazy\" decoding=\"async\" class=\"alignnone size-full wp-image-44359\" src=\"http:\/\/www.pedromigao.com.br\/ourodetolo\/wp-content\/uploads\/2017\/01\/Patinhas.jpg\" alt=\"\" width=\"198\" height=\"255\" \/><\/p>\n<p style=\"text-align: justify;\">(Na foto ao lado podemos ver Jo\u00e3o D\u00f3ria Jr em um raro momento de lazer)<\/p>\n<p style=\"text-align: justify;\"><b>Cafofo da Zonaide<\/b><\/p>\n<p style=\"text-align: justify;\"><img loading=\"lazy\" decoding=\"async\" class=\"size-medium wp-image-44358 alignleft\" src=\"http:\/\/www.pedromigao.com.br\/ourodetolo\/wp-content\/uploads\/2017\/01\/Rea\u00e7a-300x300.jpg\" alt=\"\" width=\"300\" height=\"300\" srcset=\"http:\/\/www.pedromigao.com.br\/ourodetolo\/wp-content\/uploads\/2017\/01\/Rea\u00e7a-300x300.jpg 300w, http:\/\/www.pedromigao.com.br\/ourodetolo\/wp-content\/uploads\/2017\/01\/Rea\u00e7a-150x150.jpg 150w, http:\/\/www.pedromigao.com.br\/ourodetolo\/wp-content\/uploads\/2017\/01\/Rea\u00e7a-340x340.jpg 340w, http:\/\/www.pedromigao.com.br\/ourodetolo\/wp-content\/uploads\/2017\/01\/Rea\u00e7a.jpg 400w\" sizes=\"auto, (max-width: 300px) 100vw, 300px\" \/><\/p>\n<p style=\"text-align: justify;\">O rea\u00e7a \u00e9 o homenageado dessa semana do &#8220;Cafofo da Zonaide&#8221;.\u00a0Ali\u00e1s, o bom de homenagear rea\u00e7a \u00e9 que a intelig\u00eancia dele n\u00e3o permite a diferen\u00e7a entre\u00a0homenagem e ironia.<\/p>\n<p style=\"text-align: justify;\">O rea\u00e7a \u00e9 tipo computador, s\u00f3 reconhece o zero e o um. Para ele se voc\u00ea n\u00e3o apoia o Bolsonaro \u00e9\u00a0petista e se voc\u00ea n\u00e3o quer que matem presos na cadeia tem que levar para casa. Benh\u00e9\u00e9\u00e9, eu n\u00e3o\u00a0sabia que s\u00f3 tinha essas duas op\u00e7\u00f5es, eu jurava que tinha a op\u00e7\u00e3o &#8220;cadeia, sem matar&#8221;.<\/p>\n<p style=\"text-align: justify;\">O rea\u00e7a acha que direitos humanos s\u00f3 serve para defender bandidos, diz que m\u00e3e n\u00e3o pode chorar porque seu filho\u00a0preso foi assassinado j\u00e1 que ela foi a culpada dele ser criminoso e quando acabam os argumentos manda ir pra Cuba. Rea\u00e7as s\u00e3o como gremilins, se proliferam a cada gota de \u00e1gua ou saliva de asneira proferidas em ambientes f\u00e9rteis para a diversifica\u00e7\u00e3o de bobagens como a internet. J\u00e1 tem at\u00e9 rea\u00e7a negro querendo acabar com o dia da consci\u00eancia negra. O Brasil \u00e9 um pa\u00eds muito engra\u00e7adinho, aqui n\u00f3s temos pobres de direita, negros racistas, gays homof\u00f3bicos, nazistas nordestinos e portelenses soberbos.<\/p>\n<p style=\"text-align: justify;\">Ai bofe vou dizer. Rea\u00e7a \u00e9 um tipo muito esquisito, mas por enquanto d\u00e1\u00a0para\u00a0ir levando. Enquanto a burrice for opcional a vida segue. Problema \u00e9 quando for obrigat\u00f3ria.<\/p>\n<p style=\"text-align: justify;\">E quer saber? Eu vou pra Cuba, at\u00e9 porque adoro ver Cuba lan\u00e7ar.<\/p>\n<p style=\"text-align: justify;\">Frase da semana<\/p>\n<p style=\"text-align: justify;\">&#8220;O mais querido tem lucro, CT e gest\u00e3o, eu j\u00e1 pedi pra S\u00e3o Jorge ganho a mais que a infla\u00e7\u00e3o&#8221; (Torcida do Flamengo S.A.)<\/p>\n<p style=\"text-align: justify;\">*Zonaide Spencer \u00e9 jornalista, travesti, nunca ganhou o Globo\u00a0de Ouro, mas tamb\u00e9m quer que o Trump tome na tarraqueta.<\/p>\n","protected":false},"excerpt":{"rendered":"<p>J\u00e1 est\u00e3o com saudades de 2016? Pois \u00e9, acho que falta pouco\u00a0pra isso, hein? Esse ano de 2017 promete e, ao contr\u00e1rio do pol\u00edtico queTour Details<\/p>\n","protected":false},"author":49,"featured_media":44357,"comment_status":"open","ping_status":"open","sticky":false,"template":"","format":"standard","meta":{"footnotes":""},"categories":[1198],"tags":[682,24],"class_list":["post-44356","post","type-post","status-publish","format-standard","has-post-thumbnail","hentry","category-cafofo-da-zonaide","tag-cotidiano","tag-politica"],"_links":{"self":[{"href":"http:\/\/www.pedromigao.com.br\/ourodetolo\/wp-json\/wp\/v2\/posts\/44356","targetHints":{"allow":["GET"]}}],"collection":[{"href":"http:\/\/www.pedromigao.com.br\/ourodetolo\/wp-json\/wp\/v2\/posts"}],"about":[{"href":"http:\/\/www.pedromigao.com.br\/ourodetolo\/wp-json\/wp\/v2\/types\/post"}],"author":[{"embeddable":true,"href":"http:\/\/www.pedromigao.com.br\/ourodetolo\/wp-json\/wp\/v2\/users\/49"}],"replies":[{"embeddable":true,"href":"http:\/\/www.pedromigao.com.br\/ourodetolo\/wp-json\/wp\/v2\/comments?post=44356"}],"version-history":[{"count":0,"href":"http:\/\/www.pedromigao.com.br\/ourodetolo\/wp-json\/wp\/v2\/posts\/44356\/revisions"}],"wp:featuredmedia":[{"embeddable":true,"href":"http:\/\/www.pedromigao.com.br\/ourodetolo\/wp-json\/wp\/v2\/media\/44357"}],"wp:attachment":[{"href":"http:\/\/www.pedromigao.com.br\/ourodetolo\/wp-json\/wp\/v2\/media?parent=44356"}],"wp:term":[{"taxonomy":"category","embeddable":true,"href":"http:\/\/www.pedromigao.com.br\/ourodetolo\/wp-json\/wp\/v2\/categories?post=44356"},{"taxonomy":"post_tag","embeddable":true,"href":"http:\/\/www.pedromigao.com.br\/ourodetolo\/wp-json\/wp\/v2\/tags?post=44356"}],"curies":[{"name":"wp","href":"https:\/\/api.w.org\/{rel}","templated":true}]}}