{"id":44338,"date":"2017-01-13T08:40:19","date_gmt":"2017-01-13T10:40:19","guid":{"rendered":"http:\/\/www.pedromigao.com.br\/ourodetolo\/?p=44338"},"modified":"2017-01-13T08:41:29","modified_gmt":"2017-01-13T10:41:29","slug":"made-in-brazil","status":"publish","type":"post","link":"http:\/\/www.pedromigao.com.br\/ourodetolo\/2017\/01\/made-in-brazil\/","title":{"rendered":"Made in Brazil"},"content":{"rendered":"<p style=\"text-align: justify;\">Nessa ter\u00e7a, a CBF informou que no pr\u00f3ximo dia 19 o t\u00e9cnico Tite far\u00e1 a convoca\u00e7\u00e3o para o amistoso Brasil x Col\u00f4mbia, que ser\u00e1 realizado em 25 de janeiro no est\u00e1dio Nilton Santos (Engenh\u00e3o). A renda da partida ser\u00e1 revertida aos familiares das v\u00edtimas da trag\u00e9dia envolvendo o voo da Chapecoense.<\/p>\n<p style=\"text-align: justify;\">Al\u00e9m do car\u00e1ter amistoso, a partida ter\u00e1 uma outra particularidade: como n\u00e3o \u00e9 uma data Fifa, os clubes europeus n\u00e3o s\u00e3o obrigados a ceder seus jogadores. Assim, Tite vai chamar apenas jogadores que atuam no Brasil.<\/p>\n<p style=\"text-align: justify;\">Mas isso n\u00e3o \u00e9 novidade na hist\u00f3ria da Sele\u00e7\u00e3o. Entre 2012 e 2011, duas edi\u00e7\u00f5es do \u201cSupercl\u00e1ssico das Am\u00e9ricas\u201d foram disputadas s\u00f3 com atletas que atuam no Brasil.<\/p>\n<p style=\"text-align: justify;\">E listas s\u00f3 com \u201cbrasileiros\u201d costumam trazer nomes inusitados, como o lateral Lucas Marques, Durval e Fellype Gabriel em 2012. Ou ainda Cort\u00eas, Elkeson, Emerson (ent\u00e3o zagueiro do Coritiba, hoje no Botafogo) e M\u00e1rio Fernandes. Esse \u00faltimo acabou pedindo dispensa na \u00e9poca e hoje se naturalizou russo.<\/p>\n<p style=\"text-align: justify;\">At\u00e9 agora, nas tr\u00eas convoca\u00e7\u00f5es que realizou a frente da Sele\u00e7\u00e3o Brasileira, oito jogadores que atuam no Brasil foram convocados: os goleiros Marcelo Grohe (Gr\u00eamio), Weverton (Atl\u00e9tico-PR) e Alex Muralha (Flamengo), o zagueiro Rodrigo Caio (S\u00e3o Paulo), o lateral Fagner (Corinthians), os meias Lucas Lima (Santos) e Rafael Carioca (Atl\u00e9tico-MG), al\u00e9m de Gabriel Jesus, que na \u00e9poca atuava pelo Palmeiras.<\/p>\n<p style=\"text-align: justify;\"><img loading=\"lazy\" decoding=\"async\" class=\"size-medium wp-image-44349 alignleft\" src=\"http:\/\/www.pedromigao.com.br\/ourodetolo\/wp-content\/uploads\/2017\/01\/tite-conversa-300x180.jpg\" alt=\"\" width=\"300\" height=\"180\" srcset=\"http:\/\/www.pedromigao.com.br\/ourodetolo\/wp-content\/uploads\/2017\/01\/tite-conversa-300x180.jpg 300w, http:\/\/www.pedromigao.com.br\/ourodetolo\/wp-content\/uploads\/2017\/01\/tite-conversa-550x330.jpg 550w, http:\/\/www.pedromigao.com.br\/ourodetolo\/wp-content\/uploads\/2017\/01\/tite-conversa.jpg 620w\" sizes=\"auto, (max-width: 300px) 100vw, 300px\" \/>Isso sem falar dos atletas que jogam aqui e defenderam o Brasil na Olimp\u00edada: Luan (Vasco), Zeca (Santos), William (Internacional), Rodrigo Dourado (Internacional), Thiago Maia (Santos) e Luan (Gr\u00eamio).<\/p>\n<p style=\"text-align: justify;\">Provavelmente, esses jogadores que j\u00e1 vestiram a amarelinha devem ser lembrados novamente &#8211; desde que estejam em boas condi\u00e7\u00f5es f\u00edsicas. A maioria dos clubes n\u00e3o ter\u00e1 sequer estreado nos campeonatos estaduais na data do amistoso, ent\u00e3o a condi\u00e7\u00e3o f\u00edsica n\u00e3o ser\u00e1 a melhor poss\u00edvel. Tite j\u00e1 declarou que vai conversar com os preparadores f\u00edsicos de cada clube vai convocar apenas quem estiver apto a atuar pelo menos 45 minutos.<\/p>\n<p style=\"text-align: justify;\">O jogo ter\u00e1 car\u00e1ter beneficente e acho, particularmente, que a convoca\u00e7\u00e3o poderia ser um ato simb\u00f3lico como forma de agradecer toda a ajuda e carinho que os clubes brasileiros demonstraram pela Chapecoense.<\/p>\n<p style=\"text-align: justify;\">Assim, se fosse eu a treinadora (que aud\u00e1cia!), chamaria um jogador de cada um dos clubes da s\u00e9rie A e trataria a partida como uma grande celebra\u00e7\u00e3o. Mas os planos do verdadeiro treinador da Sele\u00e7\u00e3o Brasileira s\u00e3o outros: Tite pretende aproveitar o jogo para observar mais de perto alguns jogadores que atuam aqui.<\/p>\n<p style=\"text-align: justify;\">Assim, sabendo do desejo do Tite, em mais uma ousadia minha (perdoem-me, por favor), tentei pensar em nomes de jogadores que poderiam ser convocados e que n\u00e3o estejam machucados. A lista, por clubes, ficou assim:<\/p>\n<p style=\"text-align: justify;\"><strong>Atl\u00e9tico-MG:<\/strong> Marcos Rocha, F\u00e1bio Santos, Rafael Carioca, Fred e Robinho<\/p>\n<p style=\"text-align: justify;\"><strong>Atl\u00e9tico-PR: <\/strong>Weverton<\/p>\n<p style=\"text-align: justify;\"><strong>Botafogo:<\/strong> Camilo<\/p>\n<p style=\"text-align: justify;\"><strong>Corinthians: <\/strong>Fagner<\/p>\n<p style=\"text-align: justify;\"><strong>Flamengo:\u00a0 <\/strong>Alex Muralha, Jorge, Diego e Willian Ar\u00e3o<\/p>\n<p style=\"text-align: justify;\"><strong>Fluminense:<\/strong><strong>\u00a0<\/strong><strong>\u00a0<\/strong>Gustavo Scarpa<\/p>\n<p style=\"text-align: justify;\"><strong>Gr\u00eamio: <\/strong>Marcelo Grohe, Pedro Geromel e Luan<\/p>\n<p style=\"text-align: justify;\"><strong>Palmeiras: <\/strong>Fernando Prass, Jean, Mois\u00e9s, Tch\u00ea Tch\u00ea e Dudu<\/p>\n<p style=\"text-align: justify;\"><strong>Santos: <\/strong>Vanderlei, Zeca, Thiago Maia e Lucas Lima<\/p>\n<p style=\"text-align: justify;\"><strong>S\u00e3o Paulo: <\/strong>Rodrigo Caio e Maicon<\/p>\n<p style=\"text-align: justify;\"><strong>Sport: <\/strong>Diego Souza e Rithelly<\/p>\n<p style=\"text-align: justify;\"><strong>Vasco: <\/strong>Luan e Nen\u00ea<\/p>\n<p style=\"text-align: justify;\"><strong>Internacional: <\/strong>Danilo Fernandes, William, Rodrigo Dourado e Vald\u00edvia<\/p>\n<p style=\"text-align: justify;\">Acredito que nessa convoca\u00e7\u00e3o Tite priorize os jogadores mais novos, com chance de ter um futuro na Sele\u00e7\u00e3o Brasileira. Dessa forma, descartei nomes com reconhecida qualidade t\u00e9cnica, mas com idade mais avan\u00e7ada como Renato e Ricardo Oliveira, os dois do Santos. Se a lista, no entanto, fosse apenas pensando em vencer esse \u00fanico jogo, eles poderiam ter espa\u00e7o.<\/p>\n<p style=\"text-align: justify;\"><img loading=\"lazy\" decoding=\"async\" class=\"size-medium wp-image-44344 alignright\" src=\"http:\/\/www.pedromigao.com.br\/ourodetolo\/wp-content\/uploads\/2017\/01\/Gabriel-Jesus-698814-300x178.jpg\" alt=\"\" width=\"300\" height=\"178\" srcset=\"http:\/\/www.pedromigao.com.br\/ourodetolo\/wp-content\/uploads\/2017\/01\/Gabriel-Jesus-698814-300x178.jpg 300w, http:\/\/www.pedromigao.com.br\/ourodetolo\/wp-content\/uploads\/2017\/01\/Gabriel-Jesus-698814-550x326.jpg 550w, http:\/\/www.pedromigao.com.br\/ourodetolo\/wp-content\/uploads\/2017\/01\/Gabriel-Jesus-698814.jpg 590w\" sizes=\"auto, (max-width: 300px) 100vw, 300px\" \/>Ao separar esses jogadores por posi\u00e7\u00e3o, constatei um outro problema: n\u00e3o h\u00e1 atacantes suficientes. Talvez a aus\u00eancia de jogadores de frente mostre um alto grau de exig\u00eancia da minha parte. Mas acho que \u00e9 mais que isso.<\/p>\n<p style=\"text-align: justify;\">At\u00e9 ano passado, t\u00ednhamos bons nomes aqui no Brasil, mas quase todos eles foram vendidos rapidamente: Gabriel Jesus, Gabigol e at\u00e9 o Marinho. N\u00e3o \u00e0 toa, o n\u00famero de gols marcados pelos (tr\u00eas) artilheiros do \u00faltimo Brasileir\u00e3o foi t\u00e3o baixo: apenas 14 gols.<\/p>\n<p style=\"text-align: justify;\">Na aus\u00eancia de bons nomes no ataque, \u00e9 bem prov\u00e1vel termos surpresas nesse setor. Mas ainda assim, acho poss\u00edvel fazer uma Sele\u00e7\u00e3o Brasileira no m\u00ednimo razo\u00e1vel com os jogadores que atuam aqui. Claro que nem todos t\u00eam a qualidade t\u00e9cnica dos que est\u00e3o sempre sendo convocados, mas pode ser uma boa hora para buscar um espa\u00e7o no grupo principal.<\/p>\n<p style=\"text-align: justify;\"><strong>Imagens:<\/strong> <strong>Vanderlei Almeida\/AFP\/AFP, CBF e Getty Images<\/strong><\/p>\n<p style=\"text-align: justify;\">[related_posts limit=&#8221;3&#8243;]<\/p>\n","protected":false},"excerpt":{"rendered":"<p>Nessa ter\u00e7a, a CBF informou que no pr\u00f3ximo dia 19 o t\u00e9cnico Tite far\u00e1 a convoca\u00e7\u00e3o para o amistoso Brasil x Col\u00f4mbia, que ser\u00e1 realizadoTour Details<\/p>\n","protected":false},"author":50,"featured_media":44341,"comment_status":"open","ping_status":"open","sticky":false,"template":"","format":"standard","meta":{"footnotes":""},"categories":[1204],"tags":[1212,1211,41,37,985,172,886],"class_list":["post-44338","post","type-post","status-publish","format-standard","has-post-thumbnail","hentry","category-as-claras","tag-amistoso","tag-convocacao","tag-esporte","tag-futebol","tag-futebol-brasileiro","tag-selecao-brasileira","tag-tite"],"_links":{"self":[{"href":"http:\/\/www.pedromigao.com.br\/ourodetolo\/wp-json\/wp\/v2\/posts\/44338","targetHints":{"allow":["GET"]}}],"collection":[{"href":"http:\/\/www.pedromigao.com.br\/ourodetolo\/wp-json\/wp\/v2\/posts"}],"about":[{"href":"http:\/\/www.pedromigao.com.br\/ourodetolo\/wp-json\/wp\/v2\/types\/post"}],"author":[{"embeddable":true,"href":"http:\/\/www.pedromigao.com.br\/ourodetolo\/wp-json\/wp\/v2\/users\/50"}],"replies":[{"embeddable":true,"href":"http:\/\/www.pedromigao.com.br\/ourodetolo\/wp-json\/wp\/v2\/comments?post=44338"}],"version-history":[{"count":0,"href":"http:\/\/www.pedromigao.com.br\/ourodetolo\/wp-json\/wp\/v2\/posts\/44338\/revisions"}],"wp:featuredmedia":[{"embeddable":true,"href":"http:\/\/www.pedromigao.com.br\/ourodetolo\/wp-json\/wp\/v2\/media\/44341"}],"wp:attachment":[{"href":"http:\/\/www.pedromigao.com.br\/ourodetolo\/wp-json\/wp\/v2\/media?parent=44338"}],"wp:term":[{"taxonomy":"category","embeddable":true,"href":"http:\/\/www.pedromigao.com.br\/ourodetolo\/wp-json\/wp\/v2\/categories?post=44338"},{"taxonomy":"post_tag","embeddable":true,"href":"http:\/\/www.pedromigao.com.br\/ourodetolo\/wp-json\/wp\/v2\/tags?post=44338"}],"curies":[{"name":"wp","href":"https:\/\/api.w.org\/{rel}","templated":true}]}}