{"id":44334,"date":"2017-01-12T09:39:13","date_gmt":"2017-01-12T11:39:13","guid":{"rendered":"http:\/\/www.pedromigao.com.br\/ourodetolo\/?p=44334"},"modified":"2017-01-12T09:39:13","modified_gmt":"2017-01-12T11:39:13","slug":"deja-vu-os-5-enredos-cariocas-em-2017-que-ja-passaram-por-sao-paulo","status":"publish","type":"post","link":"http:\/\/www.pedromigao.com.br\/ourodetolo\/2017\/01\/deja-vu-os-5-enredos-cariocas-em-2017-que-ja-passaram-por-sao-paulo\/","title":{"rendered":"&#8220;D\u00e9j\u00e0 vu&#8221;? Os 5 enredos cariocas em 2017 que j\u00e1 passaram por S\u00e3o Paulo"},"content":{"rendered":"<p style=\"text-align: justify;\">Estamos a 45 dias do maior espet\u00e1culo da terra e a Marqu\u00eas de Sapuca\u00ed ser\u00e1 o palco de 14 desfiles da S\u00e9rie A e 12 do Grupo Especial. Dentre estes 26 enredos, cinco deles j\u00e1 foram o tema de escolas de S\u00e3o Paulo.<\/p>\n<p style=\"text-align: justify;\">Relembramos agora como passaram pelo Anhembi&#8230;<\/p>\n<p style=\"text-align: justify;\"><strong>Rosas de Ouro 1999 \u2013 A Divina Com\u00e9dia de um Foli\u00e3o<\/strong><\/p>\n<p style=\"text-align: justify;\">Neste ano o Salgueiro trar\u00e1 para a avenida \u201cA Divina Com\u00e9dia do Carnaval\u201d, com uma analogia entre a obra de Dante Alighieri e a nossa festa popular. Em 99 a Roseira desfilou com a Divina Com\u00e9dia contada em todos os setores. Vale a pena assistir, pois a hist\u00f3ria \u00e9 muito bem contada.<\/p>\n<p style=\"text-align: justify;\">A escola teve problemas no desfile, pois o abre alas teve seu eixo quebrado no in\u00edcio e foi empurrado por componentes at\u00e9 a dispers\u00e3o. E era um carro lind\u00edssimo, com um drag\u00e3o que soltava fogo em forma de luz.<\/p>\n<p style=\"text-align: justify;\">Com muito bom gosto, o carnavalesco Raul Diniz trabalhou com cores escuras no setor inferno e abusou das tonalidades vivas no \u201cpara\u00edso\u201d, terminando em rosa com a morada dos deuses. Uma apresenta\u00e7\u00e3o bonita, mas com problemas, que terminou em 7\u00ba lugar.<\/p>\n<p>https:\/\/www.youtube.com\/watch?v=lINks527pSw<\/p>\n<p style=\"text-align: justify;\"><strong>\u00c1guia de Ouro 2012 \u2013 Tropicalismo, o movimento que n\u00e3o acabou<\/strong><\/p>\n<p style=\"text-align: justify;\">Para abrir o Grupo Especial, a Para\u00edso do Tuiut\u00ed ter\u00e1 a Tropic\u00e1lia como enredo e os amantes do carnaval paulista desfrutaram deste tema em 2012, quando a \u00c1guia de Ouro trouxe ao Anhembi um dos principais movimentos pol\u00edticos\/culturais do nosso pa\u00eds.<\/p>\n<p style=\"text-align: justify;\">Personagens importantes como Caetano Veloso, Gilberto Gil e Cauby Peixoto estiveram presentes e desfilaram juntos em uma alegoria. O carnavalesco era o criativo Cebola e o desfile veio muito colorido, como n\u00e3o poderia ser diferente.<\/p>\n<p style=\"text-align: justify;\">Tivemos nos grandes festivais de MPB e o Cassino do Chacrinha, mas tamb\u00e9m vimos um carro com a repress\u00e3o da \u00e9poca da ditadura militar, inclusive com um componente representando o enforcamento de Vladimir Herzog.<\/p>\n<p style=\"text-align: justify;\">Infelizmente um problema em um dos carros teve problemas no final fez a escola levar um 9 em evolu\u00e7\u00e3o e por muito pouco n\u00e3o resultou em rebaixamento.<\/p>\n<p><iframe loading=\"lazy\" title=\"Desfile - \u00c1guia de Ouro 2012\" width=\"525\" height=\"394\" src=\"https:\/\/www.youtube.com\/embed\/dzrMkYTY1OE?feature=oembed\" frameborder=\"0\" allow=\"accelerometer; autoplay; clipboard-write; encrypted-media; gyroscope; picture-in-picture; web-share\" referrerpolicy=\"strict-origin-when-cross-origin\" allowfullscreen><\/iframe><\/p>\n<p style=\"text-align: justify;\"><strong>\u00c1guia de Ouro 2013 &#8211; &#8220;Minha miss\u00e3o: o canto do povo. Jo\u00e3o Nogueira\u201d<\/strong><\/p>\n<p style=\"text-align: justify;\">Com um dos grandes sambas do ano a Cubango contar\u00e1 hist\u00f3ria de Jo\u00e3o Nogueira, mesmo enredo da escola da Pomp\u00e9ia, que retratou vida e obra do sambista com participa\u00e7\u00e3o ativa de Diogo Nogueira, que na oportunidade participou da grava\u00e7\u00e3o do CD e do grito de guerra na avenida.<\/p>\n<p style=\"text-align: justify;\">Cebola seguiu mais um ano na \u00c1guia e fez, na minha opini\u00e3o, o melhor carnaval de sua carreira. Com o dia j\u00e1 claro, vimos um desfile forte desde o in\u00edcio, com a bateria vindo \u00e0 frente do abre alas; depois vimos uma linda paleta e cores, alternada entra a branca e as vivas, com a primeira e a \u00faltima alegoria em azul e branco, cores da escola e da Portela, onde Jo\u00e3o se fez.<\/p>\n<p style=\"text-align: justify;\">O \u00fanico por\u00e9m foi que a escola estourou o tempo e aqui em S\u00e3o Paulo perde-se 1 ponto, e n\u00e3o um d\u00e9cimo como Rio. Essa diferen\u00e7a custou o que seria o primeiro t\u00edtulo da hist\u00f3ria da \u00c1guia, que terminou em 3\u00ba.<\/p>\n<p>https:\/\/www.youtube.com\/watch?v=esvGOwAs2Vk<\/p>\n<p style=\"text-align: justify;\"><strong>Acad\u00eamicos do Tatuap\u00e9 2013 \u2013 Beth Carvalho, a madrinha do samba<\/strong><\/p>\n<p style=\"text-align: justify;\">Segunda a desfilar na sexta de carnaval, a Alegria da Zona Sul ir\u00e1 falar de ningu\u00e9m menos que Beth Carvalho, tema tamb\u00e9m da Tatuap\u00e9 em 2013 e com a mesma abordagem. O carnavalesco Mauro Xuxa contou biograficamente a carreira da madrinha, que n\u00e3o pode estar no desfile por problemas m\u00e9dicos. J\u00e1 neste ano ela deve desfilar, afinal a Alegria abdicou de desfilar no s\u00e1bado a pedido da cantora.<\/p>\n<p style=\"text-align: justify;\">A comiss\u00e3o de frente com o Z\u00e9 Carioca (que, ali\u00e1s, \u00e9 o s\u00edmbolo da Alegria da Zona Sul) sambista para dizer que ela \u00e9 carioca da gema foi muito criativa, depois vimos um desfile bem linear com muita pluma nos costeiros. Os carros vieram sem movimento, mas bem acabados.<\/p>\n<p style=\"text-align: justify;\">Foi uma grata surpresa, pois a escola que abria o carnaval geralmente era rebaixada, mas a escola conseguiu se manter na elite at\u00e9 com tranquilidade.<\/p>\n<p>https:\/\/www.youtube.com\/watch?v=b2k-yfOx-h8<\/p>\n<p style=\"text-align: justify;\"><strong>Acad\u00eamicos do Tucuruvi 2015 \u2013 As marchinhas de carnaval<\/strong><\/p>\n<p style=\"text-align: justify;\">Fechando a S\u00e9rie A, a Porto da Pedra entrar\u00e1 na Sapuca\u00ed cantando as marchinhas de carnaval, como um samba leve e gostoso, semelhante ao da Tucuruvi, que desfilou com o mesmo enredo h\u00e1 dois anos atr\u00e1s.<\/p>\n<p style=\"text-align: justify;\">\u00c9 interessante que o torcedor do Tigre assista, pois devemos ter um desfile semelhante, com um abre alas multicolorido, muitas fantasias que rementem aos antigos bailes de carnaval, esculturas de pierr\u00f4, alas com nomes das marchinhas e os festivais na era de ouro do r\u00e1dio.<\/p>\n<p style=\"text-align: justify;\">Foi um desfile luxuoso e divertido e a escola ficou em 6\u00ba, a um d\u00e9cimo do desfile das campe\u00e3s.<\/p>\n<p>https:\/\/www.youtube.com\/watch?v=8n7FxUugU6E<\/p>\n<p style=\"text-align: justify;\">Veremos o que o Rio de Janeiro nos trar\u00e1.<\/p>\n<p style=\"text-align: justify;\"><strong>Imagem: Arquivo Ouro de Tolo<\/strong><\/p>\n<p style=\"text-align: justify;\">[related_posts limit=&#8221;3&#8243;]<\/p>\n","protected":false},"excerpt":{"rendered":"<p>Estamos a 45 dias do maior espet\u00e1culo da terra e a Marqu\u00eas de Sapuca\u00ed ser\u00e1 o palco de 14 desfiles da S\u00e9rie A e 12Tour Details<\/p>\n","protected":false},"author":47,"featured_media":32304,"comment_status":"open","ping_status":"open","sticky":false,"template":"","format":"standard","meta":{"footnotes":""},"categories":[1188],"tags":[18,1160,1167,19],"class_list":["post-44334","post","type-post","status-publish","format-standard","has-post-thumbnail","hentry","category-samba-na-garoa","tag-carnaval","tag-carnaval-2017","tag-carnaval-de-sao-paulo","tag-escolas-de-samba"],"_links":{"self":[{"href":"http:\/\/www.pedromigao.com.br\/ourodetolo\/wp-json\/wp\/v2\/posts\/44334","targetHints":{"allow":["GET"]}}],"collection":[{"href":"http:\/\/www.pedromigao.com.br\/ourodetolo\/wp-json\/wp\/v2\/posts"}],"about":[{"href":"http:\/\/www.pedromigao.com.br\/ourodetolo\/wp-json\/wp\/v2\/types\/post"}],"author":[{"embeddable":true,"href":"http:\/\/www.pedromigao.com.br\/ourodetolo\/wp-json\/wp\/v2\/users\/47"}],"replies":[{"embeddable":true,"href":"http:\/\/www.pedromigao.com.br\/ourodetolo\/wp-json\/wp\/v2\/comments?post=44334"}],"version-history":[{"count":1,"href":"http:\/\/www.pedromigao.com.br\/ourodetolo\/wp-json\/wp\/v2\/posts\/44334\/revisions"}],"predecessor-version":[{"id":44335,"href":"http:\/\/www.pedromigao.com.br\/ourodetolo\/wp-json\/wp\/v2\/posts\/44334\/revisions\/44335"}],"wp:featuredmedia":[{"embeddable":true,"href":"http:\/\/www.pedromigao.com.br\/ourodetolo\/wp-json\/wp\/v2\/media\/32304"}],"wp:attachment":[{"href":"http:\/\/www.pedromigao.com.br\/ourodetolo\/wp-json\/wp\/v2\/media?parent=44334"}],"wp:term":[{"taxonomy":"category","embeddable":true,"href":"http:\/\/www.pedromigao.com.br\/ourodetolo\/wp-json\/wp\/v2\/categories?post=44334"},{"taxonomy":"post_tag","embeddable":true,"href":"http:\/\/www.pedromigao.com.br\/ourodetolo\/wp-json\/wp\/v2\/tags?post=44334"}],"curies":[{"name":"wp","href":"https:\/\/api.w.org\/{rel}","templated":true}]}}