{"id":44164,"date":"2017-01-03T09:45:10","date_gmt":"2017-01-03T11:45:10","guid":{"rendered":"http:\/\/www.pedromigao.com.br\/ourodetolo\/?p=44164"},"modified":"2017-01-03T09:45:10","modified_gmt":"2017-01-03T11:45:10","slug":"por-que-nao-no-rio","status":"publish","type":"post","link":"http:\/\/www.pedromigao.com.br\/ourodetolo\/2017\/01\/por-que-nao-no-rio\/","title":{"rendered":"Por que n\u00e3o no Rio?"},"content":{"rendered":"<p style=\"text-align: justify;\">Primeiramente gostaria de desejar um 2017 repleto de boas energias e que tenhamos um carnaval aben\u00e7oado neste ano por todo o pa\u00eds.<\/p>\n<p style=\"text-align: justify;\">A coluna inaugural desta temporada em que estamos ansiosos para o in\u00edcio dos ensaios t\u00e9cnicos trata de um tema que confesso desde j\u00e1 ser a favor. Ser\u00e1 que chegou a hora dos grandes carnavalescos de S\u00e3o Paulo terem mais espa\u00e7o no carnaval carioca?<\/p>\n<p style=\"text-align: justify;\">Para deixar claro: eu n\u00e3o considero os desfiles paulistanos superiores aos cariocas, mas aqui temos grandes profissionais fazendo carnavais de alta qualidade e agora nos novos moldes de tempo e contingente do Rio as estruturas se equivalem.<\/p>\n<p style=\"text-align: justify;\">Tivemos um exemplo traum\u00e1tico com Cl\u00e1udio Cavalcanti, o popular Cebola na Mocidade em 2009, ano que a escola chegou no \u00faltimo quesito a 0,3 d\u00e1 \u00faltima colocada. Agora vemos o talentoso e promissor Jorge Silveira pronto para tentar conduzir a Viradouro ao Grupo Especial ap\u00f3s anos de destaque na Drag\u00f5es da Real.<\/p>\n<p><iframe loading=\"lazy\" title=\"Desfile Completo Carnaval 2009 - Mocidade Independente\" width=\"525\" height=\"295\" src=\"https:\/\/www.youtube.com\/embed\/iKdOJ1SQyzw?feature=oembed\" frameborder=\"0\" allow=\"accelerometer; autoplay; clipboard-write; encrypted-media; gyroscope; picture-in-picture; web-share\" referrerpolicy=\"strict-origin-when-cross-origin\" allowfullscreen><\/iframe><\/p>\n<p style=\"text-align: justify;\">Na minha concep\u00e7\u00e3o \u00e9 muito pouco, pois vejo que as escolas do Rio de Janeiro olham muito mais para os profissionais da S\u00e9rie A do que de S\u00e3o Paulo, tanto que veremos enredos assinados por Jack Vasconcelos, Severo Luzardo, Edson Pereira e o atual campe\u00e3o Leandro Vieira. Estes s\u00e3o gratas revela\u00e7\u00f5es que receberam uma oportunidade de brilhar no maior espet\u00e1culo d\u00e1 terra.<\/p>\n<p style=\"text-align: justify;\">Ser\u00e1 que aqui n\u00e3o temos carnavalescos com n\u00edvel semelhante para receber uma chance? Ficamos aqui em dois nomes de total destaque, respons\u00e1veis por cinco dos sete t\u00edtulos j\u00e1 disputados nesta d\u00e9cada.<\/p>\n<p style=\"text-align: justify;\">O primeiro \u00e9 Jorge Freitas, cria do carnaval carioca, que a partir de 2002 tornou-se uma lenda na terra da garoa com o bicampeonato na Gavi\u00f5es d\u00e1 Fiel, o ressurgimento da Rosas de Ouro entre as escolas que disputam o t\u00edtulo todos os anos e a conquista pelo Imp\u00e9rio de Casa Verde em 2016.<\/p>\n<p style=\"text-align: justify;\">Jorge \u00e9 conhecido pelo seu acabamento impec\u00e1vel nos carros e por trabalhar muito bem as cores a partir do dourado; sabe fazer carros luxuosos e tem \u00f3tima leitura criativa.<\/p>\n<p><iframe loading=\"lazy\" title=\"DESFILE COMPLETO DA IMP\u00c9RIO DA CASA VERDE 2016\" width=\"525\" height=\"295\" src=\"https:\/\/www.youtube.com\/embed\/CLuVTTYxfLk?feature=oembed\" frameborder=\"0\" allow=\"accelerometer; autoplay; clipboard-write; encrypted-media; gyroscope; picture-in-picture; web-share\" referrerpolicy=\"strict-origin-when-cross-origin\" allowfullscreen><\/iframe><\/p>\n<p style=\"text-align: justify;\">Sua \u00faltima oportunidade no Rio foi em 2004 na Portela, quando reeditou o hist\u00f3rico &#8220;Lendas e Mist\u00e9rios d\u00e1 Amaz\u00f4nia&#8221; e para mim foi bem (aquela alegoria com a \u00edndia chorando, foto de capa, \u00e9 lembrada pelos f\u00e3s de carnaval at\u00e9 hoje). Tamb\u00e9m assinou carnavais anteriormente na Vila Isabel.<\/p>\n<p style=\"text-align: justify;\">O outro carnavalesco que poderia ter um \u00f3timo caminho na Sapuca\u00ed \u00e9 Sidnei Fran\u00e7a. Ap\u00f3s assinar quatro carnavais vencedores pela Mocidade Alegre (tr\u00eas deles em sequ\u00eancia), este craque em desenvolver enredos inteligentes em grande diversidade agora assumiu o comando na Vila Maria. Basta ver um desfile entre 2012 e 2016 para observar seu talento e a capacidade de desenvolver todo tipo de enredo.<\/p>\n<p style=\"text-align: justify;\">Em fevereiro veremos os dois em a\u00e7\u00e3o em busca de mais um t\u00edtulo para suas renomadas carreiras e espero que a elite das escolas cariocas observe n\u00e3o s\u00f3 a eles, mas a todos os bons profissionais que desfilar\u00e3o seu talento pelo Anhembi.<\/p>\n<p style=\"text-align: justify;\"><strong>Imagem: Arquivo Ouro de Tolo<\/strong><\/p>\n<p style=\"text-align: justify;\">[related_posts limit=&#8221;3&#8243;]<\/p>\n","protected":false},"excerpt":{"rendered":"<p>Primeiramente gostaria de desejar um 2017 repleto de boas energias e que tenhamos um carnaval aben\u00e7oado neste ano por todo o pa\u00eds. A coluna inauguralTour Details<\/p>\n","protected":false},"author":47,"featured_media":23281,"comment_status":"open","ping_status":"open","sticky":false,"template":"","format":"standard","meta":{"footnotes":""},"categories":[1188],"tags":[18,1160,1167,19],"class_list":["post-44164","post","type-post","status-publish","format-standard","has-post-thumbnail","hentry","category-samba-na-garoa","tag-carnaval","tag-carnaval-2017","tag-carnaval-de-sao-paulo","tag-escolas-de-samba"],"_links":{"self":[{"href":"http:\/\/www.pedromigao.com.br\/ourodetolo\/wp-json\/wp\/v2\/posts\/44164","targetHints":{"allow":["GET"]}}],"collection":[{"href":"http:\/\/www.pedromigao.com.br\/ourodetolo\/wp-json\/wp\/v2\/posts"}],"about":[{"href":"http:\/\/www.pedromigao.com.br\/ourodetolo\/wp-json\/wp\/v2\/types\/post"}],"author":[{"embeddable":true,"href":"http:\/\/www.pedromigao.com.br\/ourodetolo\/wp-json\/wp\/v2\/users\/47"}],"replies":[{"embeddable":true,"href":"http:\/\/www.pedromigao.com.br\/ourodetolo\/wp-json\/wp\/v2\/comments?post=44164"}],"version-history":[{"count":0,"href":"http:\/\/www.pedromigao.com.br\/ourodetolo\/wp-json\/wp\/v2\/posts\/44164\/revisions"}],"wp:featuredmedia":[{"embeddable":true,"href":"http:\/\/www.pedromigao.com.br\/ourodetolo\/wp-json\/wp\/v2\/media\/23281"}],"wp:attachment":[{"href":"http:\/\/www.pedromigao.com.br\/ourodetolo\/wp-json\/wp\/v2\/media?parent=44164"}],"wp:term":[{"taxonomy":"category","embeddable":true,"href":"http:\/\/www.pedromigao.com.br\/ourodetolo\/wp-json\/wp\/v2\/categories?post=44164"},{"taxonomy":"post_tag","embeddable":true,"href":"http:\/\/www.pedromigao.com.br\/ourodetolo\/wp-json\/wp\/v2\/tags?post=44164"}],"curies":[{"name":"wp","href":"https:\/\/api.w.org\/{rel}","templated":true}]}}