{"id":43939,"date":"2016-12-14T06:01:35","date_gmt":"2016-12-14T08:01:35","guid":{"rendered":"http:\/\/www.pedromigao.com.br\/ourodetolo\/?p=43939"},"modified":"2016-12-13T17:11:50","modified_gmt":"2016-12-13T19:11:50","slug":"a-safra-de-sambas-do-carnaval-de-sao-paulo","status":"publish","type":"post","link":"http:\/\/www.pedromigao.com.br\/ourodetolo\/2016\/12\/a-safra-de-sambas-do-carnaval-de-sao-paulo\/","title":{"rendered":"A safra de sambas do carnaval de S\u00e3o Paulo"},"content":{"rendered":"<p style=\"text-align: justify;\">No pr\u00f3ximo s\u00e1bado (17 de dezembro) teremos o lan\u00e7amento do CD do carnaval paulistano na F\u00e1brica do Samba 1. Diferente do Rio, aqui em S\u00e3o Paulo essa festa vira toda a madrugada e cada escola se apresenta com sua pr\u00f3pria bateria e com sua comunidade tamb\u00e9m realizando n\u00fameros art\u00edsticos.<\/p>\n<p style=\"text-align: justify;\">As obras que v\u00e3o embalar este evento, os ensaios t\u00e9cnicos e no dia do desfile j\u00e1 est\u00e3o dispon\u00edveis na vers\u00e3o oficial; assim j\u00e1 podemos fazer as an\u00e1lises. Al\u00e9m dos crit\u00e9rios da liga (adequa\u00e7\u00e3o ao enredo e riqueza mel\u00f3dica), tamb\u00e9m considero a poesia do samba e o potencial que ele apresenta de empolgar na avenida.<\/p>\n<p style=\"text-align: justify;\">Vamos aos sambas:<\/p>\n<p style=\"text-align: justify;\"><strong>Tom Maior <\/strong><\/p>\n<p style=\"text-align: justify;\">Int\u00e9rprete \u2013 Bruno Ribas<\/p>\n<p style=\"text-align: justify;\">O carnaval ser\u00e1 aberto por um bom samba sobre a cantora Elba Ramalho. O enredo e a ordem dos fatos s\u00e3o muito semelhantes ao da Grande Rio de Ivete Sangalo: come\u00e7a com a inf\u00e2ncia de Elba no nordeste, as festas, as cren\u00e7as e as refer\u00eancias, depois segue com a carreira de atriz e o sucesso como cantora;<\/p>\n<p style=\"text-align: justify;\">A segunda do samba \u00e9 bem inteligente, com trechos consagrados de m\u00fasicas da int\u00e9rprete, principalmente o \u201c<em>Estou de volta pro meu aconchego\u201d<\/em> em um trocadilho com o retorno da escola para o Grupo Especial.<\/p>\n<p style=\"text-align: justify;\">Samba forte, de melodia linear e com uma cad\u00eancia nordestina, tudo a ver com o tema.<\/p>\n<p style=\"text-align: justify;\"><em>Nota \u2013 9,9<\/em><\/p>\n<p style=\"text-align: justify;\"><strong>Mocidade Alegre<\/strong><\/p>\n<p style=\"text-align: justify;\">Int\u00e9rpretes \u2013 Tigan\u00e1 e Ito Melodia<\/p>\n<p style=\"text-align: justify;\">Uma escola gigante do nosso carnaval contar\u00e1 seus 50 anos de uma forma muito perspicaz, pois far\u00e1 o encaixe do jubileu com o lema de sua presidente e o espirito do sambista passear\u00e1 pelos conceitos vit\u00f3ria, da luta, da for\u00e7a e da uni\u00e3o.<\/p>\n<p style=\"text-align: justify;\">A dupla de cantores deu a energia necess\u00e1ria para este samba, que segue fielmente a sinopse, mas que tem bons trechos po\u00e9ticos na primeira e tem dois refr\u00e3os valentes, na segunda o ponto forte \u00e9 o trecho do samba exalta\u00e7\u00e3o <em>\u201cL\u00e1 vem ela, simplesmente poesia&#8230;\u201d<\/em><\/p>\n<p style=\"text-align: justify;\">Samba que diz respeito ao componente, com certeza ser\u00e1 muito cantado.<\/p>\n<p style=\"text-align: justify;\"><em>Nota \u2013 9,9<\/em><\/p>\n<p style=\"text-align: justify;\"><strong>Unidos de Vila Maria<\/strong><\/p>\n<p style=\"text-align: justify;\">Int\u00e9rprete \u2013 Cl\u00f3vis P\u00ea<\/p>\n<p style=\"text-align: justify;\">Uma ora\u00e7\u00e3o em pleno Anhembi. A homenagem aos 300 anos da apari\u00e7\u00e3o da imagem de Nossa Senhora Aparecida ser\u00e1 cantada em um samba focado em louvar os milagres da santa e devo\u00e7\u00e3o de seus fi\u00e9is.<\/p>\n<p style=\"text-align: justify;\">A adequa\u00e7\u00e3o \u00e0 sinopse \u00e9 impec\u00e1vel, mas n\u00e3o h\u00e1 muita poesia pois \u00e9 um enredo que exige fidelidade hist\u00f3rica; mesmo assim penso que na segunda onde se cantam promessas e romarias feitas a Nossa Senhora poder\u00edamos ter mais emo\u00e7\u00e3o.<\/p>\n<p style=\"text-align: justify;\">A melodia \u00e9 muito boa no refr\u00e3o do meio, mas na segunda pode arrastar na avenida.<\/p>\n<p style=\"text-align: justify;\"><em>Nota \u2013 9,8<\/em><\/p>\n<p style=\"text-align: justify;\"><strong>Acad\u00eamicos do Tatuap\u00e9<\/strong><\/p>\n<p style=\"text-align: justify;\">Int\u00e9rpretes \u2013 Celso Mody e Dominguinhos do Est\u00e1cio<\/p>\n<p style=\"text-align: justify;\">O Zimbabwe ser\u00e1 cantado pela atual vice-campe\u00e3. A escola determinou para a ala de compositores que o samba deveria ser \u201clevanta ch\u00e3o\u201d e o objetivo foi alcan\u00e7ado. A obra \u00e9 contagiante e com certeza vai proporcionar um desfile valente e animado.<\/p>\n<p style=\"text-align: justify;\">A melodia \u00e9 \u00f3tima, o tempo todo deixa o samba l\u00e1 no alto. O problema \u00e9 a letra, pois n\u00e3o diz muita coisa e possu\u00ed diversas frases que se encaixariam em muitos outros sambas afro.<\/p>\n<p style=\"text-align: justify;\">Mesmo assim passar\u00e1 muito bem no Anhembi na condu\u00e7\u00e3o do Celsinho, que foi bem demais em 2016.<\/p>\n<p style=\"text-align: justify;\"><em>Nota \u2013 9,9<\/em><\/p>\n<p style=\"text-align: justify;\"><strong>G<a href=\"http:\/\/www.pedromigao.com.br\/ourodetolo\/wp-content\/uploads\/2014\/02\/rainha-gavi\u00f5es.jpg\"><img loading=\"lazy\" decoding=\"async\" class=\"alignleft size-medium wp-image-23411\" src=\"http:\/\/www.pedromigao.com.br\/ourodetolo\/wp-content\/uploads\/2014\/02\/rainha-gavi\u00f5es-300x200.jpg\" alt=\"\" width=\"300\" height=\"200\" srcset=\"http:\/\/www.pedromigao.com.br\/ourodetolo\/wp-content\/uploads\/2014\/02\/rainha-gavi\u00f5es-300x200.jpg 300w, http:\/\/www.pedromigao.com.br\/ourodetolo\/wp-content\/uploads\/2014\/02\/rainha-gavi\u00f5es-509x340.jpg 509w, http:\/\/www.pedromigao.com.br\/ourodetolo\/wp-content\/uploads\/2014\/02\/rainha-gavi\u00f5es.jpg 1400w\" sizes=\"auto, (max-width: 300px) 100vw, 300px\" \/><\/a>avi\u00f5es da Fiel<\/strong><\/p>\n<p style=\"text-align: justify;\">Int\u00e9rprete \u2013 Ernesto Teixeira<\/p>\n<p style=\"text-align: justify;\">Os Gavi\u00f5es n\u00e3o tem tido boas coloca\u00e7\u00f5es nos \u00faltimos carnavais, mas em samba enredo as notas s\u00e3o \u00f3timas. O veterano Ernesto Teixeira entoar\u00e1 uma obra sobre os migrantes que constru\u00edram e ajudam S\u00e3o Paulo a crescer a cada dia.<\/p>\n<p style=\"text-align: justify;\">O samba \u00e9 no estilo Gavi\u00f5es: segue a sinopse, tem a melodia reta e agrad\u00e1vel de se ouvir. \u00c9 feito para tirar 10 dos jurados, mas n\u00e3o \u00e9 t\u00e3o empolgante e n\u00e3o tem muita gra\u00e7a de se ouvir; no grau comparativo fica abaixo das melhores.<\/p>\n<p style=\"text-align: justify;\"><em>Nota \u2013 9,8<\/em><\/p>\n<p style=\"text-align: justify;\"><strong>Acad\u00eamicos do Tucuruvi<\/strong><\/p>\n<p style=\"text-align: justify;\">Int\u00e9rprete \u2013 Alex Soares<\/p>\n<p style=\"text-align: justify;\">O artista de rua ser\u00e1 cantado pela Tucuruvi em um samba que tem tudo a ver com o enredo. A melodia \u00e9 bem sofisticada; a primeira e a segunda preparam bem para o refr\u00e3o e em alguns versos possu\u00ed pequenas varia\u00e7\u00f5es que a enriquecem.<\/p>\n<p style=\"text-align: justify;\">Contando a hist\u00f3ria fielmente, o samba ainda procura colocar um pouco de poesia como em \u201cO tempo traz do vento a poesia\u201d. S\u00f3 espero que o j\u00fari n\u00e3o desconte pontos por causa do refr\u00e3o que termina com o \u201c\u00c9 n\u00f3is Tucuruvi\u201d. \u00c9 uma licen\u00e7a po\u00e9tica que tem tudo a ver.<\/p>\n<p style=\"text-align: justify;\">Assim como em 2013 e 2014 a Tucuruvi tem um dos melhores sambas do ano.<\/p>\n<p style=\"text-align: justify;\"><em>Nota \u2013 10<\/em><\/p>\n<p style=\"text-align: justify;\"><strong>\u00c1guia de Ouro 2017<\/strong><\/p>\n<p style=\"text-align: justify;\">Int\u00e9rpretes \u2013 Douglinhas e Fernandinho SP<\/p>\n<p style=\"text-align: justify;\">Temos aqui o samba mais pol\u00eamico do ano, contando S\u00e3o Paulo e Rio de Janeiro. O samba sobre os nossos queridos pets foi encomendado pela escola e a cita\u00e7\u00e3o a Lu\u00edsa Mell gerou uma chuva de cr\u00edticas. A letra foi melhorada, ao inv\u00e9s de <em>\u201ccomo diz Lu\u00edsa Mell, protejam todos os animais\u201d<\/em> teremos <em>\u201ccomo faz Lu\u00edsa Mell, defendam todos os animais\u201d<\/em>, pois na anterior ela parecia o santo protetor deles.<\/p>\n<p style=\"text-align: justify;\">Quanto ao samba em si eu poucas vezes vi um refr\u00e3o principal t\u00e3o melhor que o restante do samba. Ap\u00f3s os \u00f3timos primeiros versos que s\u00e3o contagiantes a obra se arrasta na primeira e s\u00f3 sai do abismo na transi\u00e7\u00e3o para o animado refr\u00e3o do meio, mas na segunda cai muito de novo.<\/p>\n<p style=\"text-align: justify;\">Esse \u00e9 o t\u00edpico samba que os componentes s\u00f3 cantam o refr\u00e3o e a harmonia ser\u00e1 duramente despontuada.<\/p>\n<p style=\"text-align: justify;\"><em>Nota \u2013 9,7<\/em><\/p>\n<p><iframe loading=\"lazy\" title=\"CD OFICIAL-  Sambas Enredo 2017 Grupo Especial S\u00e3o Paulo (COMPLETO)\" width=\"525\" height=\"295\" src=\"https:\/\/www.youtube.com\/embed\/RrpBON7R5dQ?feature=oembed\" frameborder=\"0\" allow=\"accelerometer; autoplay; clipboard-write; encrypted-media; gyroscope; picture-in-picture; web-share\" referrerpolicy=\"strict-origin-when-cross-origin\" allowfullscreen><\/iframe><\/p>\n<p style=\"text-align: justify;\"><strong>Mancha Verde<\/strong><\/p>\n<p style=\"text-align: justify;\">Int\u00e9rprete \u2013 Freddy Viana<\/p>\n<p style=\"text-align: justify;\">Muitas vezes um enredo original n\u00e3o possibilita muitos recursos a ala de compositores. \u00c9 o que acontece com a homenagem aos personagens importantes da hist\u00f3ria chamados de Jos\u00e9.<\/p>\n<p style=\"text-align: justify;\">N\u00e3o temos uma melodia linear, tampouco que cres\u00e7a para o refr\u00e3o; em alguns trechos a transi\u00e7\u00e3o n\u00e3o acontece, principalmente na segunda. A letra tamb\u00e9m tem repeti\u00e7\u00f5es de palavras e pouca criatividade nas rimas.<\/p>\n<p style=\"text-align: justify;\">Como um grande f\u00e3 dos sambas da Mancha Verde, eu esperava bem mais.<\/p>\n<p style=\"text-align: justify;\"><em>Nota \u2013 9,7<\/em><\/p>\n<p style=\"text-align: justify;\"><strong>Unidos do Peruche<\/strong><\/p>\n<p style=\"text-align: justify;\">Int\u00e9rprete \u2013 Toninho Penteado<\/p>\n<p style=\"text-align: justify;\">A cidade de Salvador possibilita grandes sambas; tanto que a safra do Peruche foi a melhor do ano e na final o presidente havia escolhido outra obra (tamb\u00e9m sensacional), mas foi vencido pelos segmentos na vota\u00e7\u00e3o.<\/p>\n<p style=\"text-align: justify;\">N\u00e3o falta nada ao samba, a letra corresponde a sinopse e \u00e9 bem escrita; j\u00e1 a melodia \u00e9 contagiante e o ritmo acelerado tem tudo a ver com os versos. Na vers\u00e3o concorrente havia uma falha mel\u00f3dica na entrada da segunda que foi corrigida.<\/p>\n<p style=\"text-align: justify;\">\u00c9 o melhor samba do ano na minha opini\u00e3o. Ser\u00e1 um verdadeiro sacode no Anhembi.<\/p>\n<p style=\"text-align: justify;\"><em>Nota \u2013 10<\/em><\/p>\n<p style=\"text-align: justify;\"><strong>Imp\u00e9rio de Casa Verde<\/strong><\/p>\n<p style=\"text-align: justify;\">Int\u00e9rprete \u2013 Carlos J\u00fanior<\/p>\n<p style=\"text-align: justify;\">Clamando pela paz universal chega a atual campe\u00e3 com um bom samba. A obra tem a pegada marcante da \u201cCa\u00e7ula do Samba\u201d: samba descritivo com varia\u00e7\u00f5es mel\u00f3dicas, nada de passar toda a primeira ou a segunda de maneira linear.<\/p>\n<p style=\"text-align: justify;\">O samba cresce no refr\u00e3o do meio e no final da segunda; al\u00e9m disso as transi\u00e7\u00f5es s\u00e3o muito bem feitas. Com certeza passar\u00e1 muito bem no dia, mas na hora de ouvir no CD falta aquele algo a mais que d\u00ea a vontade de ouvir v\u00e1rias vezes.<\/p>\n<p style=\"text-align: justify;\"><em>Nota \u2013 9,9<\/em><\/p>\n<p style=\"text-align: justify;\"><strong>Drag\u00f5es da Real<\/strong><\/p>\n<p style=\"text-align: justify;\">Int\u00e9rprete \u2013 Ren\u00ea Sobral<\/p>\n<p style=\"text-align: justify;\">Os compositores tinham uma tarefa dif\u00edcil aqui, pois al\u00e9m de \u201cAsa Branca\u201d ter sido eternizada por Luiz Gonzaga como uma das maiores can\u00e7\u00f5es do pa\u00eds ela \u00e9 triste &#8211; portanto dif\u00edcil de carnavalizar. Mas no meu modo de ver o resultado foi muito bom.<\/p>\n<p style=\"text-align: justify;\">O samba passa pela lamenta\u00e7\u00e3o, mas tem uma vibra\u00e7\u00e3o de esperan\u00e7a em v\u00e1rios versos, na primeira, no refr\u00e3o do meio e na segunda, que ali\u00e1s entra muito bem com o \u201c\u00ca\u00ea\u00ea saudade, que invade o meu cora\u00e7\u00e3o\u201d; em nenhum momento o samba pede a for\u00e7a e na estrofe final vem o \u00e1pice para o refr\u00e3o principal.<\/p>\n<p style=\"text-align: justify;\">Sem contar que Ren\u00ea Sobral \u00e9 um dos grandes do nosso carnaval e o samba possibilita \u00f3timas bossas para a bateria.<\/p>\n<p style=\"text-align: justify;\"><em>Nota \u2013 10<\/em><\/p>\n<p><iframe loading=\"lazy\" title=\"Vai-Vai: apresenta\u00e7\u00e3o samba campe\u00e3o - Samba 8 - SRZD\" width=\"525\" height=\"295\" src=\"https:\/\/www.youtube.com\/embed\/9TzlkSnKEeY?feature=oembed\" frameborder=\"0\" allow=\"accelerometer; autoplay; clipboard-write; encrypted-media; gyroscope; picture-in-picture; web-share\" referrerpolicy=\"strict-origin-when-cross-origin\" allowfullscreen><\/iframe><\/p>\n<p style=\"text-align: justify;\"><strong>Vai Vai<\/strong><\/p>\n<p style=\"text-align: justify;\">Int\u00e9rprete \u2013 Wander Pires<\/p>\n<p style=\"text-align: justify;\">Potencial de empolgar esse samba tem, pois na final foi um sacode hist\u00f3rico. L\u00e1 no Vai Vai todos os arredores ficam lotados de pessoas na rua e n\u00e3o havia d\u00favida que esta obra venceria para homenagear \u201cM\u00e3e Menininha do Gantois\u201d.<\/p>\n<p style=\"text-align: justify;\">O engra\u00e7ado \u00e9 que, ao contr\u00e1rio da maioria, esse samba tem pegada na primeira e na segunda, mas no refr\u00e3o do meio ele desce ao inv\u00e9s de subir. Isso me incomoda um pouco.<\/p>\n<p style=\"text-align: justify;\">Outra preocupa\u00e7\u00e3o \u00e9 com o int\u00e9rprete. Claro que o Wander Pires \u00e9 um monstro, mas esse samba parece acelerado demais para o estilo dele.<\/p>\n<p style=\"text-align: justify;\"><em>Nota \u2013 9,9<\/em><\/p>\n<p style=\"text-align: justify;\"><strong>Nen\u00ea de Vila Matilde<\/strong><\/p>\n<p style=\"text-align: justify;\">Int\u00e9rprete \u2013 Agnaldo Amaral<\/p>\n<p style=\"text-align: justify;\">A Vila exalta Curitiba em um samba cl\u00e1ssico para enredos CEP. O s\u00edmbolo da escola (\u00c1guia) encontra o animal s\u00edmbolo do local (Gralha azul) e mostram a natureza da cidade, contam a hist\u00f3ria dos negros e imigrantes e exaltam o exemplo que o lugar \u00e9. 100% clich\u00ea.<\/p>\n<p style=\"text-align: justify;\">Mas isso a parte o samba \u00e9 muito correto, fiel \u00e0 sinopse e razo\u00e1vel melodicamente. O refr\u00e3o do meio tem uma entrada com uma boa bossa no CD e na parte do \u201cFuturo, qualidade e educa\u00e7\u00e3o\u201d tamb\u00e9m d\u00e1 para a bateria brincar.<\/p>\n<p style=\"text-align: justify;\">Agnaldo Amaral tem um vozeir\u00e3o para fazer esse samba passar firme na avenida.<\/p>\n<p style=\"text-align: justify;\"><em>Nota \u2013 9,8<\/em><\/p>\n<p style=\"text-align: justify;\"><strong>Rosas de Ouro<\/strong><\/p>\n<p style=\"text-align: justify;\">Int\u00e9rprete \u2013 Royce do Cavaco<\/p>\n<p style=\"text-align: justify;\">\u201cVem saborear, vamos brindar, um novo dia\u201d. Tem forma mais legal de terminar um carnaval do que com um samba leve e muito bem cantado por esta lenda chamada Royce do Cavaco? A Roseira busca voltar ao topo e para isso nos deixar\u00e1 com \u00e1gua na boca com os maiores banquetes da hist\u00f3ria.<\/p>\n<p style=\"text-align: justify;\">Ao contr\u00e1rio dos outros sambas que eu dei 10, esse n\u00e3o \u00e9 t\u00e3o forte nem acelerado, mas \u00e9 no estilo dos sambas imortais da escola: gostoso de ouvir, parece que flutua. Al\u00e9m disso \u00e9 constru\u00eddo, a primeira \u00e9 rica melodicamente e cresce para o refr\u00e3o do meio com seus atabaques, na segunda volta o ritmo da primeira e no final prepara o refr\u00e3o principal.<\/p>\n<p style=\"text-align: justify;\">Sairemos do Anhembi com vontade de voltar logo para 2018.<\/p>\n<p style=\"text-align: justify;\"><em>Nota &#8211; 10<\/em><\/p>\n<p style=\"text-align: justify;\">[related_posts limit=&#8221;3&#8243;]<\/p>\n","protected":false},"excerpt":{"rendered":"<p>No pr\u00f3ximo s\u00e1bado (17 de dezembro) teremos o lan\u00e7amento do CD do carnaval paulistano na F\u00e1brica do Samba 1. Diferente do Rio, aqui em S\u00e3oTour Details<\/p>\n","protected":false},"author":47,"featured_media":40048,"comment_status":"open","ping_status":"open","sticky":false,"template":"","format":"standard","meta":{"footnotes":""},"categories":[1188],"tags":[18,1160,652],"class_list":["post-43939","post","type-post","status-publish","format-standard","has-post-thumbnail","hentry","category-samba-na-garoa","tag-carnaval","tag-carnaval-2017","tag-carnaval-de-sp"],"_links":{"self":[{"href":"http:\/\/www.pedromigao.com.br\/ourodetolo\/wp-json\/wp\/v2\/posts\/43939","targetHints":{"allow":["GET"]}}],"collection":[{"href":"http:\/\/www.pedromigao.com.br\/ourodetolo\/wp-json\/wp\/v2\/posts"}],"about":[{"href":"http:\/\/www.pedromigao.com.br\/ourodetolo\/wp-json\/wp\/v2\/types\/post"}],"author":[{"embeddable":true,"href":"http:\/\/www.pedromigao.com.br\/ourodetolo\/wp-json\/wp\/v2\/users\/47"}],"replies":[{"embeddable":true,"href":"http:\/\/www.pedromigao.com.br\/ourodetolo\/wp-json\/wp\/v2\/comments?post=43939"}],"version-history":[{"count":0,"href":"http:\/\/www.pedromigao.com.br\/ourodetolo\/wp-json\/wp\/v2\/posts\/43939\/revisions"}],"wp:featuredmedia":[{"embeddable":true,"href":"http:\/\/www.pedromigao.com.br\/ourodetolo\/wp-json\/wp\/v2\/media\/40048"}],"wp:attachment":[{"href":"http:\/\/www.pedromigao.com.br\/ourodetolo\/wp-json\/wp\/v2\/media?parent=43939"}],"wp:term":[{"taxonomy":"category","embeddable":true,"href":"http:\/\/www.pedromigao.com.br\/ourodetolo\/wp-json\/wp\/v2\/categories?post=43939"},{"taxonomy":"post_tag","embeddable":true,"href":"http:\/\/www.pedromigao.com.br\/ourodetolo\/wp-json\/wp\/v2\/tags?post=43939"}],"curies":[{"name":"wp","href":"https:\/\/api.w.org\/{rel}","templated":true}]}}