{"id":43917,"date":"2016-12-11T09:53:02","date_gmt":"2016-12-11T11:53:02","guid":{"rendered":"http:\/\/www.pedromigao.com.br\/ourodetolo\/?p=43917"},"modified":"2016-12-09T11:00:36","modified_gmt":"2016-12-09T13:00:36","slug":"os-mais-odiados-do-brasil","status":"publish","type":"post","link":"http:\/\/www.pedromigao.com.br\/ourodetolo\/2016\/12\/os-mais-odiados-do-brasil\/","title":{"rendered":"Os mais odiados do Brasil"},"content":{"rendered":"<p style=\"text-align: justify;\">O Brasil est\u00e1 uma zona&#8230;<\/p>\n<p style=\"text-align: justify;\">N\u00e3o que j\u00e1 n\u00e3o\u00a0fosse antes. J\u00e1 \u00e9 desde 1500 quando Pindorama foi invadida pelos\u00a0portugueses e em troca de espelhos\u00a0e pentes levaram nosso pau brasil. Quando Pero Vaz de Caminha mandou carta para D.Manuel, o Venturoso, contando como era a nova terra e pedindo emprego para o\u00a0sobrinho, vimos o quanto esculhambativa seria a nova\u00a0terra descoberta. A avacalha\u00e7\u00e3o est\u00e1 no nosso DNA.<\/p>\n<p style=\"text-align: justify;\">Mas agora resolveram institucionalizar a bagun\u00e7a. N\u00e3o que estivesse uma maravilha antes, muito pelo contr\u00e1rio, mas depois do impeachment de Dilma a impress\u00e3o que\u00a0temos \u00e9 de que somos um navio sem comando buscando seu iceberg. Somos os tocadores de violino do Titanic s\u00f3 esperando o afundamento. S\u00f3 esse ano tivemos a queda da presidente da Rep\u00fablica, do presidente da C\u00e2mara dos\u00a0Deputados e s\u00f3 n\u00e3o caiu o do\u00a0Senado porque esse resolveu cantar a famosa can\u00e7\u00e3o &#8220;Daqui n\u00e3o saio, daqui ningu\u00e9m me tira&#8221;.<\/p>\n<p style=\"text-align: justify;\">A classe pol\u00edtica, acompanhada de parte da classe jur\u00eddica do\u00a0pa\u00eds, resolveu que faria uma besteira atr\u00e1s da outra e gra\u00e7as\u00a0a eles vivemos hoje em um pa\u00eds dividido.\u00a0Um pa\u00eds a beira de uma guerra civil no qual o \u00f3dio e a intoler\u00e2ncia crescem a cada dia. Os pol\u00edticos resolveram ser\u00a0as pessoas mais odiadas do pa\u00eds.<\/p>\n<p style=\"text-align: justify;\">Temos um presidente medroso, cag\u00e3o, que tem medo de ir a um vel\u00f3rio\u00a0coletivo por &#8220;temer&#8221; receber vaias. No\u00a0maior momento de dor da vida daquelas pessoas e dos \u00faltimos 22 anos\u00a0do\u00a0pa\u00eds, o presidente em vez de mostrar-se um l\u00edder e assumir o controle da situa\u00e7\u00e3o se borrou\u00a0e s\u00f3 apareceu no vel\u00f3rio\u00a0coletivo\u00a0porque recebeu press\u00e3o. Se o &#8220;inimigo&#8221; sendo um grupo de pessoas devastadas pela trag\u00e9dia foi o suficiente para que\u00a0ele\u00a0se borrasse imagine se um dia tivermos que entrar em guerra? Formos\u00a0atacados por um pa\u00eds que nos invada? Estamos ferrados.<\/p>\n<p style=\"text-align: justify;\">O Congresso Nacional se aproveitou dessa dor que o povo sentia e de madrugada aprovou mudan\u00e7as nas medidas &#8220;anticorrup\u00e7\u00e3o&#8221;. Algo que a princ\u00edpio\u00a0era para combater a corrup\u00e7\u00e3o virou a favor deles, para lhes proteger. Aproveitaram-se da dor, aproveitaram-se da madrugada. Pelo que sei, quem se aproveita da madrugada para atacar os outros, para prejudicar, s\u00e3o os bandidos. Perd\u00e3o aos bandidos por compar\u00e1-los \u00e0\u00a0nossa classe pol\u00edtica.<\/p>\n<p style=\"text-align: justify;\">O\u00a0mesmo\u00a0congresso agora aprovou mudan\u00e7as na previd\u00eancia, dificultando, e muito, que trabalhadores se aposentem. Agora trabalhador s\u00f3\u00a0se aposenta no Brasil\u00a0com atestado de\u00a0\u00f3bito.<\/p>\n<p style=\"text-align: justify;\">Tem como n\u00e3o\u00a0odiar os\u00a0pol\u00edticos brasileiros?\u00a0Gente que prejudica o povo na calada da noite? Gente que manda dar porrada no povo que protesta por n\u00e3o receber sal\u00e1rios\u00a0como faz o governo do Rio? Gente que debocha de n\u00f3s\u00a0como Renan Calheiros? Homem que desafiou o STF, disse que n\u00e3o sairia e n\u00e3o saiu?<\/p>\n<p style=\"text-align: justify;\">Pobre povo que se decepciona a cada dia. Pobre povo que ainda se ilude dividindo o pa\u00eds entre coxinhas\u00a0e petralhas e v\u00ea o\u00a0PT fechando com seus algozes e votando juntos medidas contra o povo e contra o Brasil. Pobre povo que necessita de her\u00f3is e v\u00ea\u00a0dias depois de manifesta\u00e7\u00f5es de apoio a ele\u00a0o her\u00f3i tirando foto as gargalhadas com o maior denunciado do caso que ele tem que julgar.\u00a0Ser educado\u00a0\u00e9 uma coisa, ficar com o suspeito no\u00a0clima de &#8220;ter um amigo, na vida \u00e9 t\u00e3o bom ter amigos&#8221; \u00e9 outra. \u00c9 nos tirar como ot\u00e1rios, como palha\u00e7os.<\/p>\n<p style=\"text-align: justify;\">Mas quem mais nos tirou como palha\u00e7os essa semana foi a &#8220;Isto \u00c9&#8221;, que elegeu Temer o homem do ano. No m\u00ednimo\u00a0ele concorreu contra MC Biel e M\u00e1rcio Ara\u00fajo para alcan\u00e7ar tal fa\u00e7anha.<\/p>\n<p style=\"text-align: justify;\">Com toda raz\u00e3o a classe\u00a0pol\u00edtica hoje \u00e9\u00a0a mais odiada do Brasil, s\u00f3 que isso\u00a0preocupa porque o v\u00e1cuo de esperan\u00e7a faz surgir coisas que, acreditem, podem ser piores que nossos pol\u00edticos. S\u00f3\u00a0estudar o surgimento da Alemanha nazista e da It\u00e1lia fascista que ir\u00e1 entender o que\u00a0digo. Os militares d\u00e3o a cada dia provas que n\u00e3o querem mais saber de governar o Brasil porque por muitos menos deram o golpe\u00a0de 1964. O problema n\u00e3o\u00a0\u00e9\u00a0esse.<\/p>\n<p style=\"text-align: justify;\">O problema \u00e9 que essa zona acaba fortalecendo certos &#8220;mitos&#8221;.<\/p>\n<p style=\"text-align: justify;\">Nada est\u00e1\u00a0t\u00e3o ruim que n\u00e3o possa\u00a0piorar.<\/p>\n<p style=\"text-align: justify;\">Culpa sua, seu Cabral.<\/p>\n<p style=\"text-align: justify;\">Twitter &#8211; @aloisiovillar<\/p>\n<p style=\"text-align: justify;\">Facebook &#8211; Aloisio Villar<\/p>\n<p style=\"text-align: justify;\">[related_posts limit=&#8221;3&#8243;]<\/p>\n","protected":false},"excerpt":{"rendered":"<p>O Brasil est\u00e1 uma zona&#8230; N\u00e3o que j\u00e1 n\u00e3o\u00a0fosse antes. J\u00e1 \u00e9 desde 1500 quando Pindorama foi invadida pelos\u00a0portugueses e em troca de espelhos\u00a0e pentesTour Details<\/p>\n","protected":false},"author":8,"featured_media":43919,"comment_status":"open","ping_status":"open","sticky":false,"template":"","format":"standard","meta":{"footnotes":""},"categories":[8],"tags":[655,854,1203],"class_list":["post-43917","post","type-post","status-publish","format-standard","has-post-thumbnail","hentry","category-orun-aye","tag-aecio-neves","tag-michel-temer","tag-sergio-moro"],"_links":{"self":[{"href":"http:\/\/www.pedromigao.com.br\/ourodetolo\/wp-json\/wp\/v2\/posts\/43917","targetHints":{"allow":["GET"]}}],"collection":[{"href":"http:\/\/www.pedromigao.com.br\/ourodetolo\/wp-json\/wp\/v2\/posts"}],"about":[{"href":"http:\/\/www.pedromigao.com.br\/ourodetolo\/wp-json\/wp\/v2\/types\/post"}],"author":[{"embeddable":true,"href":"http:\/\/www.pedromigao.com.br\/ourodetolo\/wp-json\/wp\/v2\/users\/8"}],"replies":[{"embeddable":true,"href":"http:\/\/www.pedromigao.com.br\/ourodetolo\/wp-json\/wp\/v2\/comments?post=43917"}],"version-history":[{"count":0,"href":"http:\/\/www.pedromigao.com.br\/ourodetolo\/wp-json\/wp\/v2\/posts\/43917\/revisions"}],"wp:featuredmedia":[{"embeddable":true,"href":"http:\/\/www.pedromigao.com.br\/ourodetolo\/wp-json\/wp\/v2\/media\/43919"}],"wp:attachment":[{"href":"http:\/\/www.pedromigao.com.br\/ourodetolo\/wp-json\/wp\/v2\/media?parent=43917"}],"wp:term":[{"taxonomy":"category","embeddable":true,"href":"http:\/\/www.pedromigao.com.br\/ourodetolo\/wp-json\/wp\/v2\/categories?post=43917"},{"taxonomy":"post_tag","embeddable":true,"href":"http:\/\/www.pedromigao.com.br\/ourodetolo\/wp-json\/wp\/v2\/tags?post=43917"}],"curies":[{"name":"wp","href":"https:\/\/api.w.org\/{rel}","templated":true}]}}