{"id":43914,"date":"2016-12-09T09:43:26","date_gmt":"2016-12-09T11:43:26","guid":{"rendered":"http:\/\/www.pedromigao.com.br\/ourodetolo\/?p=43914"},"modified":"2016-12-09T09:43:26","modified_gmt":"2016-12-09T11:43:26","slug":"luan-weber-o-furacao-do-montes-claros-na-superliga-masculina","status":"publish","type":"post","link":"http:\/\/www.pedromigao.com.br\/ourodetolo\/2016\/12\/luan-weber-o-furacao-do-montes-claros-na-superliga-masculina\/","title":{"rendered":"Luan Weber: o furac\u00e3o do Montes Claros na Superliga Masculina"},"content":{"rendered":"<p style=\"text-align: justify;\">No final de outubro come\u00e7ou mais uma Superliga Masculina de v\u00f4lei, com 12 equipes. Nesse ano, os times s\u00e3o: Sada Cruzeiro, Brasil Kirin, Funvic Taubat\u00e9, SESI \u2013 SP, Montes Claros V\u00f4lei, Bento V\u00f4lei, Lebes \/ Canoas, Minas T\u00eanis Clube, Copel Telecom Maring\u00e1, JF V\u00f4lei, S\u00e3o Bernardo V\u00f4lei e Caramuru Castro.<\/p>\n<p style=\"text-align: justify;\">O Sada Cruzeiro \u00e9 o atual campe\u00e3o da Superliga e do Mundial de Clubes, sendo o favorito para ganhar a competi\u00e7\u00e3o pela quinta vez nessa temporada.<\/p>\n<p style=\"text-align: justify;\">Por outro lado, existem outros favoritos ao t\u00edtulo. Um deles \u00e9 a equipe do SESI-SP, que ganhou os refor\u00e7os dos campe\u00f5es ol\u00edmpicos Bruninho e Luc\u00e3o, e do central Riad, unindo-se a Douglas Souza, Murilo, Theo, Sid\u00e3o (este se recuperando de uma cirurgia no ombro) e Serginho, todos com passagens na sele\u00e7\u00e3o brasileira.<\/p>\n<p style=\"text-align: justify;\">Outro time que buscou se refor\u00e7ar esse ano foi o Funvic Taubat\u00e9, com as contrata\u00e7\u00f5es dos campe\u00f5es ol\u00edmpicos Wallace e \u00c9der, e dos experientes Lucas L\u00f3h e Mario Jr., que se juntaram aos j\u00e1 conhecidos Lucarelli (tamb\u00e9m campe\u00e3o ol\u00edmpico) e Raphael.<\/p>\n<p style=\"text-align: justify;\"><a href=\"http:\/\/www.pedromigao.com.br\/ourodetolo\/wp-content\/uploads\/2016\/12\/Montes_Claros_IMG_3980.jpg\"><img loading=\"lazy\" decoding=\"async\" class=\"wp-image-43909 size-medium alignright\" src=\"http:\/\/www.pedromigao.com.br\/ourodetolo\/wp-content\/uploads\/2016\/12\/Montes_Claros_IMG_3980-e1481283760183-200x300.jpg\" alt=\"montes_claros_img_3980\" width=\"200\" height=\"300\" srcset=\"http:\/\/www.pedromigao.com.br\/ourodetolo\/wp-content\/uploads\/2016\/12\/Montes_Claros_IMG_3980-e1481283760183-200x300.jpg 200w, http:\/\/www.pedromigao.com.br\/ourodetolo\/wp-content\/uploads\/2016\/12\/Montes_Claros_IMG_3980-e1481283760183-768x1152.jpg 768w, http:\/\/www.pedromigao.com.br\/ourodetolo\/wp-content\/uploads\/2016\/12\/Montes_Claros_IMG_3980-e1481283760183-227x340.jpg 227w\" sizes=\"auto, (max-width: 200px) 100vw, 200px\" \/><\/a>Por fim, o Brasil Kirin, segundo colocado na temporada anterior, tamb\u00e9m est\u00e1 na briga, tendo como refor\u00e7o de peso o oposto Rivaldo, e a manuten\u00e7\u00e3o dos jogadores da sele\u00e7\u00e3o brasileira Tiago Brendle e Maur\u00edcio Souza (campe\u00e3o ol\u00edmpico).<\/p>\n<p style=\"text-align: justify;\">No entanto, vale destacar tamb\u00e9m a quinta coloca\u00e7\u00e3o do JF V\u00f4lei, que tem como principal destaque o oposto Renan, de 2m17, que estava jogando na It\u00e1lia.<\/p>\n<p style=\"text-align: justify;\">Com o fim da oitava rodada (s\u00f3 falta um jogo, que foi adiado, entre SESI- SP e Brasil Kirin), os quatro favoritos seguem nas quatro primeiras posi\u00e7\u00f5es. Nada diferente do que se era esperado, mas a atual classifica\u00e7\u00e3o esconde uma grande surpresa nesse campeonato: o time de Montes Claros. A equipe mineira possui uma das maiores torcidas da Superliga e vem surpreendendo a todos.<\/p>\n<p style=\"text-align: justify;\">Evoluindo nos \u00faltimos anos, tendo voltado para a Superliga A na temporada 2013\/2014, a equipe conseguiu uma quinta coloca\u00e7\u00e3o na \u00faltima temporada, tendo vencido ao menos uma vez todos os 11 advers\u00e1rios, algo que somente o campe\u00e3o SADA Cruzeiro conseguiu.<\/p>\n<p style=\"text-align: justify;\"><a href=\"http:\/\/www.pedromigao.com.br\/ourodetolo\/wp-content\/uploads\/2016\/12\/Montes-Claros-hnnhnh.jpg\"><img loading=\"lazy\" decoding=\"async\" class=\"alignleft size-medium wp-image-43913\" src=\"http:\/\/www.pedromigao.com.br\/ourodetolo\/wp-content\/uploads\/2016\/12\/Montes-Claros-hnnhnh-300x200.jpg\" alt=\"montes-claros-hnnhnh\" width=\"300\" height=\"200\" srcset=\"http:\/\/www.pedromigao.com.br\/ourodetolo\/wp-content\/uploads\/2016\/12\/Montes-Claros-hnnhnh-300x200.jpg 300w, http:\/\/www.pedromigao.com.br\/ourodetolo\/wp-content\/uploads\/2016\/12\/Montes-Claros-hnnhnh-768x512.jpg 768w, http:\/\/www.pedromigao.com.br\/ourodetolo\/wp-content\/uploads\/2016\/12\/Montes-Claros-hnnhnh-510x340.jpg 510w, http:\/\/www.pedromigao.com.br\/ourodetolo\/wp-content\/uploads\/2016\/12\/Montes-Claros-hnnhnh.jpg 800w\" sizes=\"auto, (max-width: 300px) 100vw, 300px\" \/><\/a>Para a atual temporada, o time manteve os \u201cpratas da casa\u201d Salsa e Gian, e contratou, entre outros, Luan Weber, Murilo Radke, Robinho e Jonatas. A equipe, que n\u00e3o teve um bom come\u00e7o, perdendo na segunda rodada para o Bento V\u00f4lei, vem apresentando uma grande evolu\u00e7\u00e3o e muito entrosamento.<\/p>\n<p style=\"text-align: justify;\">Desde ent\u00e3o, o Montes Claros bateu os favoritos Funvic Taubat\u00e9 e Brasil Kirin e perdeu apenas para o SESI-SP e o atual campe\u00e3o SADA Cruzeiro, dando muito trabalho a essas duas equipes nos jogos disputados.<\/p>\n<p style=\"text-align: justify;\">Apesar de contar com um or\u00e7amento mais limitado que os quatro favoritos, o Montes Claros soube fazer \u00f3timas contrata\u00e7\u00f5es e inclusive conseguiu ficar em 4\u00ba lugar ao fim da s\u00e9tima rodada. Apesar da coletividade do time ser um dos destaques, o principal nome da equipe tem sido Luan Weber. Com 2m03 de altura, o jogador que atuou no Maring\u00e1 na \u00faltima temporada, vem sendo o grande pontuador da equipe, com 136 pontos. Terceiro maior pontuador da Superliga at\u00e9 o momento, atr\u00e1s apenas do campe\u00e3o ol\u00edmpico Wallace e do experiente Renan, o jovem oposto vem sendo decisivo em todos os jogos, chamando para si a responsabilidade nas viradas de bola e encarando todos os bloqueios.<\/p>\n<p style=\"text-align: justify;\"><a href=\"http:\/\/www.pedromigao.com.br\/ourodetolo\/wp-content\/uploads\/2016\/12\/Montes-Claros_IMG_3970.jpg\"><img loading=\"lazy\" decoding=\"async\" class=\"alignright wp-image-43911 size-medium\" src=\"http:\/\/www.pedromigao.com.br\/ourodetolo\/wp-content\/uploads\/2016\/12\/Montes-Claros_IMG_3970-e1481283653188-200x300.jpg\" alt=\"montes-claros_img_3970\" width=\"200\" height=\"300\" srcset=\"http:\/\/www.pedromigao.com.br\/ourodetolo\/wp-content\/uploads\/2016\/12\/Montes-Claros_IMG_3970-e1481283653188-200x300.jpg 200w, http:\/\/www.pedromigao.com.br\/ourodetolo\/wp-content\/uploads\/2016\/12\/Montes-Claros_IMG_3970-e1481283653188-768x1152.jpg 768w, http:\/\/www.pedromigao.com.br\/ourodetolo\/wp-content\/uploads\/2016\/12\/Montes-Claros_IMG_3970-e1481283653188-227x340.jpg 227w\" sizes=\"auto, (max-width: 200px) 100vw, 200px\" \/><\/a>Por todo esse destaque, surgiu a ideia de fazer uma entrevista com o Luan Weber, que foi prontamente atendida pela excelente assessoria de imprensa do Montes Claros. Como n\u00e3o p\u00f4de ser feita pessoalmente, o Luan respondeu em texto as perguntas do blog. Confira a seguir essa entrevista com o principal destaque da equipe de Montes Claros nessa temporada:<\/p>\n<p style=\"text-align: justify;\"><strong>OT: Luan, atualmente voc\u00ea \u00e9 o terceiro maior pontuador da Superliga. Como voc\u00ea encara essa responsabilidade nas viradas de bola do time e quais os fundamentos que voc\u00ea ainda precisa evoluir?<\/strong><\/p>\n<p style=\"text-align: justify;\">Luan Weber: \u00c9 meu papel receber um maior n\u00famero de bolas, e ter a possibilidade e felicidade de fazer muitos pontos, e com felicidade venho cumprindo meu papel! Sei da import\u00e2ncia disso e espero continuar fazendo bem o meu papel! Nosso time tem que continuar evoluindo no saque e na defesa, pois com certeza \u00e9 uma das nossas melhores qualidades!<\/p>\n<p style=\"text-align: justify;\"><strong>OT: Devido a essas boas atua\u00e7\u00f5es, voc\u00ea tem expectativa de ser convocado pela sele\u00e7\u00e3o brasileira principal no ano que vem?<\/strong><\/p>\n<p style=\"text-align: justify;\">Luan Weber: Pretendo continuar fazendo bem o meu papel dentro do clube, almejando a evolu\u00e7\u00e3o e, claro: se vier futuramente uma convoca\u00e7\u00e3o ser\u00e1 consequ\u00eancia do trabalho desenvolvido durante a temporada!<\/p>\n<p style=\"text-align: justify;\"><strong>OT: O time vem evoluindo desde o in\u00edcio do campeonato, vindo de duas vit\u00f3rias, contra os favoritos FUNVIC Taubat\u00e9 e Brasil Kirin. Quais s\u00e3o os principais destaques para voc\u00ea dessa campanha do time de Montes Claros?<\/strong><\/p>\n<p style=\"text-align: justify;\">Luan Weber: Sab\u00edamos das dificuldades de enfrentar duas equipes favoritas ao t\u00edtulo, mas nosso trabalho \u00e9 entrar em quadra para vencer. Fizemos bem o nosso papel \u00e9 mostramos que se o time joga junto, os resultados aparecem! Acho que em pr\u00e9- temporada, ainda n\u00e3o hav\u00edamos nos encontrado em quadra, agora as coisas come\u00e7am a fluir naturalmente para esses resultados se concretizarem! Montes Claros segue focado pensando na classifica\u00e7\u00e3o entre os 8 melhores da competi\u00e7\u00e3o !<\/p>\n<p style=\"text-align: justify;\"><strong><a href=\"http:\/\/www.pedromigao.com.br\/ourodetolo\/wp-content\/uploads\/2016\/12\/Montes_Claros_IMG_4007.jpg\"><img loading=\"lazy\" decoding=\"async\" class=\"alignleft wp-image-43908 size-medium\" src=\"http:\/\/www.pedromigao.com.br\/ourodetolo\/wp-content\/uploads\/2016\/12\/Montes_Claros_IMG_4007-e1481283715707-200x300.jpg\" alt=\"montes_claros_img_4007\" width=\"200\" height=\"300\" srcset=\"http:\/\/www.pedromigao.com.br\/ourodetolo\/wp-content\/uploads\/2016\/12\/Montes_Claros_IMG_4007-e1481283715707-200x300.jpg 200w, http:\/\/www.pedromigao.com.br\/ourodetolo\/wp-content\/uploads\/2016\/12\/Montes_Claros_IMG_4007-e1481283715707-768x1152.jpg 768w, http:\/\/www.pedromigao.com.br\/ourodetolo\/wp-content\/uploads\/2016\/12\/Montes_Claros_IMG_4007-e1481283715707-227x340.jpg 227w\" sizes=\"auto, (max-width: 200px) 100vw, 200px\" \/><\/a>OT: Voc\u00ea \u00e9 natural de Chapec\u00f3, cidade que est\u00e1 de luto ap\u00f3s a trag\u00e9dia da Chapecoense. Al\u00e9m disso, \u00e9 atleta e devia ter conhecidos que estavam trabalhando para o time. Qual foi o impacto da trag\u00e9dia para voc\u00ea?<\/strong><\/p>\n<p style=\"text-align: justify;\">Luan Weber: Dif\u00edcil acreditar o que aconteceu. Uma trag\u00e9dia lament\u00e1vel! No meio do esporte acabamos \u00e0s vezes conhecendo os jogadores e sim, alguns jornalistas, que desde garoto faziam mat\u00e9rias comigo, que acabaram perdendo a vida!<\/p>\n<p style=\"text-align: justify;\">Um deles acabou sobrevivendo (Rafael Henzel) e est\u00e1 se recuperando! Espero que Deus conforte as fam\u00edlias, e que a cidade se recupere de tamanha perda!<\/p>\n<p style=\"text-align: justify;\"><strong>Imagens: Fredson Souza\/Assessoria Montes Claros<\/strong><\/p>\n<p style=\"text-align: justify;\">[related_posts limit=&#8221;3&#8243;]<\/p>\n","protected":false},"excerpt":{"rendered":"<p>No final de outubro come\u00e7ou mais uma Superliga Masculina de v\u00f4lei, com 12 equipes. Nesse ano, os times s\u00e3o: Sada Cruzeiro, Brasil Kirin, Funvic Taubat\u00e9,Tour Details<\/p>\n","protected":false},"author":48,"featured_media":43912,"comment_status":"open","ping_status":"open","sticky":false,"template":"","format":"standard","meta":{"footnotes":""},"categories":[1197],"tags":[41,106,614],"class_list":["post-43914","post","type-post","status-publish","format-standard","has-post-thumbnail","hentry","category-golden-set","tag-esporte","tag-jogo-misto","tag-volei"],"_links":{"self":[{"href":"http:\/\/www.pedromigao.com.br\/ourodetolo\/wp-json\/wp\/v2\/posts\/43914","targetHints":{"allow":["GET"]}}],"collection":[{"href":"http:\/\/www.pedromigao.com.br\/ourodetolo\/wp-json\/wp\/v2\/posts"}],"about":[{"href":"http:\/\/www.pedromigao.com.br\/ourodetolo\/wp-json\/wp\/v2\/types\/post"}],"author":[{"embeddable":true,"href":"http:\/\/www.pedromigao.com.br\/ourodetolo\/wp-json\/wp\/v2\/users\/48"}],"replies":[{"embeddable":true,"href":"http:\/\/www.pedromigao.com.br\/ourodetolo\/wp-json\/wp\/v2\/comments?post=43914"}],"version-history":[{"count":0,"href":"http:\/\/www.pedromigao.com.br\/ourodetolo\/wp-json\/wp\/v2\/posts\/43914\/revisions"}],"wp:featuredmedia":[{"embeddable":true,"href":"http:\/\/www.pedromigao.com.br\/ourodetolo\/wp-json\/wp\/v2\/media\/43912"}],"wp:attachment":[{"href":"http:\/\/www.pedromigao.com.br\/ourodetolo\/wp-json\/wp\/v2\/media?parent=43914"}],"wp:term":[{"taxonomy":"category","embeddable":true,"href":"http:\/\/www.pedromigao.com.br\/ourodetolo\/wp-json\/wp\/v2\/categories?post=43914"},{"taxonomy":"post_tag","embeddable":true,"href":"http:\/\/www.pedromigao.com.br\/ourodetolo\/wp-json\/wp\/v2\/tags?post=43914"}],"curies":[{"name":"wp","href":"https:\/\/api.w.org\/{rel}","templated":true}]}}