{"id":43807,"date":"2016-12-03T09:08:21","date_gmt":"2016-12-03T11:08:21","guid":{"rendered":"http:\/\/www.pedromigao.com.br\/ourodetolo\/?p=43807"},"modified":"2016-12-02T11:13:15","modified_gmt":"2016-12-02T13:13:15","slug":"gracias-colombia","status":"publish","type":"post","link":"http:\/\/www.pedromigao.com.br\/ourodetolo\/2016\/12\/gracias-colombia\/","title":{"rendered":"Gracias, Col\u00f4mbia"},"content":{"rendered":"<p style=\"text-align: justify;\">Estamos todos ainda estarrecidos, sob forte impacto do\u00a0acontecido.<\/p>\n<p style=\"text-align: justify;\">Escrevo essa coluna na madrugada de quarta para quinta.\u00a0J\u00e1 escrevi sobre a Chapecoense em meu blog e postei v\u00eddeo aqui tamb\u00e9m sobre o time, queria ent\u00e3o falar do outro lado da moeda.<\/p>\n<p style=\"text-align: justify;\">Do Nacional de Medell\u00edn.<\/p>\n<p style=\"text-align: justify;\">Faz poucas horas que foi escrita a p\u00e1gina mais comovente da hist\u00f3ria do futebol e n\u00e3o h\u00e1 exagero nenhum nisso que eu digo. A homenagem que o Nacional, sua torcida e toda a Col\u00f4mbia fizeram a um clube que provavelmente nunca tinham ouvido falar at\u00e9\u00a0o confronto da Chape com o Junior Barranquilla nos desconcerta e faz pensar n\u00e3o\u00a0s\u00f3 no futebol como na vida em geral.<\/p>\n<p style=\"text-align: justify;\">Tenho essa coluna de esportes, mais voltada ao futebol, h\u00e1 quase um ano aqui no blog e muitas hist\u00f3rias foram contadas, hist\u00f3rias diretamente\u00a0relacionadas a futebol, mas que se confundem com a pr\u00f3pria vida. Semana passada escrevi aqui sobre Vasco, Inter e seus dramas esportivos.\u00a0Pois\u00a0\u00e9, n\u00e3o temos nem no\u00e7\u00e3o de quantas pessoas tiveram seu dia\u00a0a dia afetados por esses dramas, quantos vasca\u00ednos n\u00e3o ficaram sem dormir\u00a0e quantos colorados n\u00e3o est\u00e3o agora tendo suas vidas alteradas porque seu time de futebol pode cair pra segunda divis\u00e3o. Dizem e eu mesmo repeti isso algumas vezes que futebol \u00e9 a coisa mais importante entre as coisas menos\u00a0importantes e percebi nessa\u00a0\u00faltima noite que estava completamente enganado.<\/p>\n<p style=\"text-align: justify;\">O povo\u00a0colombiano mostrou a todos n\u00f3s que futebol \u00e9\u00a0importante pra cacete.\u00a0Que assim como nosso lado pessimista diz que o futebol \u00e9 um reflexo da sociedade e que tudo de ruim que ocorre nele hoje como o \u00f3dio, a intoler\u00e2ncia,\u00a0a homofobia e o racismo s\u00e3o um reflexo\u00a0de\u00a0como a sociedade \u00e9 podemos tentar ver essa simbiose entre futebol e a vida de uma forma positiva.<\/p>\n<p style=\"text-align: justify;\">J\u00e1 que amamos tanto o futebol e ele \u00e9 t\u00e3o importante por qu\u00ea n\u00e3o podemos agir como\u00a0os\u00a0colombianos?\u00a0Nem \u00e9\u00a0preciso muito para isso, s\u00f3 nos permitirmos ser humanos. Nos desarmarmos\u00a0de tanto \u00f3dio, rancor, m\u00e1goa e preconceitos e nos permitirmos ser mais solid\u00e1rios, amar mais. Evidente que n\u00e3o viraremos Jesus Cristo de uma hora\u00a0para a outra, somos humanos e continuaremos com nossos \u00f3dios,\u00a0m\u00e1goas e rancores,\u00a0mas\u00a0vamos tentar contrabalan\u00e7ar mais, vamos nos permitir.<\/p>\n<p style=\"text-align: justify;\">Temos muito\u00a0a aprender com os colombianos.\u00a0N\u00f3s que somos t\u00e3o\u00a0soberbos e desgarrados de nossos irm\u00e3os\u00a0de Am\u00e9rica do Sul tomamos um tapa na cara em forma de afeto e compaix\u00e3o. Me senti pequenininho vendo as homenagens da torcida do Nacional, de todo povo\u00a0colombiano\u00a0pensando em quantas vezes n\u00e3o desprezamos nossos irm\u00e3os de Am\u00e9rica do Sul, quantas vezes n\u00e3o gritamos bicha pro\u00a0goleiro advers\u00e1rio quando ele bateu tiro de meta, cantamos m\u00fasicas ironizando mortes de jogadores advers\u00e1rios e torcidas,\u00a0quantas vezes n\u00e3o deixamos\u00a0o time advers\u00e1rio\u00a0dormir soltado fogos na porta de seus hot\u00e9is.\u00a0Fazemos todas essas idiotices, essa selvageria e ainda teimamos em falar de outros povos, outros times da Am\u00e9rica do Sul lhes tratando como\u00a0selvagens e trogloditas a cada Libertadores.<\/p>\n<p style=\"text-align: justify;\">O Nacional, de uma cidade que tanto j\u00e1 ironizamos a associando ao tr\u00e1fico de drogas, nos deu uma li\u00e7\u00e3o esportiva e de humanidade. Um grande clube n\u00e3o\u00a0s\u00f3\u00a0dentro\u00a0de campo, j\u00e1 que venceu tudo esse ano e est\u00e1\u00a0prestes a disputar o Mundial contra o poderoso Real Madrid, como fora.\u00a0Hoje o Nacional \u00e9 o\u00a0maior clube do mundo e de maior torcida. Do acidente que matou 71 e deixou 200 milh\u00f5es de feridos, o amor ao\u00a0pr\u00f3ximo sobreviveu.<\/p>\n<p style=\"text-align: justify;\">Ficamos d\u00e9cadas dizendo que time grande n\u00e3o cai.\u00a0T\u00e1\u00a0errado. Time grande nos levanta e o Nacional nos levantou do ch\u00e3o, botou um sorriso em\u00a0nossos rostos cheios de l\u00e1grimas\u00a0e nos fez ter esperan\u00e7as\u00a0em um novo tempo.\u00a0O Nacional \u00e9 enorme. A Col\u00f4mbia \u00e9 gigante.<\/p>\n<p style=\"text-align: justify;\">Gracias, Col\u00f4mbia.<\/p>\n<p style=\"text-align: justify;\">Facebook &#8211; Aloisio Villar<\/p>\n<p style=\"text-align: justify;\">Twitter &#8211; @aloisiovillar<\/p>\n","protected":false},"excerpt":{"rendered":"<p>Estamos todos ainda estarrecidos, sob forte impacto do\u00a0acontecido. Escrevo essa coluna na madrugada de quarta para quinta.\u00a0J\u00e1 escrevi sobre a Chapecoense em meu blog eTour Details<\/p>\n","protected":false},"author":8,"featured_media":43808,"comment_status":"open","ping_status":"open","sticky":false,"template":"","format":"standard","meta":{"footnotes":""},"categories":[806],"tags":[1201,985],"class_list":["post-43807","post","type-post","status-publish","format-standard","has-post-thumbnail","hentry","category-jogando-nas-onze","tag-chapecoense","tag-futebol-brasileiro"],"_links":{"self":[{"href":"http:\/\/www.pedromigao.com.br\/ourodetolo\/wp-json\/wp\/v2\/posts\/43807","targetHints":{"allow":["GET"]}}],"collection":[{"href":"http:\/\/www.pedromigao.com.br\/ourodetolo\/wp-json\/wp\/v2\/posts"}],"about":[{"href":"http:\/\/www.pedromigao.com.br\/ourodetolo\/wp-json\/wp\/v2\/types\/post"}],"author":[{"embeddable":true,"href":"http:\/\/www.pedromigao.com.br\/ourodetolo\/wp-json\/wp\/v2\/users\/8"}],"replies":[{"embeddable":true,"href":"http:\/\/www.pedromigao.com.br\/ourodetolo\/wp-json\/wp\/v2\/comments?post=43807"}],"version-history":[{"count":0,"href":"http:\/\/www.pedromigao.com.br\/ourodetolo\/wp-json\/wp\/v2\/posts\/43807\/revisions"}],"wp:featuredmedia":[{"embeddable":true,"href":"http:\/\/www.pedromigao.com.br\/ourodetolo\/wp-json\/wp\/v2\/media\/43808"}],"wp:attachment":[{"href":"http:\/\/www.pedromigao.com.br\/ourodetolo\/wp-json\/wp\/v2\/media?parent=43807"}],"wp:term":[{"taxonomy":"category","embeddable":true,"href":"http:\/\/www.pedromigao.com.br\/ourodetolo\/wp-json\/wp\/v2\/categories?post=43807"},{"taxonomy":"post_tag","embeddable":true,"href":"http:\/\/www.pedromigao.com.br\/ourodetolo\/wp-json\/wp\/v2\/tags?post=43807"}],"curies":[{"name":"wp","href":"https:\/\/api.w.org\/{rel}","templated":true}]}}