{"id":43674,"date":"2016-11-18T08:23:42","date_gmt":"2016-11-18T10:23:42","guid":{"rendered":"http:\/\/www.pedromigao.com.br\/ourodetolo\/?p=43674"},"modified":"2016-11-17T13:27:51","modified_gmt":"2016-11-17T15:27:51","slug":"novembro-azul-as-causas-do-cancer-de-prostata","status":"publish","type":"post","link":"http:\/\/www.pedromigao.com.br\/ourodetolo\/2016\/11\/novembro-azul-as-causas-do-cancer-de-prostata\/","title":{"rendered":"Novembro Azul: As causas do c\u00e2ncer de pr\u00f3stata"},"content":{"rendered":"<p style=\"text-align: justify;\">\u00c9 com muita tristeza que inicio esse texto afirmando para voc\u00eas uma suspeita que eu j\u00e1 tinha levantado no texto anterior: infelizmente, a Campanha do Novembro Azul ainda n\u00e3o \u00e9 t\u00e3o forte quanto a do Outubro Rosa. N\u00e3o se v\u00ea por a\u00ed (pelo menos eu n\u00e3o vi) muitos hospitais enfeitados com bal\u00f5es, fazendo campanhas, etc. N\u00e3o sei ainda o motivo, talvez por ser algo relativamente novo, mas \u00e9 urgente que essa realidade mude, j\u00e1 que, ao contr\u00e1rio das mulheres, muitos homens ainda se recusam a fazer o exame que previne este tipo de neoplasia.<\/p>\n<p style=\"text-align: justify;\">N\u00e3o tivemos texto semana passada porque eu estava me preparando para viajar e participar de um congresso de oncologia, no Rio. E, vejam voc\u00eas, estamos em novembro e o que tivemos l\u00e1 foram v\u00e1rias mulheres alertando sobre o c\u00e2ncer de mama e nenhuma programa\u00e7\u00e3o especial voltada ao c\u00e2ncer de pr\u00f3stata, que foi tema de v\u00e1rias palestras, mas n\u00e3o no sentido de orientar os m\u00e9dicos a como conduzir seus pacientes a realizarem o exame de toque.<\/p>\n<p style=\"text-align: justify;\">Assim como os demais tipos de c\u00e2ncer, o c\u00e2ncer de pr\u00f3stata depende de diversos fatores gen\u00e9ticos e ambientais. Ter algu\u00e9m na fam\u00edlia que j\u00e1 foi acometido pela doen\u00e7a \u00e9 motivo de alerta para os homens, j\u00e1 que este precedente pode dobrar o risco de desenvolvimento da doen\u00e7a. A predisposi\u00e7\u00e3o e hereditariedade ocupam lugares importantes dentre os fatores de risco, j\u00e1 que se parentes de primeiro grau forem diagnosticados com a doen\u00e7a com menos de 55 anos, o homem pode ser portador do c\u00e2ncer de pr\u00f3stata heredit\u00e1rio.<\/p>\n<p style=\"text-align: justify;\">Os demais fatores de risco envolvem a alimenta\u00e7\u00e3o, sedentarismo, obesidade, taxas de estrog\u00eanio, etnia, r\u00e9gio, dentre outros. Dietas ricas em gordura, carne vermelha e pobre em legumes e vegetais podem ser fundamentais para o desenvolvimento da doen\u00e7a. A dieta, se combinada com um estilo de vida sedent\u00e1rio, leva a obesidade e neste tipo de pacientes o c\u00e2ncer de pr\u00f3stata se mostra mais agressivo. Em rela\u00e7\u00e3o \u00e0 etnia, os negros apresentam maior risco de desenvolver a doen\u00e7a em rela\u00e7\u00e3o aos asi\u00e1ticos, por exemplo.<\/p>\n<p style=\"text-align: justify;\">Como j\u00e1 percebemos durante esses dois meses falando de c\u00e2ncer, os fatores de risco, ambientais e estilo de vida influenciam bastante no desenvolvimento da doen\u00e7a, portanto, o respons\u00e1vel maior por seu bem estar \u00e9 voc\u00ea. Na pr\u00f3xima coluna, falaremos do ponto mais delicado para muitos homens: o diagn\u00f3stico e o tratamento para a doen\u00e7a, fiquem atentos. Lembrem sempre: o exame n\u00e3o \u00e9 um teste de masculinidade, n\u00e3o o veja dessa forma, \u00e9 um bem que voc\u00ea faz a si e a sua fam\u00edlia, evitando que ela sofra junto com voc\u00ea no futuro.<\/p>\n<p style=\"text-align: justify;\">[related_posts limit=&#8221;3&#8243;]<\/p>\n","protected":false},"excerpt":{"rendered":"<p>\u00c9 com muita tristeza que inicio esse texto afirmando para voc\u00eas uma suspeita que eu j\u00e1 tinha levantado no texto anterior: infelizmente, a Campanha doTour Details<\/p>\n","protected":false},"author":45,"featured_media":43675,"comment_status":"open","ping_status":"open","sticky":false,"template":"","format":"standard","meta":{"footnotes":""},"categories":[1150],"tags":[1196,4],"class_list":["post-43674","post","type-post","status-publish","format-standard","has-post-thumbnail","hentry","category-setentrional","tag-cancer-de-prostata","tag-saude"],"_links":{"self":[{"href":"http:\/\/www.pedromigao.com.br\/ourodetolo\/wp-json\/wp\/v2\/posts\/43674","targetHints":{"allow":["GET"]}}],"collection":[{"href":"http:\/\/www.pedromigao.com.br\/ourodetolo\/wp-json\/wp\/v2\/posts"}],"about":[{"href":"http:\/\/www.pedromigao.com.br\/ourodetolo\/wp-json\/wp\/v2\/types\/post"}],"author":[{"embeddable":true,"href":"http:\/\/www.pedromigao.com.br\/ourodetolo\/wp-json\/wp\/v2\/users\/45"}],"replies":[{"embeddable":true,"href":"http:\/\/www.pedromigao.com.br\/ourodetolo\/wp-json\/wp\/v2\/comments?post=43674"}],"version-history":[{"count":0,"href":"http:\/\/www.pedromigao.com.br\/ourodetolo\/wp-json\/wp\/v2\/posts\/43674\/revisions"}],"wp:featuredmedia":[{"embeddable":true,"href":"http:\/\/www.pedromigao.com.br\/ourodetolo\/wp-json\/wp\/v2\/media\/43675"}],"wp:attachment":[{"href":"http:\/\/www.pedromigao.com.br\/ourodetolo\/wp-json\/wp\/v2\/media?parent=43674"}],"wp:term":[{"taxonomy":"category","embeddable":true,"href":"http:\/\/www.pedromigao.com.br\/ourodetolo\/wp-json\/wp\/v2\/categories?post=43674"},{"taxonomy":"post_tag","embeddable":true,"href":"http:\/\/www.pedromigao.com.br\/ourodetolo\/wp-json\/wp\/v2\/tags?post=43674"}],"curies":[{"name":"wp","href":"https:\/\/api.w.org\/{rel}","templated":true}]}}