{"id":43668,"date":"2016-11-28T13:21:17","date_gmt":"2016-11-28T15:21:17","guid":{"rendered":"http:\/\/www.pedromigao.com.br\/ourodetolo\/?p=43668"},"modified":"2016-11-28T15:11:23","modified_gmt":"2016-11-28T17:11:23","slug":"dissecando-o-flamengo-2016-parte-i","status":"publish","type":"post","link":"http:\/\/www.pedromigao.com.br\/ourodetolo\/2016\/11\/dissecando-o-flamengo-2016-parte-i\/","title":{"rendered":"Dissecando o Flamengo 2016 \u2013 Parte I"},"content":{"rendered":"<p style=\"text-align: justify;\">A tarefa de recontar um ano inteiro de um clube de futebol \u00e9 ingl\u00f3ria; de recontar o ano de um time do tamanho do Flamengo \u00e9 muito pior. Mesmo assim, assumi essa responsabilidade e resolvi escrever essa s\u00e9rie que falar\u00e1 sobre o ano de 2016 do time da maior torcida do pa\u00eds. A partir de agora, \u00e9 hora de dissecar o rubro-negro nesse per\u00edodo.<\/p>\n<p style=\"text-align: justify;\">Para explicar o Flamengo-2016 \u00e9 preciso voltar a 2015 e contextualizar tudo que viveu o clube no conturbado fim de Brasileir\u00e3o. A campanha de 2015 no principal campeonato do pa\u00eds foi uma decep\u00e7\u00e3o. \u00d3bvio, o time n\u00e3o era do mesmo n\u00edvel dos principais daquele torneio, mas a sensa\u00e7\u00e3o (verdadeira) era de que o elenco rendia muito menos do que podia por in\u00fameros motivos.<\/p>\n<p style=\"text-align: justify;\">As escolhas de treinadores foram terr\u00edveis e o planejamento de 2015 foi muito ruim, devido \u00e0 aposta no \u201cbom e barato\u201d no come\u00e7o do ano e o investimento tardio em pe\u00e7as interessantes j\u00e1 no meio da temporada. Junte tudo isso a uma torcida que j\u00e1 vinha extremamente impaciente por tudo que o clube vinha passando (tr\u00eas anos e \u201capenas\u201d um t\u00edtulo relevante) e uma estrutura f\u00edsica de CT deficit\u00e1ria que era alvo de chacotas de todos os lados, e vemos os motivos que culminaram no verdadeiro caldeir\u00e3o que era o Flamengo naquele per\u00edodo.<\/p>\n<p style=\"text-align: justify;\"><img loading=\"lazy\" decoding=\"async\" class=\"alignnone size-full wp-image-43759 alignleft\" src=\"http:\/\/www.pedromigao.com.br\/ourodetolo\/wp-content\/uploads\/2016\/11\/bondedastella1.jpg\" alt=\"bondedastella1\" width=\"300\" height=\"397\" srcset=\"http:\/\/www.pedromigao.com.br\/ourodetolo\/wp-content\/uploads\/2016\/11\/bondedastella1.jpg 300w, http:\/\/www.pedromigao.com.br\/ourodetolo\/wp-content\/uploads\/2016\/11\/bondedastella1-227x300.jpg 227w, http:\/\/www.pedromigao.com.br\/ourodetolo\/wp-content\/uploads\/2016\/11\/bondedastella1-257x340.jpg 257w\" sizes=\"auto, (max-width: 300px) 100vw, 300px\" \/>Al\u00e9m de todos os problemas do campo, o clube se vinha com problemas extra-campo. Em agosto, surgiu na imprensa o caso denominado \u201cBonde da Stella\u201d envolvendo cinco jogadores do time flagrados numa noitada ap\u00f3s mais uma das 19 derrotas do time no campeonato. O quinteto Par\u00e1, Everton, Alan Patrick, Paulinho e Marcelo Cirino foi duramente criticado ap\u00f3s o flagra. Muitos torcedores nas redes sociais pediam desde o afastamento do grupo at\u00e9 a sua demiss\u00e3o por justa causa. Al\u00e9m dos (muitos) problemas na parte de futebol, a administra\u00e7\u00e3o do clube se via em xeque.<\/p>\n<p style=\"text-align: justify;\">O rubro-negro vivia um per\u00edodo eleitoral que determinaria a administra\u00e7\u00e3o nos pr\u00f3ximos tr\u00eas anos com a elei\u00e7\u00e3o do novo presidente. Apesar de todos os problemas do ano e das mais variadas cr\u00edticas \u00e0 gest\u00e3o, a reelei\u00e7\u00e3o de Eduardo Bandeira de Mello como presidente era um desejo da torcida, j\u00e1 que fora do campo ironicamente, o time ia muito bem. Com uma administra\u00e7\u00e3o p\u00e9 no ch\u00e3o, as not\u00edcias negativas de gest\u00e3o financeira do clube sumiram da m\u00eddia. Com isso, tamb\u00e9m desapareceram as piadas sobre atrasos salariais e derivados. S\u00f3 que paralelo ao desejo pela reelei\u00e7\u00e3o do presidente existia um desejo t\u00e3o grande ou at\u00e9 maior pela constru\u00e7\u00e3o de um time forte.<\/p>\n<p style=\"text-align: justify;\">O clube que passava \u2013 ainda passa \u2013 por uma intensa reestrutura\u00e7\u00e3o financeira tinha sua gest\u00e3o questionada justamente por teoricamente priorizar a parte financeira a esportiva por torcedores mais cr\u00edticos. Tudo isso pesava no ambiente e no planejamento do rubro-negro para o ano seguinte, afetando diretamente o que aconteceu ao longo deste ano. Ap\u00f3s tr\u00eas anos de pol\u00edtica de austeridade recuperando o financeiro do clube, era hora de o Flamengo finalmente investir para reconquistar o que era mais importante: o\u00a0seu pr\u00f3prio torcedor.<\/p>\n<p style=\"text-align: justify;\">Explicado o contexto, passamos a falar diretamente de 2016. A reelei\u00e7\u00e3o da gest\u00e3o aconteceu e, com ela, veio a\u00a0promessa de que o Rubro-Negro passaria a investir fortemente no carro-chefe do clube, ou seja, no futebol. Partindo deste ponto, o clube, ainda em 2015, anunciou acordo com o experiente treinador Muricy Ramalho, que vinha se recuperando de problemas de sa\u00fade que o deixaram por nove meses longe do futebol ao longo de 2015.<\/p>\n<p style=\"text-align: justify;\">A contrata\u00e7\u00e3o do treinador, que tinha uma carreira marcada por vit\u00f3rias e t\u00edtulos, mas especialmente por trabalho e comprometimento, era uma forma demonstrar ao torcedor que as coisas no 2016 rubro-negro seriam diferentes. Que o trabalho seria em busca de vit\u00f3rias, e o comprometimento com o time seria essencial. O elenco, que era duramente criticado pela torcida, foi bastante refor\u00e7ado na prepara\u00e7\u00e3o para a temporada.<\/p>\n<p style=\"text-align: justify;\">Ainda em 2015 foi anunciado o lateral-direito Rodinei, que custou 3,5 milh\u00f5es de reais vindo de excelente campeonato pela Ponte Preta.\u00a0Al\u00e9m dele, tamb\u00e9m chegaram o zagueiro Juan, de volta ao clube ap\u00f3s 13 anos, e o excelente volante Willian Ar\u00e3o, que chegava ap\u00f3s o fim de contrato com o Botafogo, al\u00e9m de acertos com o zagueiro Ant\u00f4nio Carlos, vindo do Ava\u00ed, e de Arthur Henrique, que veio do Am\u00e9rica de Natal.<\/p>\n<p style=\"text-align: justify;\"><img loading=\"lazy\" decoding=\"async\" class=\"wp-image-43760 size-medium alignleft\" src=\"http:\/\/www.pedromigao.com.br\/ourodetolo\/wp-content\/uploads\/2016\/11\/mancuello2016-300x180.jpg\" alt=\"mancuello2016\" width=\"300\" height=\"180\" srcset=\"http:\/\/www.pedromigao.com.br\/ourodetolo\/wp-content\/uploads\/2016\/11\/mancuello2016-300x180.jpg 300w, http:\/\/www.pedromigao.com.br\/ourodetolo\/wp-content\/uploads\/2016\/11\/mancuello2016-550x330.jpg 550w, http:\/\/www.pedromigao.com.br\/ourodetolo\/wp-content\/uploads\/2016\/11\/mancuello2016.jpg 699w\" sizes=\"auto, (max-width: 300px) 100vw, 300px\" \/>Na primeira semana de 2016, foi a\u00a0vez de Alex Muralha deixar o Figueirense rumo ao Flamengo pela bagatela de 2 milh\u00f5es de reais. Chiquinho, ap\u00f3s fim de contrato com o Santos, tamb\u00e9m chegou por empr\u00e9stimo junto ao Coimbra (clube-empresa). S\u00f3 que a principal contrata\u00e7\u00e3o da temporada s\u00f3 chegou dias depois. Ap\u00f3s longa novela, Federico Mancuello, de 27 anos, desembarcou no Ninho do Urubu ap\u00f3s o clube carioca pagar 12 milh\u00f5es de reais de maneira parcelada ao Independiente.<\/p>\n<p style=\"text-align: justify;\">No fim de janeiro, ap\u00f3s uma intensa e frustrada tratativa com o volante titular da sele\u00e7\u00e3o chilena Marcelo D\u00edaz, o Flamengo fechou a primeira leva de contrata\u00e7\u00f5es com a aquisi\u00e7\u00e3o de Gustavo Cu\u00e9llar, volante vindo do Deportivo Cali por 8 milh\u00f5es de reais. Tudo isso quase completava uma promessa do vice-presidente de futebol Fl\u00e1vio Godinho ainda no fim de novembro ap\u00f3s derrota por 3-0 para o Atl\u00e9tico Paranaense. Na fala, ele dizia que o rubro-negro faria \u201ccontrata\u00e7\u00f5es n\u00edvel A\u201d para as seguintes posi\u00e7\u00f5es: goleiro, lateral-direito, zagueiro, volante e meia.<\/p>\n<p style=\"text-align: justify;\">O que impediu a conclus\u00e3o da promessa foi a n\u00e3o aquisi\u00e7\u00e3o do zagueiro \u201cN\u00edvel A\u201d prometido. Mesmo com in\u00fameras tentativas pelos mais variados zagueiros, (Alejandro Donatti do Ros\u00e1rio Central &#8211; do qual falaremos mais em textos subsequentes -, Luciano Lollo do Racing, Henrique do Napoli, que acabou no Fluminense, Cl\u00e9ber do Hamburgo, Anderson Martins do Al-Jaish, Hern\u00e1n Menosse do Once Caldas, Victor Cuesta do Independiente foram alguns dos nomes tentados&#8230;) o clube n\u00e3o conseguiu encontrar a pe\u00e7a que desejava para iniciar a temporada.<\/p>\n<p style=\"text-align: justify;\">No entanto, as mudan\u00e7as n\u00e3o se limitavam ao time dentro de campo, ao mesmo tempo em que a comiss\u00e3o t\u00e9cnica trabalhava para melhorar o elenco, a gest\u00e3o buscava transformar a estrutura do clube para aumentar a efic\u00e1cia na prepara\u00e7\u00e3o do elenco. O Ninho do Urubu, antes alvo de chacotas, era intensamente reformado para se transformar num CT de primeira grandeza.<\/p>\n<p style=\"text-align: justify;\">A EXOS (empresa especializada em preven\u00e7\u00e3o de les\u00f5es) foi contratada para cuidar da parte f\u00edsica do elenco rubro-negro. A ideia da diretoria era que o elenco pudesse ter o m\u00e1ximo poss\u00edvel de qualidade para render o seu m\u00e1ximo dentro de campo. N\u00e3o deixa de ser sintom\u00e1tico, caso voltemos ao in\u00edcio desse texto onde v\u00edamos um time e torcida que tinham a n\u00edtida sensa\u00e7\u00e3o de n\u00e3o conseguir render seu m\u00e1ximo.<\/p>\n<p style=\"text-align: justify;\">Passada a prepara\u00e7\u00e3o e o processo de montagem do elenco, finalmente era hora de vermos como a vers\u00e3o do Flamengo 2016 se comportaria em campo, mas isso voc\u00ea ver\u00e1 na pr\u00f3xima parte do Dissecando o Flamengo-2016 que falar\u00e1 sobre os dois primeiros meses de temporada rubro-negra. Ate l\u00e1!<\/p>\n","protected":false},"excerpt":{"rendered":"<p>A tarefa de recontar um ano inteiro de um clube de futebol \u00e9 ingl\u00f3ria; de recontar o ano de um time do tamanho do FlamengoTour Details<\/p>\n","protected":false},"author":41,"featured_media":37350,"comment_status":"open","ping_status":"open","sticky":false,"template":"","format":"standard","meta":{"footnotes":""},"categories":[810],"tags":[1132,757,42,37,1195],"class_list":["post-43668","post","type-post","status-publish","format-standard","has-post-thumbnail","hentry","category-morada-imperial","tag-1132","tag-campeonato-brasileiro","tag-flamengo","tag-futebol","tag-rubro-negro"],"_links":{"self":[{"href":"http:\/\/www.pedromigao.com.br\/ourodetolo\/wp-json\/wp\/v2\/posts\/43668","targetHints":{"allow":["GET"]}}],"collection":[{"href":"http:\/\/www.pedromigao.com.br\/ourodetolo\/wp-json\/wp\/v2\/posts"}],"about":[{"href":"http:\/\/www.pedromigao.com.br\/ourodetolo\/wp-json\/wp\/v2\/types\/post"}],"author":[{"embeddable":true,"href":"http:\/\/www.pedromigao.com.br\/ourodetolo\/wp-json\/wp\/v2\/users\/41"}],"replies":[{"embeddable":true,"href":"http:\/\/www.pedromigao.com.br\/ourodetolo\/wp-json\/wp\/v2\/comments?post=43668"}],"version-history":[{"count":1,"href":"http:\/\/www.pedromigao.com.br\/ourodetolo\/wp-json\/wp\/v2\/posts\/43668\/revisions"}],"predecessor-version":[{"id":43762,"href":"http:\/\/www.pedromigao.com.br\/ourodetolo\/wp-json\/wp\/v2\/posts\/43668\/revisions\/43762"}],"wp:featuredmedia":[{"embeddable":true,"href":"http:\/\/www.pedromigao.com.br\/ourodetolo\/wp-json\/wp\/v2\/media\/37350"}],"wp:attachment":[{"href":"http:\/\/www.pedromigao.com.br\/ourodetolo\/wp-json\/wp\/v2\/media?parent=43668"}],"wp:term":[{"taxonomy":"category","embeddable":true,"href":"http:\/\/www.pedromigao.com.br\/ourodetolo\/wp-json\/wp\/v2\/categories?post=43668"},{"taxonomy":"post_tag","embeddable":true,"href":"http:\/\/www.pedromigao.com.br\/ourodetolo\/wp-json\/wp\/v2\/tags?post=43668"}],"curies":[{"name":"wp","href":"https:\/\/api.w.org\/{rel}","templated":true}]}}