{"id":43571,"date":"2016-11-09T06:27:04","date_gmt":"2016-11-09T08:27:04","guid":{"rendered":"http:\/\/www.pedromigao.com.br\/ourodetolo\/?p=43571"},"modified":"2016-11-07T10:36:32","modified_gmt":"2016-11-07T12:36:32","slug":"um-grupo-de-dificil-acesso","status":"publish","type":"post","link":"http:\/\/www.pedromigao.com.br\/ourodetolo\/2016\/11\/um-grupo-de-dificil-acesso\/","title":{"rendered":"Um grupo de dif\u00edcil Acesso&#8230;"},"content":{"rendered":"<p style=\"text-align: justify;\">Parece simpl\u00f3rio o t\u00edtulo, mas ele \u00e9 verdadeiro e expressa, ou melhor, desabafa um desejo de mudan\u00e7a sobre a maneira de explorar um produto hoje quase nulo aos olhos mais distantes, por\u00e9m com um bom potencial inacreditavelmente ignorado.<\/p>\n<p style=\"text-align: justify;\">Ao contr\u00e1rio do que sempre ocorreu e agora de maneira ainda melhor no Rio de Janeiro, em S\u00e3o Paulo o Grupo de Acesso \u00e9 muito pouco visto. N\u00e3o lota as arquibancadas do Anhembi e, o que \u00e9 pior, v\u00ea sua safra de sambas ano ap\u00f3s ano ca\u00edrem no esquecimento.<\/p>\n<p style=\"text-align: justify;\">Esses fatos a mim muito incomodam, pois n\u00e3o deveria ser assim. Tenho ci\u00eancia que dentre os dois principais grupos entre os carnavais carioca e paulista, este \u00e9 e sempre ser\u00e1 o quarto em rela\u00e7\u00e3o a investimento, qualidade, expectativa e participa\u00e7\u00e3o popular. Contudo, o problema \u00e9 o abismo que o separa dos demais e que basicamente o restringe a definir quem ser\u00e3o as escolas que sobem para a elite.<\/p>\n<p style=\"text-align: justify;\">Para come\u00e7ar a descrever o tamanho deste desperd\u00edcio basta perceber o quanto de tradi\u00e7\u00e3o que temos entre estas agremia\u00e7\u00f5es.<\/p>\n<p style=\"text-align: justify;\">Em 2017 a Camisa Verde e Branco, dona de nove conquistas do carnaval paulistano, ir\u00e1 reeditar o carnaval de 2003 sobre Jo\u00e3o C\u00e2ndido e a Revolta da Chibata, escolhido pela comunidade que votou entre os principais sambas da hist\u00f3ria do Trevo da Barra Funda.<\/p>\n<p>https:\/\/www.youtube.com\/watch?v=7rCoacuCcgk<\/p>\n<p style=\"text-align: justify;\">Em Itaquera o reencontro com o passado \u00e9 ainda mais emblem\u00e1tico, pois a Leandro nos brindar\u00e1 novamente com o enredo \u201cBabalotim \u2013 A hist\u00f3ria dos Afox\u00e9s\u201d, com um samba simplesmente espetacular na \u00e9poca interpretado por Eliana de Lima, que para muitos \u00e9 o melhor que j\u00e1 passou por este samb\u00f3dromo.<\/p>\n<p style=\"text-align: justify;\">As atra\u00e7\u00f5es n\u00e3o se remetem somente ao passado, afinal veremos o trabalho do carnavalesco Mauro Xuxa, atual vice campe\u00e3o do Grupo Especial, respons\u00e1vel por elevar o patamar da Acad\u00eamicos do Tatuap\u00e9 e de maneira bem curiosa preferiu retornar ao acesso e recome\u00e7ar um novo projeto na Imperador do Ipiranga.<\/p>\n<p style=\"text-align: justify;\">E o que falar da X9 Paulistana, considerada uma pot\u00eancia na d\u00e9cada passada e que promete vir renovada ap\u00f3s o tr\u00e1gico desfile de 2016; refor\u00e7ada de Darlan Alves, um dos principais int\u00e9rpretes da nossa festa.<\/p>\n<p style=\"text-align: justify;\">Como podem perceber ser\u00e1 um desfile agrad\u00e1vel e com momentos importantes para o carnaval, mas que pouqu\u00edssimas pessoas ir\u00e3o de fato acompanhar no dia e ouvir os sambas no CD. Tudo por culpa de um simples e problem\u00e1tico motivo.<\/p>\n<p><iframe loading=\"lazy\" title=\"Camisa Verde e Branco - Samba Enredo 2017 (Reedi\u00e7\u00e3o de 2003)\" width=\"525\" height=\"394\" src=\"https:\/\/www.youtube.com\/embed\/XogkKRIdk38?feature=oembed\" frameborder=\"0\" allow=\"accelerometer; autoplay; clipboard-write; encrypted-media; gyroscope; picture-in-picture; web-share\" referrerpolicy=\"strict-origin-when-cross-origin\" allowfullscreen><\/iframe><\/p>\n<p style=\"text-align: justify;\">Sabemos que as escolas do Especial se apresentam na sexta e no s\u00e1bado. Ent\u00e3o, sobra o domingo para o Acesso, justo o sagrado domingo, dia da abertura do principal espet\u00e1culo do segmento carnaval. Assim o desfile inevitavelmente fica escondido, pois n\u00e3o h\u00e1 como competir com o desfile que, no mesmo hor\u00e1rio, embeleza e atrai todos os olhares da folia para a Marqu\u00eas de Sapuca\u00ed.<\/p>\n<p style=\"text-align: justify;\">Pergunto ent\u00e3o, porque n\u00e3o evitarmos essa concorr\u00eancia invenc\u00edvel e mudar data do Grupo de Acesso? Imaginem comigo como seria se as mesmas escolas disputassem o t\u00edtulo no final de semana anterior ao feriado, como por exemplo acontece em Vit\u00f3ria.<\/p>\n<p style=\"text-align: justify;\">No \u00faltimo s\u00e1bado pr\u00e9-carnaval geralmente tem ensaio t\u00e9cnico, ou seja, o Anhembi j\u00e1 \u00e9 utilizado normalmente. A diferen\u00e7a \u00e9 que ter\u00edamos uma competi\u00e7\u00e3o com bandeiras pesadas, isso teria efeito de rem\u00e9dio para os f\u00e3s ansiosos pelo in\u00edcio das disputas e que jamais deixariam de acompanhar o Especial do Rio na noite de domingo.<\/p>\n<p>https:\/\/www.youtube.com\/watch?v=mm6HDWC2i8M<\/p>\n<p style=\"text-align: justify;\">E o CD ent\u00e3o? Tenho certeza absoluta que a medida que as pessoas comecem a acompanhar os desfiles se interessem pelos sambas, pois hoje em dia n\u00e3o como algu\u00e9m querer aprender e curtir as obras de um campeonato que se quer ser\u00e1 visto por ele.<\/p>\n<p style=\"text-align: justify;\">Esta medida, agregada de um pre\u00e7o popular no ingresso, certamente lotaria as arquibancadas do Anhembi e fatalmente atrairia uma emissora a transmitir ao vivo (lembre-se que a segunda divis\u00e3o de Vit\u00f3ria, na sexta antes do carnaval foi televisionada este ano). Com esse upgrade de visibilidade o evento seria atrativo para artistas, int\u00e9rpretes, compositores e at\u00e9 celebridades, que hoje n\u00e3o enxergam a festa como uma oportunidade nem como entretenimento.<\/p>\n<p style=\"text-align: justify;\">Hoje cair para o Acesso em S\u00e3o \u00e9 desaparecer do mapa do carnaval, enquanto vemos no Rio uma S\u00e9rie A cada vez mais consolidada, consagrando sambas e revelando profissionais de todas as \u00e1reas para as grandes escolas.<\/p>\n<p style=\"text-align: justify;\">Minha solu\u00e7\u00e3o para a mudan\u00e7a come\u00e7ar \u00e9 esta, esperam que nas\u00e7am mais ideias e, principalmente, que flores\u00e7a aos interessados o mesmo desejo de mudan\u00e7a que um amante do carnaval como eu possu\u00ed.<\/p>\n<p style=\"text-align: justify;\">[related_posts limit=&#8221;3&#8243;]<\/p>\n","protected":false},"excerpt":{"rendered":"<p>Parece simpl\u00f3rio o t\u00edtulo, mas ele \u00e9 verdadeiro e expressa, ou melhor, desabafa um desejo de mudan\u00e7a sobre a maneira de explorar um produto hojeTour Details<\/p>\n","protected":false},"author":47,"featured_media":28187,"comment_status":"open","ping_status":"open","sticky":false,"template":"","format":"standard","meta":{"footnotes":""},"categories":[1188],"tags":[18,1160,1167,19],"class_list":["post-43571","post","type-post","status-publish","format-standard","has-post-thumbnail","hentry","category-samba-na-garoa","tag-carnaval","tag-carnaval-2017","tag-carnaval-de-sao-paulo","tag-escolas-de-samba"],"_links":{"self":[{"href":"http:\/\/www.pedromigao.com.br\/ourodetolo\/wp-json\/wp\/v2\/posts\/43571","targetHints":{"allow":["GET"]}}],"collection":[{"href":"http:\/\/www.pedromigao.com.br\/ourodetolo\/wp-json\/wp\/v2\/posts"}],"about":[{"href":"http:\/\/www.pedromigao.com.br\/ourodetolo\/wp-json\/wp\/v2\/types\/post"}],"author":[{"embeddable":true,"href":"http:\/\/www.pedromigao.com.br\/ourodetolo\/wp-json\/wp\/v2\/users\/47"}],"replies":[{"embeddable":true,"href":"http:\/\/www.pedromigao.com.br\/ourodetolo\/wp-json\/wp\/v2\/comments?post=43571"}],"version-history":[{"count":0,"href":"http:\/\/www.pedromigao.com.br\/ourodetolo\/wp-json\/wp\/v2\/posts\/43571\/revisions"}],"wp:featuredmedia":[{"embeddable":true,"href":"http:\/\/www.pedromigao.com.br\/ourodetolo\/wp-json\/wp\/v2\/media\/28187"}],"wp:attachment":[{"href":"http:\/\/www.pedromigao.com.br\/ourodetolo\/wp-json\/wp\/v2\/media?parent=43571"}],"wp:term":[{"taxonomy":"category","embeddable":true,"href":"http:\/\/www.pedromigao.com.br\/ourodetolo\/wp-json\/wp\/v2\/categories?post=43571"},{"taxonomy":"post_tag","embeddable":true,"href":"http:\/\/www.pedromigao.com.br\/ourodetolo\/wp-json\/wp\/v2\/tags?post=43571"}],"curies":[{"name":"wp","href":"https:\/\/api.w.org\/{rel}","templated":true}]}}