{"id":43492,"date":"2016-10-29T09:04:39","date_gmt":"2016-10-29T11:04:39","guid":{"rendered":"http:\/\/www.pedromigao.com.br\/ourodetolo\/?p=43492"},"modified":"2016-10-28T22:06:19","modified_gmt":"2016-10-29T00:06:19","slug":"o-inimigo-mora-ao-lado","status":"publish","type":"post","link":"http:\/\/www.pedromigao.com.br\/ourodetolo\/2016\/10\/o-inimigo-mora-ao-lado\/","title":{"rendered":"O inimigo mora ao lado"},"content":{"rendered":"<p style=\"text-align: justify;\">Todo mundo j\u00e1 sabe o que ocorreu domingo passado no Maracan\u00e3. A confus\u00e3o entre parte da torcida do Corinthians e a PM, com espancamento de um policial, e o fato de a torcida ter ficado retida durante um tempo.<\/p>\n<p style=\"text-align: justify;\">A situa\u00e7\u00e3o provocou discuss\u00f5es acaloradas e ficou em mais evid\u00eancia do que o jogo e o gol em impedimento de Guerrero. Tentando deixar a paix\u00e3o e o clubismo de lado, coisa que quase todos fizeram, vamos tentar analisar o ocorrido.<\/p>\n<p style=\"text-align: justify;\">Em primeiro lugar, a torcida do Corinthians n\u00e3o \u00e9 composta de bandidos. \u00c9 e vidente que n\u00e3o, existem pessoas de bem l\u00e1 e s\u00e3o em grande maioria apaixonados por seu time que apenas querem apoiar. Sou amigo de v\u00e1rios corintianos, tive namoradas corintianas e imaginar que possa se pensar que s\u00f3 tem marginais na torcida do clube \u00e9 inadmiss\u00edvel, preconceituoso e babaca. No Maracan\u00e3, mesmo 95% pelo menos s\u00f3 queriam ver o jogo em paz.<\/p>\n<p style=\"text-align: justify;\">Segundo, bandidos existem\u00a0em todas as torcidas. O Flamengo mesmo, time que eu tor\u00e7o, teve uma grande confus\u00e3o em jogo seu de basquete no qual s\u00f3 tinha a torcida do clube. Por causa desses imbecis, o clube teve que abrir as finais do carioca de basquete sem torcida. Existem bandidos na torcida do Corinthians como existem na do Flamengo e em todas.<\/p>\n<p style=\"text-align: justify;\">Isto posto, vamos aos fatos. \u00c9 n\u00edtido nos \u00faltimos anos que a torcida que mais vem tendo problemas em est\u00e1dios \u00e9 a do Corinthians e, repetindo, 99% dos torcedores s\u00e3o pessoas de bem. Isso ocorre devido \u00e0\u00a0rela\u00e7\u00e3o que o clube tem com a torcida. Eles t\u00eam uma rela\u00e7\u00e3o hist\u00f3rica, citam com orgulho a invas\u00e3o de 1976, a invas\u00e3o no Mundial de 2012, dizem que n\u00e3o s\u00e3o\u00a0um clube que tem uma torcida e sim uma torcida que tem um clube e levam isso a s\u00e9rio.<\/p>\n<p style=\"text-align: justify;\">Parte da torcida do Corinthians escorra\u00e7ou Rivelino do clube em 1974, tamb\u00e9m escorra\u00e7ou Ed\u00edlson em 2000, dois \u00eddolos, mostrando que a rela\u00e7\u00e3o n\u00e3o \u00e9 f\u00e1cil.<\/p>\n<p style=\"text-align: justify;\">E piora na medida que o clube se torna ref\u00e9m dessa torcida. O Corinthians tem um dos planos de s\u00f3cio torcedor mais fortes do Brasil e muitos torcedores de organizadas compraram t\u00edtulos virando s\u00f3cios e tendo poder dentro do clube. Isso faz com que a dire\u00e7\u00e3o fique de m\u00e3os atadas e exista uma rela\u00e7\u00e3o viciada.<\/p>\n<p style=\"text-align: justify;\">Alguns torcedores mataram o menino Kevin |Espada na Bol\u00edvia em 2013 e quando o clube ganhou o t\u00edtulo paulista, o presidente dedicou o t\u00edtulos aos torcedores do time presos. Existiu na \u00e9poca a mesma como\u00e7\u00e3o que existe hoje com os presos do Maracan\u00e3, falavam que eram inocentes e estava ocorrendo uma arbitrariedade. Pois bem, os caras foram soltos e quase todos se envolveram em confus\u00f5es de novo com alguns at\u00e9 sendo mortos. Agora, o clube em vez de lamentar que torcedores teus tenham brigado, lan\u00e7a uma nota falando exclusivamente da a\u00e7\u00e3o policial do Rio mostrando ser aquele pai que passa a m\u00e3o na cabe\u00e7a do filho que faz besteira dizendo que isso \u00e9 culpa das m\u00e1s companhias.<\/p>\n<p style=\"text-align: justify;\">Em princ\u00edpio, a a\u00e7\u00e3o parece ter abuso de poder, at\u00e9 porque havia mulheres e crian\u00e7as no meio e os homens tiveram que tirar as camisas, mas temos que considerar particularidades do caso.<\/p>\n<p style=\"text-align: justify;\">Todos foram juntos, ent\u00e3o n\u00e3o tinha como liberar as mulheres e as crian\u00e7as at\u00e9 porque os \u00f4nibus n\u00e3o sairiam sem o restante, daria no mesmo. Crian\u00e7as n\u00e3o estavam detidas, como colocariam as crian\u00e7as na rua, em uma cidade estranha, com os adultos retidos? A\u00ed sim seria motivo para gritaria.<\/p>\n<p style=\"text-align: justify;\">V\u00e1rios dos agressores tiraram as camisas no ato e tamparam os rostos por saberem que estavam sendo filmados. Por isso o pedido, no m\u00ednimo, estranho, que tirassem as camisas. As imagens foram vistas em v\u00eddeos para identificar, para comparar as cenas com aquelas pessoas que estavam ali e assim identificar os criminosos.<\/p>\n<p style=\"text-align: justify;\"><img loading=\"lazy\" decoding=\"async\" class=\"size-full wp-image-43494 alignleft\" src=\"http:\/\/www.pedromigao.com.br\/ourodetolo\/wp-content\/uploads\/2016\/10\/Confus\u00e3ogavioes2.jpg\" alt=\"confusaogavioes2\" width=\"323\" height=\"156\" srcset=\"http:\/\/www.pedromigao.com.br\/ourodetolo\/wp-content\/uploads\/2016\/10\/Confus\u00e3ogavioes2.jpg 323w, http:\/\/www.pedromigao.com.br\/ourodetolo\/wp-content\/uploads\/2016\/10\/Confus\u00e3ogavioes2-300x145.jpg 300w\" sizes=\"auto, (max-width: 323px) 100vw, 323px\" \/>No fim, quem n\u00e3o tinha nada a ver com a hist\u00f3ria foi liberado. Na boa, n\u00e3o d\u00e1 para dizer que alguma crian\u00e7a ou qualquer pessoa tenha ficado traumatizada por esperar mais duas horas no Maracan\u00e3 para ir embora. Nenhuma crian\u00e7a chegar\u00e1 aos cinquenta fazendo an\u00e1lise e tomando tarja preta por causa disso. Podem reclamar do atraso em perder trabalho no dia seguinte, por exemplo? Podem, mas quando pegamos blitz na rua, blitz que gera engarrafamentos, tamb\u00e9m perdemos. \u00c9 uma perda isolada que de repente pode gerar um bem coletivo e temos que entender. Por qu\u00ea digo bem coletivo? Porque punido os brig\u00f5es, os bandidos de todas as torcidas essas mesmas crian\u00e7as que ficaram retidas poder\u00e3o ver seus jogos em est\u00e1dios em paz junto com outras que os pais tem medo de levar a est\u00e1dios.<\/p>\n<p style=\"text-align: justify;\">Teve revista? Ficaram retidos? Quem anda de madrugada na rua j\u00e1 deve ter passado por isso. Serem parados, passarem por revista, por perguntas e liberardos. N\u00e3o \u00e9 confort\u00e1vel, n\u00e3o \u00e9 legal, mas tamb\u00e9m \u00e9 necess\u00e1rio desde que seja feito dentro de um princ\u00edpio de normalidade.<\/p>\n<p style=\"text-align: justify;\">Tudo estou falando na teoria de n\u00e3o ter havido &#8220;esculacho&#8221; da parte da pol\u00edcia, que eles tenham trabalhado como a lei manda. Se trataram todos com normalidade n\u00e3o h\u00e1 nada para reclamar do epis\u00f3dio.<\/p>\n<p style=\"text-align: justify;\">Tem gente que diz que teve xingamentos, agress\u00f5es verbais e at\u00e9 fotos de agress\u00f5es f\u00edsicas. Sinceramente? N\u00e3o d\u00e1 para dizer que ocorreu no est\u00e1dio ou se s\u00e3o imagens antigas. Todo mundo que sofre agress\u00e3o tem direito a fazer exame de corpo de delito e parece que ningu\u00e9m fez. Tem o caso do rapaz que dizem nem estar no est\u00e1dio na hora do problema. Tem que ser investigado e caso seja verdade solto e tem todo o direito de processar o estado. Mas como disse, tem que ser investigado porque nessas horas surge muito disse-me-disse e como dizem, na cadeia todos s\u00e3o inocentes.<\/p>\n<p style=\"text-align: justify;\">Se n\u00e3o ocorreram excessos, acho que o GEPE agiu com corre\u00e7\u00e3o. O GEPE, ali\u00e1s, que vem fazendo bom trabalho nos est\u00e1dios do Rio. Tempo que n\u00e3o temos problemas dentro dos est\u00e1dios, mas conhe\u00e7o a pol\u00edcia do Rio de Janeiro e \u00e9 meio inacredit\u00e1vel pensar que fizeram tudo certo, n\u00e3o se excederam. A princ\u00edpio fico com a vers\u00e3o oficial.<\/p>\n<p style=\"text-align: justify;\">Para come\u00e7ar a finalizar acho que est\u00e1 na hora do Corinthians rever sua rela\u00e7\u00e3o com a torcida. A torcida do Corinthians \u00e9 maravilhosa, uma das maiores do mundo e que mais empurram o time, mas essa rela\u00e7\u00e3o, da forma que ocorre, vem lhe prejudicando e pode prejudicar ainda mais. Lugar de torcida \u00e9 na arquibancada festejando e incentivando, n\u00e3o fazendo exig\u00eancias e dando dor de cabe\u00e7a. Torcida \u00e9 para ser aliada, n\u00e3o uma inimiga que mora ao lado.<\/p>\n<p style=\"text-align: justify;\">Continuando a finalizar. Como eu disse, conhecemos bem as mazelas do Rio de Janeiro, a p\u00e9ssima pol\u00edcia que temos, mas n\u00f3s podemos falar. Se quiser ser bairrista, pesar opini\u00e3o contra uma cidade, vai passar por idiota at\u00e9 porque para cada Amarildo desaparecido tem um cad\u00e1ver no Carandiru ou em Eldorado dos Caraj\u00e1s achado. Mazelas todos n\u00f3s temos. Respeito temos que ter tamb\u00e9m.<\/p>\n<p style=\"text-align: justify;\">E finalizando de vez. O policial agredido \u00e9 t\u00e3o humano quanto os torcedores que esperaram no est\u00e1dio. A viola\u00e7\u00e3o do direito humano dele foi bem pior e n\u00e3o vi muita gente se preocupar com seu estado. S\u00f3 com as pessoas sentadas nas cadeiras do Maracan\u00e3.<\/p>\n<p style=\"text-align: justify;\">Precisamos de paz. Precisamos voltar a falar apenas de futebol.<\/p>\n<p style=\"text-align: justify;\">Twitter &#8211; @aloisiovillar<\/p>\n<p style=\"text-align: justify;\">Facebook &#8211; Aloisio Villar<\/p>\n","protected":false},"excerpt":{"rendered":"<p>Todo mundo j\u00e1 sabe o que ocorreu domingo passado no Maracan\u00e3. A confus\u00e3o entre parte da torcida do Corinthians e a PM, com espancamento deTour Details<\/p>\n","protected":false},"author":8,"featured_media":43493,"comment_status":"open","ping_status":"open","sticky":false,"template":"","format":"standard","meta":{"footnotes":""},"categories":[806],"tags":[419,985,703,1190,549],"class_list":["post-43492","post","type-post","status-publish","format-standard","has-post-thumbnail","hentry","category-jogando-nas-onze","tag-corinthians","tag-futebol-brasileiro","tag-gavioes-da-fiel","tag-torcidas-organizadas","tag-violencia"],"_links":{"self":[{"href":"http:\/\/www.pedromigao.com.br\/ourodetolo\/wp-json\/wp\/v2\/posts\/43492","targetHints":{"allow":["GET"]}}],"collection":[{"href":"http:\/\/www.pedromigao.com.br\/ourodetolo\/wp-json\/wp\/v2\/posts"}],"about":[{"href":"http:\/\/www.pedromigao.com.br\/ourodetolo\/wp-json\/wp\/v2\/types\/post"}],"author":[{"embeddable":true,"href":"http:\/\/www.pedromigao.com.br\/ourodetolo\/wp-json\/wp\/v2\/users\/8"}],"replies":[{"embeddable":true,"href":"http:\/\/www.pedromigao.com.br\/ourodetolo\/wp-json\/wp\/v2\/comments?post=43492"}],"version-history":[{"count":0,"href":"http:\/\/www.pedromigao.com.br\/ourodetolo\/wp-json\/wp\/v2\/posts\/43492\/revisions"}],"wp:featuredmedia":[{"embeddable":true,"href":"http:\/\/www.pedromigao.com.br\/ourodetolo\/wp-json\/wp\/v2\/media\/43493"}],"wp:attachment":[{"href":"http:\/\/www.pedromigao.com.br\/ourodetolo\/wp-json\/wp\/v2\/media?parent=43492"}],"wp:term":[{"taxonomy":"category","embeddable":true,"href":"http:\/\/www.pedromigao.com.br\/ourodetolo\/wp-json\/wp\/v2\/categories?post=43492"},{"taxonomy":"post_tag","embeddable":true,"href":"http:\/\/www.pedromigao.com.br\/ourodetolo\/wp-json\/wp\/v2\/tags?post=43492"}],"curies":[{"name":"wp","href":"https:\/\/api.w.org\/{rel}","templated":true}]}}