{"id":43310,"date":"2016-10-09T09:09:52","date_gmt":"2016-10-09T12:09:52","guid":{"rendered":"http:\/\/www.pedromigao.com.br\/ourodetolo\/?p=43310"},"modified":"2016-10-07T11:15:42","modified_gmt":"2016-10-07T14:15:42","slug":"tributo-a-jose-trajano","status":"publish","type":"post","link":"http:\/\/www.pedromigao.com.br\/ourodetolo\/2016\/10\/tributo-a-jose-trajano\/","title":{"rendered":"Tributo a Jos\u00e9 Trajano"},"content":{"rendered":"<p style=\"text-align: justify;\">Eu admito que sou um &#8220;f\u00e3 de esportes&#8221;.<\/p>\n<p style=\"text-align: justify;\">Todo mundo tem suas emissoras de TV\u00a0preferidas. Durante muito tempo, quando ainda n\u00e3o existia TV\u00a0por assinatura, as pessoas deixavam a TV\u00a0na Globo por costume, mesmo quando n\u00e3o tinham nada para ver. Eu fa\u00e7o isso com a ESPN.<\/p>\n<p style=\"text-align: justify;\">Gosto do estilo do canal. Aprecio o SporTV,\u00a0mesmo com o canal por vezes ser &#8220;festivo&#8221; demais, n\u00e3o gosto da Fox\u00a0e seus comentaristas que gritam e adoram pol\u00eamicas e gosto do estilo combativo da ESPN. A ESPN faz o jornalismo como eu acho que tem que ser. Independente, investigativo, apesar de achar que de vez em quando exagera.<\/p>\n<p style=\"text-align: justify;\">Mas confesso que j\u00e1 gostei mais. Gostava antes de o Jo\u00e3o Palomino assumir o comando e transformar o canal num gigantesco &#8220;Bate bola debate&#8221; com pequenos intervalos para passar Premier League e NFL.<\/p>\n<p style=\"text-align: justify;\">Com o tempo, perdeu gente como L\u00facio de Castro, Flavio Gomes, o grande PVC e perdeu um pouco seu estilo. Ainda mant\u00e9m seu lado combativo, investigativo, mas est\u00e1 um pouco mais ameno, at\u00e9 mesmo engra\u00e7adinho. N\u00e3o nego que gosto uma boa parte do tempo do jeito de pessoas como Ale Oliveira, mas tem hora que cansa e queremos ver jornalismo, n\u00e3o s\u00f3 piadinhas, extraordin\u00e1rios da vida ou cavalinhos correndo no Fant\u00e1stico. Jornalismo e entretenimento \u00e0s vezes at\u00e9 podem se completar, mas n\u00e3o s\u00e3o a mesma coisa. N\u00e3o podem ser.<\/p>\n<p style=\"text-align: justify;\">Esse lado combativo recebeu mais um duro golpe com a demiss\u00e3o de Jos\u00e9 Trajano da ESPN.<\/p>\n<p style=\"text-align: justify;\">Trajano por muitas vezes foi chato, ranheta, irritou, mas \u00e9 o jeito dele e ningu\u00e9m consegue agradar por todo o tempo. Jos\u00e9 Trajano \u00e9 um apaixonado por esportes, por jornalismo e as pessoas apaixonadas, intensas merecem ser ouvidas mesmo que n\u00e3o concordemos com elas.<\/p>\n<p style=\"text-align: justify;\">Al\u00e9m de tudo, Tajano \u00e9 corajoso. Hoje em dia tem que ter muita coragem para assumir em p\u00fablico um modo de pensar diferente da maioria. Vivemos uma era de \u00f3dio, intoler\u00e2ncia,\u00a0na qual\u00a0o mais f\u00e1cil \u00e9 pensar dentro da caixinha, ir no embalo da maioria. Jos\u00e9 Trajano \u00e9 resist\u00eancia, n\u00e3o abre m\u00e3o de seu modo de pensar, sua opini\u00e3o mesmo que contrarie a maioria, poderosos ou os chefes. Tem coragem de criticar a emissora que trabalha por receber Danilo Gentili, tem coragem de posar ao lado de Lula mesmo com todas as acusa\u00e7\u00f5es que recebe, discute no ar, esperneia, \u00e9 duro, mas todos falam que \u00e9 gentil, o melhor chefe que algu\u00e9m poderia ter.<\/p>\n<p style=\"text-align: justify;\">Foi chefe, inaugurou a ESPN no Brasil, implantou o jornalismo esportivo investigativo e premiado na emissora e, como um Steve Jobs, foi demitido do lugar que criou.<\/p>\n<p style=\"text-align: justify;\">Ele tem tra\u00e7os em comum com Jobs como a loucura. S\u00f3 um louco cria, inova em uma \u00e9poca de pregui\u00e7a de cria\u00e7\u00e3o, atitude e pensamento. S\u00f3 um louco n\u00e3o acompanha a manada, n\u00e3o aceita ser um daqueles alunos robotizados de &#8220;The wall&#8221;, enfrenta o sistema, o &#8220;Sim, senhor&#8221; e d\u00e1 uma banana para o <em>status quo<\/em>.<\/p>\n<p style=\"text-align: justify;\">Da\u00ed vem minha admira\u00e7\u00e3o por Steve Jobs e por Jos\u00e9 Trajano. N\u00e3o concordava com muitas an\u00e1lises que fazia, mas admiro sua coragem e valentia. Trajano \u00e9 da velha guarda. Jornalista das antigas, daqueles de frequentar botecos, torcer pelo America, ranzinza, af\u00e1vel, um tipo de jornalista que n\u00e3o se faz mais, do tipo que n\u00e3o foge do bom combate e sabe que jornalismo n\u00e3o se faz com piadas.<\/p>\n<p style=\"text-align: justify;\">Foi v\u00edtima do sistema, tragado pelo <em>status quo<\/em>. Trajano \u00e9 v\u00edtima de uma \u00e9poca em que um jornalista critica um dos Bolsominions por querer atrelar a bolsa fam\u00edlia a ligadora de trompas e vasectomias e o mesmo recebe uma enxurrada de ofensas. \u00c9 v\u00edtima do marcartismo vers\u00e3o s\u00e9culo XXI. Uma persegui\u00e7\u00e3o a quem pensa diferente e tem coragem de contestar, assim como o Sidney Rezende sofreu na Globonews. Tudo hoje gira em torno de com\u00e9rcio, neg\u00f3cios, business, parcerias e os grandes ve\u00edculos de comunica\u00e7\u00e3o antes de tudo s\u00e3o grandes empresas que precisam dar lucro e, para isso, agradam a seus parceiros.<\/p>\n<p style=\"text-align: justify;\">Vivemos uma \u00e9poca em que calam Jos\u00e9 Trajano, elegem como prefeito um Tiririca de pul\u00f4ver e o dono desse blog quer escrever sobre pol\u00edtica e n\u00e3o escreve por medo. Vivemos realmente uma era democr\u00e1tica? Na democracia todos podem pensar e agir como bem entendem e n\u00e3o \u00e9 isso que vivemos hoje em dia.<\/p>\n<p style=\"text-align: justify;\">A guerra n\u00e3o acabou, Trajano. Lamba as feridas e volte para a batalha porque precisamos de voc\u00ea.<\/p>\n<p style=\"text-align: justify;\">Somos loucos e temos pena de quem n\u00e3o \u00e9.<\/p>\n<p style=\"text-align: justify;\">Twitter &#8211; @aloisiovillar<\/p>\n<p style=\"text-align: justify;\">Facebook &#8211; Aloisio Villar<\/p>\n<p style=\"text-align: justify;\">[related_posts limit=&#8221;3&#8243;]<\/p>\n","protected":false},"excerpt":{"rendered":"<p>Eu admito que sou um &#8220;f\u00e3 de esportes&#8221;. Todo mundo tem suas emissoras de TV\u00a0preferidas. Durante muito tempo, quando ainda n\u00e3o existia TV\u00a0por assinatura, asTour Details<\/p>\n","protected":false},"author":8,"featured_media":43311,"comment_status":"open","ping_status":"open","sticky":false,"template":"","format":"standard","meta":{"footnotes":""},"categories":[8],"tags":[592,33,1185],"class_list":["post-43310","post","type-post","status-publish","format-standard","has-post-thumbnail","hentry","category-orun-aye","tag-espn","tag-jornalismo","tag-jose-trajano"],"_links":{"self":[{"href":"http:\/\/www.pedromigao.com.br\/ourodetolo\/wp-json\/wp\/v2\/posts\/43310","targetHints":{"allow":["GET"]}}],"collection":[{"href":"http:\/\/www.pedromigao.com.br\/ourodetolo\/wp-json\/wp\/v2\/posts"}],"about":[{"href":"http:\/\/www.pedromigao.com.br\/ourodetolo\/wp-json\/wp\/v2\/types\/post"}],"author":[{"embeddable":true,"href":"http:\/\/www.pedromigao.com.br\/ourodetolo\/wp-json\/wp\/v2\/users\/8"}],"replies":[{"embeddable":true,"href":"http:\/\/www.pedromigao.com.br\/ourodetolo\/wp-json\/wp\/v2\/comments?post=43310"}],"version-history":[{"count":0,"href":"http:\/\/www.pedromigao.com.br\/ourodetolo\/wp-json\/wp\/v2\/posts\/43310\/revisions"}],"wp:featuredmedia":[{"embeddable":true,"href":"http:\/\/www.pedromigao.com.br\/ourodetolo\/wp-json\/wp\/v2\/media\/43311"}],"wp:attachment":[{"href":"http:\/\/www.pedromigao.com.br\/ourodetolo\/wp-json\/wp\/v2\/media?parent=43310"}],"wp:term":[{"taxonomy":"category","embeddable":true,"href":"http:\/\/www.pedromigao.com.br\/ourodetolo\/wp-json\/wp\/v2\/categories?post=43310"},{"taxonomy":"post_tag","embeddable":true,"href":"http:\/\/www.pedromigao.com.br\/ourodetolo\/wp-json\/wp\/v2\/tags?post=43310"}],"curies":[{"name":"wp","href":"https:\/\/api.w.org\/{rel}","templated":true}]}}