{"id":43306,"date":"2016-10-08T09:00:08","date_gmt":"2016-10-08T12:00:08","guid":{"rendered":"http:\/\/www.pedromigao.com.br\/ourodetolo\/?p=43306"},"modified":"2016-10-07T11:09:46","modified_gmt":"2016-10-07T14:09:46","slug":"a-nova-libertadores","status":"publish","type":"post","link":"http:\/\/www.pedromigao.com.br\/ourodetolo\/2016\/10\/a-nova-libertadores\/","title":{"rendered":"A nova Libertadores"},"content":{"rendered":"<p style=\"text-align: justify;\">Essa semana a Conmebol\u00a0anunciou as mudan\u00e7as da Copa Libertadores da Am\u00e9rica. Mudan\u00e7as pol\u00eamicas nas quais\u00a0a maioria dos analistas esportivos foram contra, mas eu achei interessantes.<\/p>\n<p style=\"text-align: justify;\">Pois \u00e9, exercerei um de meus pap\u00e9is preferidos na vida, se o &#8220;do contra&#8221;. Eu gostei e acho que todas essas mudan\u00e7as far\u00e3o crescer a Libertadores apesar de ainda n\u00e3o achar o ideal.<\/p>\n<p style=\"text-align: justify;\">O ideal para mim seria uma Libertadores que englobasse todo o continente americano, n\u00e3o apenas Am\u00e9rica do Sul e convidados, mas esse ainda parece ser um sonho distante. Uma coisa que eu achava l\u00f3gica finalmente ocorreu. Libertadores o ano todo.<\/p>\n<p style=\"text-align: justify;\">N\u00e3o tinha sentido Libertadores apenas seis meses do ano como n\u00e3o tem sentido a Sul-Americana tamb\u00e9m em seis meses. O ideal \u00e9 que os dois torneios fossem disputados o ano inteiro e com espa\u00e7amento maior entre as datas para n\u00e3o cansar tanto os times. Que fa\u00e7am um dia, quem sabe?<\/p>\n<p style=\"text-align: justify;\">Os que n\u00e3o gostaram das mudan\u00e7as alegam que a competi\u00e7\u00e3o ficar\u00e1 mais fraca, mas n\u00e3o acho que isso ir\u00e1 ocorrer se levarmos em conta que agora existem duas fases eliminat\u00f3rias e o que nos interessa e sempre interessou \u00e9 a fase de grupos. \u00c9 assim na Champions League. Pouco vemos as fases eliminat\u00f3rias a audi\u00eancia cresce na fase de grupos.<\/p>\n<p style=\"text-align: justify;\">As fases eliminat\u00f3rias s\u00f3 ter\u00e3o import\u00e2ncia para os tr\u00eas brasileiros que ir\u00e3o disputar, e acredito que a exist\u00eancia dessas fases deixar\u00e1 a fase de grupos mais fortes diminuindo a quantidade de equipes fracas. Essas equipes fatalmente ser\u00e3o eliminadas nessas fases e podemos ter sete brasileiros e seis argentinos, por exemplo, entre os trinta e dois. Vendo pela tabela do brasileiro atual, \u00e9 melhor para o n\u00edvel do torneio ter o Fluminense ou o Real Potos\u00ed? A possibilidade de ter o Corinthians e o Gr\u00eamio ou o Deportivo T\u00e1chira da Venezuela? Pode ficar injusto na divis\u00e3o por pa\u00edses, mas para o n\u00edvel, melhora.<\/p>\n<p style=\"text-align: justify;\">Se os clubes brasileiros forem inteligentes, tamb\u00e9m n\u00e3o cair\u00e1 o n\u00edvel de disputa do Campeonato Brasileiro, muito pelo contr\u00e1rio. Muitos daqueles times que ficavam na zona da pasmaceira agora t\u00eam esperan\u00e7as de chegar ao G6, tornando os jogos mais interessantes nessa reta final. O Santos, quarto colocado, hoje tem 51 pontos e o Gr\u00eamio que \u00e9 o s\u00e9timo colocado, 43. Pela formula antiga, o Gr\u00eamio n\u00e3o teria mais nada a fazer no Brasileiro, mas, com a mudan\u00e7, est\u00e1 a apenas dois pontos do Atl\u00e9tico-PR, que \u00e9 o sexto. Volta para a briga como Botafogo, Corinthians e Ponte Preta.<\/p>\n<p style=\"text-align: justify;\"><img loading=\"lazy\" decoding=\"async\" class=\"size-medium wp-image-43252 alignleft\" src=\"http:\/\/www.pedromigao.com.br\/ourodetolo\/wp-content\/uploads\/2016\/09\/palmeiras2016brasileiro-300x169.jpg\" alt=\"palmeiras2016brasileiro\" width=\"300\" height=\"169\" srcset=\"http:\/\/www.pedromigao.com.br\/ourodetolo\/wp-content\/uploads\/2016\/09\/palmeiras2016brasileiro-300x169.jpg 300w, http:\/\/www.pedromigao.com.br\/ourodetolo\/wp-content\/uploads\/2016\/09\/palmeiras2016brasileiro-550x309.jpg 550w, http:\/\/www.pedromigao.com.br\/ourodetolo\/wp-content\/uploads\/2016\/09\/palmeiras2016brasileiro.jpg 640w\" sizes=\"auto, (max-width: 300px) 100vw, 300px\" \/>Disse &#8220;se forem inteligentes&#8221; porque existe uma briga importante em cima. Existe um G3 agora. Os tr\u00eas primeiros colocados n\u00e3o passar\u00e3o por essas perigosas fases eliminat\u00f3rias, que n\u00e3o s\u00f3 s\u00e3o perigosas, como obrigar\u00e3o os times a jogarem mais quatro partidas em um calend\u00e1rio t\u00e3o apertado como o nosso. O G4 na verdade se dividiu em dois, G3 e G6. Os clubes que estiverem entre quarto e sexto n\u00e3o podem descansar. T\u00eam que buscar o terceiro.<\/p>\n<p style=\"text-align: justify;\">Santos s\u00f3 est\u00e1 dois pontos atr\u00e1s do Atl\u00e9tico e pode sonhar com a terceira vaga, enquanto o Fluminense, que \u00e9 o quinto com 45, tem que ficar de olho no Gr\u00eamio, com 43. Dessa forma, os 10 primeiros t\u00eam pelo que brigar em cima e do S\u00e3o Paulo para baixo\u00a0est\u00e3o\u00a0preocupados com o Z4. A\u00a0Chapecoense \u00e9 o \u00fanico time que nesse momento n\u00e3o briga por nada.<\/p>\n<p style=\"text-align: justify;\">Essa altera\u00e7\u00e3o tamb\u00e9m trar\u00e1 dinheiro aos clubes. \u00c9 evidente que o Brasil ter ganho duas vagas tem a ver com o lado comercial. \u00c9 o pa\u00eds que mais assiste ao torneio, audi\u00eancia que aumentar\u00e1 com sete times (no m\u00ednimo) disputando e claro que a Conmebol\u00a0pedir\u00e1 mais dinheiro para a TV, assim como os clubes v\u00e3o receber mais. Ali\u00e1s, reclama\u00e7\u00e3o antiga dos mesmos.<\/p>\n<p style=\"text-align: justify;\">Para finalizar, at\u00e9 a ideia da final em jogo \u00fanico n\u00e3o \u00e9 ruim. Desde que seja nos Estados Unidos como cogitaram. Comercialmente seria \u00f3timo, muito dinheiro para a entidade, clubes, internacionaliza\u00e7\u00e3o das marcas dos clubes em um mercado importante e a certeza de est\u00e1dio cheio. Para quem reclama, pergunto. Mundial n\u00e3o \u00e9 disputado em local neutro desde os anos 80? Algu\u00e9m hoje trocaria isso por um jogo na Europa e outro na Am\u00e9rica?<\/p>\n<p style=\"text-align: justify;\">Acho at\u00e9 que a Copa do Brasil devia ser decidida em jogo \u00fanico em uma dessas arenas elefantes brancos criadas para a Copa.<\/p>\n<p style=\"text-align: justify;\">A Libertadores de 2017 promete. Esperamos que cumpra.<\/p>\n<p style=\"text-align: justify;\">A \u00fanica certeza que temos hoje e que por mais que aumentem as vagas, o Vasco n\u00e3o estar\u00e1 nela.<\/p>\n<p style=\"text-align: justify;\">Faltou respeito.<\/p>\n<p style=\"text-align: justify;\">Twitter &#8211; @aloisiovillar<\/p>\n<p style=\"text-align: justify;\">Facebook &#8211; Aloisio Villar<\/p>\n<p style=\"text-align: justify;\">[related_posts limit=&#8221;3&#8243;]<\/p>\n","protected":false},"excerpt":{"rendered":"<p>Essa semana a Conmebol\u00a0anunciou as mudan\u00e7as da Copa Libertadores da Am\u00e9rica. Mudan\u00e7as pol\u00eamicas nas quais\u00a0a maioria dos analistas esportivos foram contra, mas eu achei interessantes.Tour Details<\/p>\n","protected":false},"author":8,"featured_media":43307,"comment_status":"open","ping_status":"open","sticky":false,"template":"","format":"standard","meta":{"footnotes":""},"categories":[806],"tags":[922,1157,562],"class_list":["post-43306","post","type-post","status-publish","format-standard","has-post-thumbnail","hentry","category-jogando-nas-onze","tag-brasileirao-2016","tag-futebol-internacional","tag-libertadores"],"_links":{"self":[{"href":"http:\/\/www.pedromigao.com.br\/ourodetolo\/wp-json\/wp\/v2\/posts\/43306","targetHints":{"allow":["GET"]}}],"collection":[{"href":"http:\/\/www.pedromigao.com.br\/ourodetolo\/wp-json\/wp\/v2\/posts"}],"about":[{"href":"http:\/\/www.pedromigao.com.br\/ourodetolo\/wp-json\/wp\/v2\/types\/post"}],"author":[{"embeddable":true,"href":"http:\/\/www.pedromigao.com.br\/ourodetolo\/wp-json\/wp\/v2\/users\/8"}],"replies":[{"embeddable":true,"href":"http:\/\/www.pedromigao.com.br\/ourodetolo\/wp-json\/wp\/v2\/comments?post=43306"}],"version-history":[{"count":0,"href":"http:\/\/www.pedromigao.com.br\/ourodetolo\/wp-json\/wp\/v2\/posts\/43306\/revisions"}],"wp:featuredmedia":[{"embeddable":true,"href":"http:\/\/www.pedromigao.com.br\/ourodetolo\/wp-json\/wp\/v2\/media\/43307"}],"wp:attachment":[{"href":"http:\/\/www.pedromigao.com.br\/ourodetolo\/wp-json\/wp\/v2\/media?parent=43306"}],"wp:term":[{"taxonomy":"category","embeddable":true,"href":"http:\/\/www.pedromigao.com.br\/ourodetolo\/wp-json\/wp\/v2\/categories?post=43306"},{"taxonomy":"post_tag","embeddable":true,"href":"http:\/\/www.pedromigao.com.br\/ourodetolo\/wp-json\/wp\/v2\/tags?post=43306"}],"curies":[{"name":"wp","href":"https:\/\/api.w.org\/{rel}","templated":true}]}}