{"id":43261,"date":"2016-09-30T08:58:51","date_gmt":"2016-09-30T11:58:51","guid":{"rendered":"http:\/\/www.pedromigao.com.br\/ourodetolo\/?p=43261"},"modified":"2016-09-30T09:00:13","modified_gmt":"2016-09-30T12:00:13","slug":"o-legado-de-marcos-falcon","status":"publish","type":"post","link":"http:\/\/www.pedromigao.com.br\/ourodetolo\/2016\/09\/o-legado-de-marcos-falcon\/","title":{"rendered":"O legado de Marcos Falcon"},"content":{"rendered":"<p style=\"text-align: justify;\">Foi com enorme perplexidade e tristeza que recebi na \u00faltima segunda-feira a not\u00edcia do assassinato do presidente da Portela, Marcos Falcon. N\u00e3o cabe aqui neste espa\u00e7o escrever qualquer coisa a respeito do crime em si. N\u00e3o \u00e9 fun\u00e7\u00e3o nem minha nem deste Ouro de Tolo.<\/p>\n<p style=\"text-align: justify;\">Vou me ater apenas ao legado deixado por Falcon.<\/p>\n<p style=\"text-align: justify;\">N\u00e3o o conhecia pessoalmente. Afinal, n\u00e3o sou frequentador ass\u00edduo da quadra da Rua Clara Nunes e, al\u00e9m disso, n\u00e3o me considero um sambista, mas sim um &#8220;sambeiro&#8221;; um cara que adora o universo das escolas de samba, estes organismos culturais que tantas emo\u00e7\u00f5es nos d\u00e3o, mesmo sem estar t\u00e3o inserido como gostaria.<\/p>\n<p style=\"text-align: justify;\">Por isso, escreverei sobre o que ou\u00e7o dos meus amigos portelenses e pelo que sempre\u00a0soube deles a respeito de Falcon. E o que sempre ouvi foi um carinho muito grande de todos e uma admira\u00e7\u00e3o pelo trabalho dele \u00e0 frente de diversos projetos ligados ao mundo do samba.<\/p>\n<p style=\"text-align: justify;\"><img loading=\"lazy\" decoding=\"async\" class=\"size-medium wp-image-32948 alignleft\" src=\"http:\/\/www.pedromigao.com.br\/ourodetolo\/wp-content\/uploads\/2015\/02\/portela2015b-300x178.jpg\" alt=\"portela2015b\" width=\"300\" height=\"178\" srcset=\"http:\/\/www.pedromigao.com.br\/ourodetolo\/wp-content\/uploads\/2015\/02\/portela2015b-300x178.jpg 300w, http:\/\/www.pedromigao.com.br\/ourodetolo\/wp-content\/uploads\/2015\/02\/portela2015b-550x327.jpg 550w, http:\/\/www.pedromigao.com.br\/ourodetolo\/wp-content\/uploads\/2015\/02\/portela2015b.jpg 937w\" sizes=\"auto, (max-width: 300px) 100vw, 300px\" \/>O novo presidente Luis Carlos Magalh\u00e3es, que passa a ocupar o cargo com o falecimento de Falcon, disse que este\u00a0foi o maior l\u00edder portelense desde Natal &#8211; e isso \u00e9 verdade. Ele reergueu uma agremia\u00e7\u00e3o combalida e a colocou em condi\u00e7\u00f5es novamente de ser campe\u00e3, o que infelizmente n\u00e3o acontece desde 1984.<\/p>\n<p style=\"text-align: justify;\">E mais: <a href=\"http:\/\/www.pedromigao.com.br\/ourodetolo\/2013\/05\/foi-bonita-a-festa-pa\/\" target=\"_blank\"><span style=\"color: #ff6600;\">ele, primeiro como vice na gest\u00e3o Serginho Proc\u00f3pio<\/span><\/a>, e agora como presidente, fez o portelense acreditar de novo. N\u00e3o s\u00f3 acreditar no t\u00edtulo, mas acreditar em pisar na avenida com uma Portela pujante e temida pelas escolas advers\u00e1rias.<\/p>\n<p style=\"text-align: justify;\">Sob a lideran\u00e7a de Falcon, <a href=\"http:\/\/www.pedromigao.com.br\/ourodetolo\/2016\/02\/os-humilhados-serao-exaltados\/\" target=\"_blank\"><span style=\"color: #ff6600;\">a Portela saiu de um delicad\u00edssimo momento financeiro e aglutinou\u00a0portelenses de cora\u00e7\u00e3o em diversas esferas administrativas e de carnaval<\/span><\/a> &#8211; entre eles, o Mig\u00e3o.<\/p>\n<p style=\"text-align: justify;\">\nA Portela quase foi campe\u00e3 em 2014 e 2016, e n\u00e3o por coincid\u00eancia a entrada da \u00e1guia (a da alegoria mesmo) voltou a ser aguardada. A \u00e1guia de 2015 que se transformava em Cristo Redentor foi uma das imagens mais impactantes que vi nesses anos todos de desfiles.<\/p>\n<p style=\"text-align: justify;\">Falcon tamb\u00e9m ajudou as t\u00e3o carentes agremia\u00e7\u00f5es da Intendente com a cess\u00e3o de um galp\u00e3o para as escolas trabalharem e terem m\u00ednimas condi\u00e7\u00f5es de colocarem o carnaval na rua, al\u00e9m de presidir a &#8220;Associa\u00e7\u00e3o Samba \u00e9 Nosso&#8221;, que se responsabilizou pelos desfiles dos grupos C, D e E.<\/p>\n<p style=\"text-align: justify;\">Como ficar\u00e3o agora essas escolas? Como ficar\u00e1 a Portela?\u00a0<img loading=\"lazy\" decoding=\"async\" class=\"size-medium wp-image-31826 alignright\" src=\"http:\/\/www.pedromigao.com.br\/ourodetolo\/wp-content\/uploads\/2015\/01\/alexandre_louzada_selminha_sorriso_e_marcos_falcon_2_620-300x169.jpg\" alt=\"alexandre_louzada,_selminha_sorriso_e_marcos_falcon_(2)_620\" width=\"300\" height=\"169\" srcset=\"http:\/\/www.pedromigao.com.br\/ourodetolo\/wp-content\/uploads\/2015\/01\/alexandre_louzada_selminha_sorriso_e_marcos_falcon_2_620-300x169.jpg 300w, http:\/\/www.pedromigao.com.br\/ourodetolo\/wp-content\/uploads\/2015\/01\/alexandre_louzada_selminha_sorriso_e_marcos_falcon_2_620-550x310.jpg 550w, http:\/\/www.pedromigao.com.br\/ourodetolo\/wp-content\/uploads\/2015\/01\/alexandre_louzada_selminha_sorriso_e_marcos_falcon_2_620.jpg 620w\" sizes=\"auto, (max-width: 300px) 100vw, 300px\" \/><\/p>\n<p style=\"text-align: justify;\">Ainda \u00e9 muito cedo para cravar qualquer coisa e seria leviandade fazer isso com poucos dias decorridos\u00a0do acontecido. Apenas deixo aqui minha solidariedade aos amigos portelenses, a Selminha Sorriso, sua companheira de muito tempo, e aos amantes do samba.<\/p>\n<p style=\"text-align: justify;\">Que o legado dele seja preservado.<\/p>\n<p style=\"text-align: justify;\">[related_posts limit=&#8221;3&#8243;]<\/p>\n","protected":false},"excerpt":{"rendered":"<p>Foi com enorme perplexidade e tristeza que recebi na \u00faltima segunda-feira a not\u00edcia do assassinato do presidente da Portela, Marcos Falcon. N\u00e3o cabe aqui nesteTour Details<\/p>\n","protected":false},"author":14,"featured_media":43263,"comment_status":"open","ping_status":"open","sticky":false,"template":"","format":"standard","meta":{"footnotes":""},"categories":[20],"tags":[18,1160,19,513,1183,49],"class_list":["post-43261","post","type-post","status-publish","format-standard","has-post-thumbnail","hentry","category-sabinadas","tag-carnaval","tag-carnaval-2017","tag-escolas-de-samba","tag-intendente-magalhaes","tag-marcos-falcon","tag-portela"],"_links":{"self":[{"href":"http:\/\/www.pedromigao.com.br\/ourodetolo\/wp-json\/wp\/v2\/posts\/43261","targetHints":{"allow":["GET"]}}],"collection":[{"href":"http:\/\/www.pedromigao.com.br\/ourodetolo\/wp-json\/wp\/v2\/posts"}],"about":[{"href":"http:\/\/www.pedromigao.com.br\/ourodetolo\/wp-json\/wp\/v2\/types\/post"}],"author":[{"embeddable":true,"href":"http:\/\/www.pedromigao.com.br\/ourodetolo\/wp-json\/wp\/v2\/users\/14"}],"replies":[{"embeddable":true,"href":"http:\/\/www.pedromigao.com.br\/ourodetolo\/wp-json\/wp\/v2\/comments?post=43261"}],"version-history":[{"count":0,"href":"http:\/\/www.pedromigao.com.br\/ourodetolo\/wp-json\/wp\/v2\/posts\/43261\/revisions"}],"wp:featuredmedia":[{"embeddable":true,"href":"http:\/\/www.pedromigao.com.br\/ourodetolo\/wp-json\/wp\/v2\/media\/43263"}],"wp:attachment":[{"href":"http:\/\/www.pedromigao.com.br\/ourodetolo\/wp-json\/wp\/v2\/media?parent=43261"}],"wp:term":[{"taxonomy":"category","embeddable":true,"href":"http:\/\/www.pedromigao.com.br\/ourodetolo\/wp-json\/wp\/v2\/categories?post=43261"},{"taxonomy":"post_tag","embeddable":true,"href":"http:\/\/www.pedromigao.com.br\/ourodetolo\/wp-json\/wp\/v2\/tags?post=43261"}],"curies":[{"name":"wp","href":"https:\/\/api.w.org\/{rel}","templated":true}]}}