{"id":42971,"date":"2016-09-02T06:18:53","date_gmt":"2016-09-02T09:18:53","guid":{"rendered":"http:\/\/www.pedromigao.com.br\/ourodetolo\/?p=42971"},"modified":"2016-09-01T16:21:20","modified_gmt":"2016-09-01T19:21:20","slug":"valeu-felipe","status":"publish","type":"post","link":"http:\/\/www.pedromigao.com.br\/ourodetolo\/2016\/09\/valeu-felipe\/","title":{"rendered":"Valeu, Felipe"},"content":{"rendered":"<p style=\"text-align: justify;\">Campe\u00e3o por trinta e poucos segundos.<\/p>\n<p style=\"text-align: justify;\">Essa \u00e9 uma sensa\u00e7\u00e3o, m\u00e1goa, pensamento, reflex\u00e3o que deve passar muitas vezes pela cabe\u00e7a de Felipe Massa. Pela minha passa. Provavelmente n\u00e3o tantas vezes. Afinal, quem estava ao volante de uma Ferrari, prestes a quebrar um longo jejum (17 anos) sem t\u00edtulos brasileiros na F\u00f3rmula 1, a t\u00e3o pouco tempo de se consagrar nos bra\u00e7os da torcida, de ser campe\u00e3o em casa, de escrever o nome na hist\u00f3ria, era ele.<\/p>\n<p style=\"text-align: justify;\">Ali, ensopado, no apertado espa\u00e7o que separa o paddock do pit lane em Interlagos est\u00e1vamos eu e meus bravos companheiros de uma cobertura t\u00e3o longa quanto enriquecedora, t\u00e3o exaustiva quanto prazerosa como \u00e9 o mundo paralelo dos jornalistas que acompanham a categoria mais importante do automobilismo mundial (ou pelo menos assim convencionamos chama-la no Brasil, pois aqui a F1 virou paix\u00e3o nacional, fruto dos grandes campe\u00f5es nascidos por essas bandas).<\/p>\n<p style=\"text-align: justify;\">Por ef\u00eameros trinta e poucos segundos nos sentimos, todos, campe\u00f5es do mundo. Em parte, \u00e9 claro, pelo lado pessoal e profissional. Profissional e pessoal. Tudo junto e misturado \u00e0quela altura. Para mim era apenas a terceira temporada. Para alguns, a quarta, a primeira, a vig\u00e9sima. N\u00e3o importava.<\/p>\n<p style=\"text-align: justify;\"><a href=\"http:\/\/www.pedromigao.com.br\/ourodetolo\/wp-content\/uploads\/2016\/09\/nossasfotos1-2007-207.jpeg\"><img loading=\"lazy\" decoding=\"async\" class=\"alignleft size-medium wp-image-42975\" src=\"http:\/\/www.pedromigao.com.br\/ourodetolo\/wp-content\/uploads\/2016\/09\/nossasfotos1-2007-207-300x225.jpeg\" alt=\"nossasfotos1-2007 207\" width=\"300\" height=\"225\" srcset=\"http:\/\/www.pedromigao.com.br\/ourodetolo\/wp-content\/uploads\/2016\/09\/nossasfotos1-2007-207-300x225.jpeg 300w, http:\/\/www.pedromigao.com.br\/ourodetolo\/wp-content\/uploads\/2016\/09\/nossasfotos1-2007-207-453x340.jpeg 453w, http:\/\/www.pedromigao.com.br\/ourodetolo\/wp-content\/uploads\/2016\/09\/nossasfotos1-2007-207.jpeg 576w\" sizes=\"auto, (max-width: 300px) 100vw, 300px\" \/><\/a>Cada um de n\u00f3s vislumbrou, naquela tarde de sol, chuva e tempestade em S\u00e3o Paulo, a possibilidade de dar a noticia, de ser, tal qual um Rep\u00f3rter Esso, testemunha ocular da Hist\u00f3ria. Do pequeno n\u00facleo que acompanhava todas as provas do ano pouqu\u00edssimos eram os que j\u00e1 trabalhavam na era Piquet-Senna (que dir\u00e1 com Emerson&#8230;).<\/p>\n<p style=\"text-align: justify;\">Ver Massa campe\u00e3o. Escrever sobre Massa campe\u00e3o seria, tamb\u00e9m, uma vit\u00f3ria nossa. Daqueles amigos formados em aeroportos e circuitos, em restaurantes e t\u00e1xis, dando a volta pelo mundo \u00e0 espera de uma tarde em que a grande manchete sairia das nossas canetas\/dedos.<\/p>\n<p style=\"text-align: justify;\">Mas a\u00ed&#8230; Deu no que deu. O Timo Glock com pneus desgastados n\u00e3o segurou o Hamilton e o ingl\u00eas conquistou o primeiro de seus t\u00edtulos mundiais que, agora, v\u00e3o se enfileirando. Alertado por um mec\u00e2nico o Tit\u00f4nio, pai do Felipe, deu o murro que todos quer\u00edamos dar na parede dos boxes. O Felipe n\u00e3o era o campe\u00e3o.<\/p>\n<p style=\"text-align: justify;\"><a href=\"http:\/\/www.pedromigao.com.br\/ourodetolo\/wp-content\/uploads\/2016\/09\/nossasfotos08-1-006.jpeg\"><img loading=\"lazy\" decoding=\"async\" class=\"alignright size-medium wp-image-42977\" src=\"http:\/\/www.pedromigao.com.br\/ourodetolo\/wp-content\/uploads\/2016\/09\/nossasfotos08-1-006-300x225.jpeg\" alt=\"nossasfotos08-1 006\" width=\"300\" height=\"225\" srcset=\"http:\/\/www.pedromigao.com.br\/ourodetolo\/wp-content\/uploads\/2016\/09\/nossasfotos08-1-006-300x225.jpeg 300w, http:\/\/www.pedromigao.com.br\/ourodetolo\/wp-content\/uploads\/2016\/09\/nossasfotos08-1-006-453x340.jpeg 453w, http:\/\/www.pedromigao.com.br\/ourodetolo\/wp-content\/uploads\/2016\/09\/nossasfotos08-1-006.jpeg 640w\" sizes=\"auto, (max-width: 300px) 100vw, 300px\" \/><\/a>E n\u00f3s n\u00e3o escrever\u00edamos a cr\u00f4nica do t\u00edtulo t\u00e3o sonhado.<\/p>\n<p style=\"text-align: justify;\">Agora, o Felipe anuncia que est\u00e1 se despedindo da F1 no fim do ano. Eu antecipei a minha despedida em quatro anos. N\u00e3o cubro mais as corridas desde 2012. Por uma dessas coincid\u00eancias da vida, o meu primeiro GP foi o de estreia do Felipe na Ferrari, na Austr\u00e1lia, em 2006. E o meu derradeiro, o \u00faltimo dele na escuderia italiana, em Abu Dhabi, sete temporadas depois. Ou seja, meu per\u00edodo como rep\u00f3rter no &#8220;circo&#8221; coincidiu justamente com a carreira do piloto que mais tempo guiou o carro mais famoso e charmoso das pistas.<\/p>\n<p style=\"text-align: justify;\">Em Interlagos 2012, quando Massa correu pela \u00faltima vez no Brasil como ferrarista, a equipe fez um bolo para ele, uma pequena homenagem. Isso foi depois da corrida. Cruzei no paddock com o Dudu, irm\u00e3o do Felipe, e com a Rafa, esposa dele. E eles me chamaram para participar. E foi o Dudu quem chamou a aten\u00e7\u00e3o para essa curiosidade. De que a passagem do irm\u00e3o pela Ferrari tinha coincidido com a minha pela F\u00f3rmula 1.<\/p>\n<p style=\"text-align: justify;\"><a href=\"http:\/\/www.pedromigao.com.br\/ourodetolo\/wp-content\/uploads\/2016\/09\/nossasfotos08-1-047.jpeg\"><img loading=\"lazy\" decoding=\"async\" class=\"alignleft size-medium wp-image-42978\" src=\"http:\/\/www.pedromigao.com.br\/ourodetolo\/wp-content\/uploads\/2016\/09\/nossasfotos08-1-047-300x225.jpeg\" alt=\"nossasfotos08-1 047\" width=\"300\" height=\"225\" srcset=\"http:\/\/www.pedromigao.com.br\/ourodetolo\/wp-content\/uploads\/2016\/09\/nossasfotos08-1-047-300x225.jpeg 300w, http:\/\/www.pedromigao.com.br\/ourodetolo\/wp-content\/uploads\/2016\/09\/nossasfotos08-1-047-453x340.jpeg 453w, http:\/\/www.pedromigao.com.br\/ourodetolo\/wp-content\/uploads\/2016\/09\/nossasfotos08-1-047.jpeg 640w\" sizes=\"auto, (max-width: 300px) 100vw, 300px\" \/><\/a>A partir do ano seguinte eu sabia que n\u00e3o queria mais passar mais da metade do ano fora de casa. E, de certa forma, o Felipe desconfiava que, numa equipe menos poderosa, suas chances de vit\u00f3rias e t\u00edtulos seriam reduzidas.<\/p>\n<p style=\"text-align: justify;\">Foram onze vit\u00f3rias nesse per\u00edodo. Eu estive em oito delas &#8211; incluindo o fat\u00eddico GP do Brasil de 2008. Como havia um rod\u00edzio de rep\u00f3rteres &#8211; e h\u00e1 at\u00e9 hoje &#8211; n\u00e3o presenciei a primeira das vit\u00f3rias, a da Turquia, em 2006. E nem outras duas, em 2008. GPs da Europa (coincidiu com as Olimp\u00edadas de Pequim) e da B\u00e9lgica (neste, a vit\u00f3ria veio ap\u00f3s puni\u00e7\u00e3o a Lewis Hamilton que, efetivamente, tinha cruzado a linha em primeiro lugar). Muitas pole positions, corridas em que tudo ou quase tudo deu certo. Ou deu errado. Muitos encontros fora da pista, o esbo\u00e7o de um livro que acabou n\u00e3o saindo por &#8220;n&#8221; motivos, e uma torcida sincera para que tudo desse certo.<\/p>\n<p style=\"text-align: justify;\">Mesmo que o t\u00edtulo, por aqueles implac\u00e1veis trinta e poucos segundos, n\u00e3o tenha vindo, acho que tudo deu certo, sim. A come\u00e7ar pela pr\u00f3pria vida. Massa renasceu depois de um acidente t\u00e3o dram\u00e1tico quanto improv\u00e1vel, em 2009. Tem uma fam\u00edlia estruturada, um filho lindo e inteligente. E, num per\u00edodo em que o esporte est\u00e1, nitidamente, \u00e0 procura de novos caminhos que o afastem da decad\u00eancia e do desinteresse do p\u00fablico, Massa segue em busca de um caminho novo ele mesmo.<\/p>\n<p style=\"text-align: justify;\"><a href=\"http:\/\/www.pedromigao.com.br\/ourodetolo\/wp-content\/uploads\/2016\/09\/Formula12007-028.jpeg\"><img loading=\"lazy\" decoding=\"async\" class=\"alignright size-medium wp-image-42979\" src=\"http:\/\/www.pedromigao.com.br\/ourodetolo\/wp-content\/uploads\/2016\/09\/Formula12007-028-300x225.jpeg\" alt=\"Formula12007 028\" width=\"300\" height=\"225\" srcset=\"http:\/\/www.pedromigao.com.br\/ourodetolo\/wp-content\/uploads\/2016\/09\/Formula12007-028-300x225.jpeg 300w, http:\/\/www.pedromigao.com.br\/ourodetolo\/wp-content\/uploads\/2016\/09\/Formula12007-028-453x340.jpeg 453w, http:\/\/www.pedromigao.com.br\/ourodetolo\/wp-content\/uploads\/2016\/09\/Formula12007-028.jpeg 576w\" sizes=\"auto, (max-width: 300px) 100vw, 300px\" \/><\/a>\u00c9 preciso coragem e boa dose de desprendimento para aceitar que o tempo passa. Para todos n\u00f3s. Ele at\u00e9 poderia ficar batendo de porta em porta, correndo por equipes inexpressivas. N\u00e3o pela grana, mas pelo prazer de pilotar.<\/p>\n<p style=\"text-align: justify;\">Para qu\u00ea? O que \u00e9 bom a gente guarda na mem\u00f3ria. E tenho certeza que as lembran\u00e7as que Felipe Massa guarda de seus quase 250 Grandes Pr\u00eamios s\u00e3o bem mais doces e duradouras que trinta e poucos segundos.<\/p>\n<p style=\"text-align: justify;\"><strong>Imagens: Arquivo Pessoal<\/strong><\/p>\n<p style=\"text-align: justify;\">[related_posts limit=&#8221;3&#8243;]<\/p>\n","protected":false},"excerpt":{"rendered":"<p>Campe\u00e3o por trinta e poucos segundos. Essa \u00e9 uma sensa\u00e7\u00e3o, m\u00e1goa, pensamento, reflex\u00e3o que deve passar muitas vezes pela cabe\u00e7a de Felipe Massa. Pela minhaTour Details<\/p>\n","protected":false},"author":43,"featured_media":42976,"comment_status":"open","ping_status":"open","sticky":false,"template":"","format":"standard","meta":{"footnotes":""},"categories":[910],"tags":[34,41,50],"class_list":["post-42971","post","type-post","status-publish","format-standard","has-post-thumbnail","hentry","category-carnaval-por-esporte","tag-automobilismo","tag-esporte","tag-formula-1"],"_links":{"self":[{"href":"http:\/\/www.pedromigao.com.br\/ourodetolo\/wp-json\/wp\/v2\/posts\/42971","targetHints":{"allow":["GET"]}}],"collection":[{"href":"http:\/\/www.pedromigao.com.br\/ourodetolo\/wp-json\/wp\/v2\/posts"}],"about":[{"href":"http:\/\/www.pedromigao.com.br\/ourodetolo\/wp-json\/wp\/v2\/types\/post"}],"author":[{"embeddable":true,"href":"http:\/\/www.pedromigao.com.br\/ourodetolo\/wp-json\/wp\/v2\/users\/43"}],"replies":[{"embeddable":true,"href":"http:\/\/www.pedromigao.com.br\/ourodetolo\/wp-json\/wp\/v2\/comments?post=42971"}],"version-history":[{"count":0,"href":"http:\/\/www.pedromigao.com.br\/ourodetolo\/wp-json\/wp\/v2\/posts\/42971\/revisions"}],"wp:featuredmedia":[{"embeddable":true,"href":"http:\/\/www.pedromigao.com.br\/ourodetolo\/wp-json\/wp\/v2\/media\/42976"}],"wp:attachment":[{"href":"http:\/\/www.pedromigao.com.br\/ourodetolo\/wp-json\/wp\/v2\/media?parent=42971"}],"wp:term":[{"taxonomy":"category","embeddable":true,"href":"http:\/\/www.pedromigao.com.br\/ourodetolo\/wp-json\/wp\/v2\/categories?post=42971"},{"taxonomy":"post_tag","embeddable":true,"href":"http:\/\/www.pedromigao.com.br\/ourodetolo\/wp-json\/wp\/v2\/tags?post=42971"}],"curies":[{"name":"wp","href":"https:\/\/api.w.org\/{rel}","templated":true}]}}