{"id":42925,"date":"2016-08-31T10:35:09","date_gmt":"2016-08-31T13:35:09","guid":{"rendered":"http:\/\/www.pedromigao.com.br\/ourodetolo\/?p=42925"},"modified":"2016-08-30T11:47:00","modified_gmt":"2016-08-30T14:47:00","slug":"esclerose-multipla-e-esclerose-lateral-amiotrofica","status":"publish","type":"post","link":"http:\/\/www.pedromigao.com.br\/ourodetolo\/2016\/08\/esclerose-multipla-e-esclerose-lateral-amiotrofica\/","title":{"rendered":"Esclerose M\u00faltipla e Esclerose Lateral Amiotr\u00f3fica"},"content":{"rendered":"<p style=\"text-align: justify;\">Quem leu minha primeira coluna aqui, quem me acompanha em facebook e twitter sabe que sou corintiana. J\u00e1 me emocionei muito com meu time, com suas vit\u00f3rias, derrotas, logo depois suas reden\u00e7\u00f5es, seus t\u00edtulos e algo em especial faz eu me emocionar bastante: o torcedor corinthiano.<\/p>\n<p style=\"text-align: justify;\">Este ser extremo, que faz da nossa casa um caldeir\u00e3o, que faz atletas de outros times temerem jogar na nossa Arena mesmo o time n\u00e3o sendo t\u00e3o bom assim. Mas isso n\u00e3o \u00e9 assunto para agora, a corneta n\u00e3o tem espa\u00e7o aqui.<\/p>\n<p style=\"text-align: justify;\">Entretanto, o Corinthians e seu torcedor me inspiraram a come\u00e7ar a coluna de hoje falando dele, do Jo\u00e3o Marcos Andrietta. Falando assim, talvez voc\u00ea, caro leitor, n\u00e3o se lembre, mas este homem se trata do torcedor que assistiu o jogo do Corinthians contra o Joinville na Arena ano passado deitado em uma cama, pois a Esclerose Lateral Amiotr\u00f3fica (ELA) limitou seus movimentos.<\/p>\n<p style=\"text-align: justify;\"><a href=\"http:\/\/www.pedromigao.com.br\/ourodetolo\/wp-content\/uploads\/2016\/08\/Calor-Esclerose-Multipla.jpg\"><img loading=\"lazy\" decoding=\"async\" class=\"aligncenter size-full wp-image-42957\" src=\"http:\/\/www.pedromigao.com.br\/ourodetolo\/wp-content\/uploads\/2016\/08\/Calor-Esclerose-Multipla.jpg\" alt=\"Calor-Esclerose-Multipla\" width=\"495\" height=\"337\" srcset=\"http:\/\/www.pedromigao.com.br\/ourodetolo\/wp-content\/uploads\/2016\/08\/Calor-Esclerose-Multipla.jpg 495w, http:\/\/www.pedromigao.com.br\/ourodetolo\/wp-content\/uploads\/2016\/08\/Calor-Esclerose-Multipla-300x204.jpg 300w\" sizes=\"auto, (max-width: 495px) 100vw, 495px\" \/><\/a>A esclerose n\u00e3o \u00e9 uma doen\u00e7a muito rara no meu cotidiano, nem no de muitas pessoas. Convivo com um primo que tem esclerose m\u00faltipla e, recentemente, a irm\u00e3 dele tamb\u00e9m teve a doen\u00e7a diagnosticada. A esclerose \u00e9 uma doen\u00e7a neurodegenerativa, ou seja: ataca os neur\u00f4nios, as c\u00e9lulas que transmitem os impulsos nervosos e s\u00e3o as mais importantes do sistema nervoso.<\/p>\n<p style=\"text-align: justify;\">A diferen\u00e7a entra a ELA e a esclerose m\u00faltipla est\u00e1 no local da degenera\u00e7\u00e3o. Enquanto a ELA degenera o primeiro neur\u00f4nio motor superior do c\u00e9rebro e o segundo neur\u00f4nio motor inferior da medula espinhal, a esclerose m\u00faltipla provoca a degenera\u00e7\u00e3o da bainha de mielina, uma camada que envolve os neur\u00f4nios e \u00e9 muito importante na condu\u00e7\u00e3o do impulso nervoso.<\/p>\n<p style=\"text-align: justify;\">A esclerose em si n\u00e3o tem uma causa muito bem definida. Sabe-se que h\u00e1 a predisposi\u00e7\u00e3o gen\u00e9tica. No caso da ELA, a predisposi\u00e7\u00e3o associada a fatores ambientais, como o uso muito frequente e de forma err\u00f4nea da musculatura, pode provocar a doen\u00e7a. Por isso, os atletas s\u00e3o uma popula\u00e7\u00e3o considerada de risco \u00e0 esclerose.<\/p>\n<p style=\"text-align: justify;\"><a href=\"http:\/\/www.pedromigao.com.br\/ourodetolo\/wp-content\/uploads\/2016\/08\/lou_gehrigimg-about-news.jpg\"><img loading=\"lazy\" decoding=\"async\" class=\"aligncenter size-large wp-image-42952\" src=\"http:\/\/www.pedromigao.com.br\/ourodetolo\/wp-content\/uploads\/2016\/08\/lou_gehrigimg-about-news-550x264.jpg\" alt=\"lou_gehrigimg-about-news\" width=\"550\" height=\"264\" srcset=\"http:\/\/www.pedromigao.com.br\/ourodetolo\/wp-content\/uploads\/2016\/08\/lou_gehrigimg-about-news-550x264.jpg 550w, http:\/\/www.pedromigao.com.br\/ourodetolo\/wp-content\/uploads\/2016\/08\/lou_gehrigimg-about-news-300x144.jpg 300w, http:\/\/www.pedromigao.com.br\/ourodetolo\/wp-content\/uploads\/2016\/08\/lou_gehrigimg-about-news.jpg 680w\" sizes=\"auto, (max-width: 550px) 100vw, 550px\" \/><\/a>A manifesta\u00e7\u00e3o cl\u00ednica das doen\u00e7as \u00e9 diferente. A ELA come\u00e7a com o enfraquecimento muscular, endurecimento da musculatura lateral e de acordo com a evolu\u00e7\u00e3o da doen\u00e7a, leva ao est\u00e1gio no qual se encontrava o torcedor conrinthiano, completamente im\u00f3vel.<\/p>\n<p style=\"text-align: justify;\">A esclerose m\u00faltipla come\u00e7a com outros sintomas que podem muito bem ser confundidos com os de outras doen\u00e7as; portanto, podem muito bem ser deixados de lado pelo paciente. A vis\u00e3o turva, dificuldades com os movimentos s\u00e3o coisas que desaparecem com o tempo, mas que quando voltam, v\u00eam com mais agressividade. Foi assim que aconteceu com meu primo. A irm\u00e3 dele teve mais \u2018\u2019sorte\u2019\u2019. Logo quando sentiu a vis\u00e3o turva, procurou o m\u00e9dico e a doen\u00e7a foi confirmada.<\/p>\n<p style=\"text-align: justify;\">N\u00e3o existe uma cura definitiva, mas sim um tratamento acompanhado por m\u00e9dicos, fisioterapeutas, fonoaudi\u00f3logos, entre outros, tudo com o objetivo de retardar ao m\u00e1ximo a evolu\u00e7\u00e3o da doen\u00e7a. Quando meu primo descobriu, foi definhando aos poucos, hoje n\u00e3o enxerga muito bem, quase n\u00e3o anda direito e tem dificuldades na fala. O correto seria a irm\u00e3 dele ter feito imediatamente um mapeamento gen\u00e9tico, pra saber se tinha a predisposi\u00e7\u00e3o de desenvolver a doen\u00e7a.<\/p>\n<p style=\"text-align: justify;\">O diagn\u00f3stico precoce e o tratamento correto s\u00e3o fundamentais para tentar manter a qualidade de vida desses pacientes. Nesse caso, mais uma vez, \u00e9 importante n\u00e3o negligenciar sintomas que, a princ\u00edpio, podem n\u00e3o parecer graves.<\/p>\n<p style=\"text-align: justify;\"><strong>Imagens: Uol, Esclerose M\u00faltipla.Med e\u00a0Lou Gehrig.com<\/strong><\/p>\n<p style=\"text-align: justify;\">[related_posts limit=&#8221;3&#8243;]<\/p>\n","protected":false},"excerpt":{"rendered":"<p>Quem leu minha primeira coluna aqui, quem me acompanha em facebook e twitter sabe que sou corintiana. J\u00e1 me emocionei muito com meu time, comTour Details<\/p>\n","protected":false},"author":45,"featured_media":42951,"comment_status":"open","ping_status":"open","sticky":false,"template":"","format":"standard","meta":{"footnotes":""},"categories":[1150],"tags":[3,4,6],"class_list":["post-42925","post","type-post","status-publish","format-standard","has-post-thumbnail","hentry","category-setentrional","tag-medicina","tag-saude","tag-vida-cotidiana"],"_links":{"self":[{"href":"http:\/\/www.pedromigao.com.br\/ourodetolo\/wp-json\/wp\/v2\/posts\/42925","targetHints":{"allow":["GET"]}}],"collection":[{"href":"http:\/\/www.pedromigao.com.br\/ourodetolo\/wp-json\/wp\/v2\/posts"}],"about":[{"href":"http:\/\/www.pedromigao.com.br\/ourodetolo\/wp-json\/wp\/v2\/types\/post"}],"author":[{"embeddable":true,"href":"http:\/\/www.pedromigao.com.br\/ourodetolo\/wp-json\/wp\/v2\/users\/45"}],"replies":[{"embeddable":true,"href":"http:\/\/www.pedromigao.com.br\/ourodetolo\/wp-json\/wp\/v2\/comments?post=42925"}],"version-history":[{"count":0,"href":"http:\/\/www.pedromigao.com.br\/ourodetolo\/wp-json\/wp\/v2\/posts\/42925\/revisions"}],"wp:featuredmedia":[{"embeddable":true,"href":"http:\/\/www.pedromigao.com.br\/ourodetolo\/wp-json\/wp\/v2\/media\/42951"}],"wp:attachment":[{"href":"http:\/\/www.pedromigao.com.br\/ourodetolo\/wp-json\/wp\/v2\/media?parent=42925"}],"wp:term":[{"taxonomy":"category","embeddable":true,"href":"http:\/\/www.pedromigao.com.br\/ourodetolo\/wp-json\/wp\/v2\/categories?post=42925"},{"taxonomy":"post_tag","embeddable":true,"href":"http:\/\/www.pedromigao.com.br\/ourodetolo\/wp-json\/wp\/v2\/tags?post=42925"}],"curies":[{"name":"wp","href":"https:\/\/api.w.org\/{rel}","templated":true}]}}