{"id":42636,"date":"2016-08-02T10:54:42","date_gmt":"2016-08-02T13:54:42","guid":{"rendered":"http:\/\/www.pedromigao.com.br\/ourodetolo\/?p=42636"},"modified":"2016-08-02T10:54:42","modified_gmt":"2016-08-02T13:54:42","slug":"nao-se-perca-na-parada-das-nacoes-rio-2016-parte-iii","status":"publish","type":"post","link":"http:\/\/www.pedromigao.com.br\/ourodetolo\/2016\/08\/nao-se-perca-na-parada-das-nacoes-rio-2016-parte-iii\/","title":{"rendered":"N\u00e3o se perca na Parada das Na\u00e7\u00f5es \u2013 Rio 2016 (Parte III)"},"content":{"rendered":"<p style=\"text-align: justify;\"><em>(Por Thiago Moreira, trabalhador offshore, tricolor (carioca!) de cora\u00e7\u00e3o e aficionado por basquete\u00a0e fatos curiosos do esporte em geral)<\/em><\/p>\n<p style=\"text-align: justify;\">Ol\u00e1!<\/p>\n<p style=\"text-align: justify;\">Est\u00e1 chegando a hora! Agosto se aproxima e com ele a oportunidade \u00fanica de reuni\u00e3o dos melhores atletas ol\u00edmpicos em um mesmo local no planeta. Oportunidade que talvez muitos s\u00f3 se dar\u00e3o conta\u00a0 na hora que o quadro de medalhas sair do zero.<\/p>\n<p style=\"text-align: justify;\">As Olimp\u00edadas est\u00e3o na porta, os atletas chegando aos montes nos aeroportos e o Rio 2016 come\u00e7a a fazer parte do cotidiano das pessoas, atrav\u00e9s de not\u00edcias vinda da internet e da m\u00eddia televisiva.<\/p>\n<p style=\"text-align: justify;\">O que tinha que ser feito e falado j\u00e1 foi. A Zika lentamente sai de campo e agora entramos na parte pr\u00e1tica, com ajustes em instala\u00e7\u00f5es, resolu\u00e7\u00e3o de uns detalhes na Vila Ol\u00edmpica, finaliza\u00e7\u00e3o de obras nas arenas e etc.<\/p>\n<p style=\"text-align: justify;\">Agora \u00e9 hora da a\u00e7\u00e3o! E como o grande dia da abertura se aproxima, e seguindo o padr\u00e3o das famosas Trilogias, eu trarei \u00e0 tona fatos curiosos ou at\u00e9 pouco conhecidos dos leitores das pessoas que ter\u00e3o a responsabilidade de representar o pa\u00eds na parada das na\u00e7\u00f5es, famoso desfile dos atletas que ocorre na Abertura de todos Jogos Ol\u00edmpicos. As vezes eles passam t\u00e3o r\u00e1pido que nem acompanhamos direito da TV, por\u00e9m \u00e9 baseado em hist\u00f3rias como as deles que tornam esse evento maior do que qualquer outro que j\u00e1 tenha aportado na nossa na\u00e7\u00e3o.<\/p>\n<p style=\"text-align: justify;\">Vamos l\u00e1 ent\u00e3o, conhecer um pouco mais de:<strong>\u00a0<\/strong><\/p>\n<p style=\"text-align: justify;\"><strong><a href=\"http:\/\/www.pedromigao.com.br\/ourodetolo\/wp-content\/uploads\/2016\/08\/obi-mikel.jpg\"><img loading=\"lazy\" decoding=\"async\" class=\"alignright size-medium wp-image-42638\" src=\"http:\/\/www.pedromigao.com.br\/ourodetolo\/wp-content\/uploads\/2016\/08\/obi-mikel-300x215.jpg\" alt=\"Chelsea FC v Seattle Sounders FC\" width=\"300\" height=\"215\" srcset=\"http:\/\/www.pedromigao.com.br\/ourodetolo\/wp-content\/uploads\/2016\/08\/obi-mikel-300x215.jpg 300w, http:\/\/www.pedromigao.com.br\/ourodetolo\/wp-content\/uploads\/2016\/08\/obi-mikel-768x550.jpg 768w, http:\/\/www.pedromigao.com.br\/ourodetolo\/wp-content\/uploads\/2016\/08\/obi-mikel-475x340.jpg 475w\" sizes=\"auto, (max-width: 300px) 100vw, 300px\" \/><\/a>Obi Mikel &#8211; Futebol &#8211; Porta Bandeira Nig\u00e9ria (foto ao alto)<\/strong><\/p>\n<p style=\"text-align: justify;\">Atleta de 29 anos. Uma das escolhas mais controversas at\u00e9 o momento quando se trata de Porta bandeiras. Tem uma carreira de sucesso no seu esporte e atua num grande clube de futebol mundial, o Chelsea da Inglaterra. Por\u00e9m enfrentou algumas cr\u00edticas inclusive de atletas de seu pa\u00eds, que julgaram a escolha de Segun Toriola, mesatenista que caminha para sua s\u00e9tima Olimp\u00edada, uma escolha mais \u201col\u00edmpica e sensata\u201d. Al\u00e9m disso, joga em Manaus dia 4 e 7 de Agosto. Esse vai viajar!<\/p>\n<p style=\"text-align: justify;\"><span style=\"color: #ff6600;\"><a style=\"color: #ff6600;\" href=\"https:\/\/ingressos.rio2016.com\/rio2016.html?affiliate=OGF&amp;doc=sessionDetails&amp;key=1279768$6589649&amp;fun=evdetail\" target=\"_blank\"><strong>https:\/\/ingressos.rio2016.com\/rio2016.html?affiliate=OGF&amp;doc=sessionDetails&amp;key=1279768$6589649&amp;fun=evdetail<\/strong><\/a><\/span><\/p>\n<p style=\"text-align: justify;\"><strong><a href=\"http:\/\/www.pedromigao.com.br\/ourodetolo\/wp-content\/uploads\/2016\/08\/al-bedwawi.jpg\"><img loading=\"lazy\" decoding=\"async\" class=\"size-large wp-image-42635 alignleft\" src=\"http:\/\/www.pedromigao.com.br\/ourodetolo\/wp-content\/uploads\/2016\/08\/al-bedwawi-340x340.jpg\" alt=\"al bedwawi\" width=\"340\" height=\"340\" srcset=\"http:\/\/www.pedromigao.com.br\/ourodetolo\/wp-content\/uploads\/2016\/08\/al-bedwawi-340x340.jpg 340w, http:\/\/www.pedromigao.com.br\/ourodetolo\/wp-content\/uploads\/2016\/08\/al-bedwawi-150x150.jpg 150w, http:\/\/www.pedromigao.com.br\/ourodetolo\/wp-content\/uploads\/2016\/08\/al-bedwawi-300x300.jpg 300w, http:\/\/www.pedromigao.com.br\/ourodetolo\/wp-content\/uploads\/2016\/08\/al-bedwawi.jpg 512w\" sizes=\"auto, (max-width: 340px) 100vw, 340px\" \/><\/a>Nada al Bedwawi \u2013 Nata\u00e7\u00e3o \u2013 Porta Bandeira Emirados \u00c1rabes<\/strong><\/p>\n<p style=\"text-align: justify;\">Atleta de apenas 18 anos, outra que aparece aqui pelo pioneirismo. Convivendo com as barreiras culturais que praticamente todos os pa\u00edses do Golfo imp\u00f5em \u00e0s atletas do sexo feminino, a jovem Al Bedwawi ultrapassou obst\u00e1culos e se tornou a primera nadadora de seu pa\u00eds a competir no mundial de nata\u00e7\u00e3o.<\/p>\n<p style=\"text-align: justify;\">Este ano ent\u00e3o foi convidada pela FINA para participar dos 50 metros livre e recebeu a honraria de portar a bandeira no dia 5 de Agosto. Estudante de biologia, confessa que dividir sua vida entre estudos e esporte \u00e9 bastante complicado: <em>\u201cLembro-me dos meus anos de ensino m\u00e9dio, se eu pensei que eles eram dif\u00edceis, vejo agora que na universidade \u00e9 100 vezes mais dif\u00edcil.\u00a0Por isso, foi muito dif\u00edcil para mim, \u00e0s vezes eu sentia que eu n\u00e3o seria capaz de equilibrar entre a nata\u00e7\u00e3o e os meus estudos, mas ficou melhor ao longo do tempo.\u00a0O primeiro semestre foi dif\u00edcil, mas no segundo semestre e agora no curso de ver\u00e3o, conseguirei ser capaz de equilibrar tudo &#8220;<\/em>, explica ela.<\/p>\n<p style=\"text-align: justify;\"><span style=\"color: #ff6600;\"><a style=\"color: #ff6600;\" href=\"https:\/\/ingressos.rio2016.com\/rio2016.html?affiliate=OGF&amp;doc=sessionDetails&amp;key=1282348$6579683&amp;fun=evdetail\" target=\"_blank\">https:\/\/ingressos.rio2016.com\/rio2016.html?affiliate=OGF&amp;doc=sessionDetails&amp;key=1282348$6579683&amp;fun=evdetail<\/a><\/span><\/p>\n<p style=\"text-align: justify;\"><strong><a href=\"http:\/\/www.pedromigao.com.br\/ourodetolo\/wp-content\/uploads\/2016\/08\/sofia-bekatorou.jpg\"><img loading=\"lazy\" decoding=\"async\" class=\"alignright size-full wp-image-42626\" src=\"http:\/\/www.pedromigao.com.br\/ourodetolo\/wp-content\/uploads\/2016\/08\/sofia-bekatorou.jpg\" alt=\"sofia bekatorou\" width=\"183\" height=\"275\" \/><\/a>Sofia Bekatorou \u2013 Vela \u2013 Porta bandeira Gr\u00e9cia<\/strong><\/p>\n<p style=\"text-align: justify;\">Atleta de 38 anos, velejadora experiente, se caracteriza pela versatilidade. Est\u00e1 em sua quarta olimp\u00edada e compete por sua terceira categoria diferente (470, Yngling e Nacra). \u00c9 tamb\u00e9m medalhista, foi ouro na classe 470, nos Jogos de Atenas-2004 e bronze na classe Yngling em Pequim-2008. Al\u00e9m disso ostenta a marca de ser Tetra campe\u00e3 mundial da classe 470.<\/p>\n<p style=\"text-align: justify;\">A Gr\u00e9cia, tradicionalmente a delega\u00e7\u00e3o que abre a parada das na\u00e7\u00f5es, nunca teve uma representante feminina como Porta Bandeira, isto at\u00e9 que o dia 5 de agosto se concretize. Sofia foi escolhida por unanimidade pelo seu comit\u00ea e disputar\u00e1 a Nacra (categoria obrigatoriamente mista). Mesmo tendo preparado praticamente todo o seu ciclo ol\u00edmpico (\u00faltimos 3 anos) com Konstantinos Trigonis, ela se qualificou para os Jogos com o seu conterr\u00e2neo Michalis Pateniotis, parceiro de seus \u00faltimos 3 meses apenas, que disputou a 49er em Londres-12.<\/p>\n<p style=\"text-align: justify;\">Sofia tamb\u00e9m estar\u00e1 marcada pelo fato de lutar em nome da irm\u00e3. Varia Bekatorou, 7 anos mais velha que Sofia, descobriu um tumor grau 4 no c\u00e9rebro em junho de 2015. Varia morava na Alemanha; por\u00e9m, com seu quadro deteriorando, se mudou de volta para a Gr\u00e9cia ao final do ano. Acabou falecendo em Abril deste ano. O que poderia ser um bom motivo para n\u00e3o participar, tornou-se em for\u00e7a para homenage\u00e1-la. At\u00e9 o Maracan\u00e3, Sofia!<\/p>\n<p style=\"text-align: justify;\"><span style=\"color: #ff6600;\"><a style=\"color: #ff6600;\" href=\"https:\/\/ingressos.rio2016.com\/rio2016.html?affiliate=OGF&amp;doc=sessionDetails&amp;key=1317280$6633801&amp;fun=evdetail\" target=\"_blank\">https:\/\/ingressos.rio2016.com\/rio2016.html?affiliate=OGF&amp;doc=sessionDetails&amp;key=1317280$6633801&amp;fun=evdetail<\/a><\/span><\/p>\n<p style=\"text-align: justify;\"><span style=\"color: #ff6600;\">https:\/\/ingressos.rio2016.com\/rio2016.html?affiliate=OGF&amp;doc=sessionDetails&amp;key=1317280$6633817&amp;fun=evdetai<\/span><a href=\"https:\/\/ingressos.rio2016.com\/rio2016.html?affiliate=OGF&amp;doc=sessionDetails&amp;key=1317280$6633817&amp;fun=evdetail\">l<\/a><\/p>\n<p style=\"text-align: justify;\"><strong><a href=\"http:\/\/www.pedromigao.com.br\/ourodetolo\/wp-content\/uploads\/2016\/08\/martinov.jpg\"><img loading=\"lazy\" decoding=\"async\" class=\"alignleft size-medium wp-image-42631\" src=\"http:\/\/www.pedromigao.com.br\/ourodetolo\/wp-content\/uploads\/2016\/08\/martinov-300x200.jpg\" alt=\"Sergei Martynov of Belarus holds his gold medal won in the Men's 50m rifle prone shooting event at the London 2012 Olympic Games\" width=\"300\" height=\"200\" srcset=\"http:\/\/www.pedromigao.com.br\/ourodetolo\/wp-content\/uploads\/2016\/08\/martinov-300x200.jpg 300w, http:\/\/www.pedromigao.com.br\/ourodetolo\/wp-content\/uploads\/2016\/08\/martinov.jpg 450w\" sizes=\"auto, (max-width: 300px) 100vw, 300px\" \/><\/a>Sergei Martynov \u2013 Tiro \u2013 Porta Bandeira Belarus<\/strong><\/p>\n<p style=\"text-align: justify;\">Atleta de 48 anos, ganha notoriedade por competir desde a \u00e9poca em que representava a Uni\u00e3o Sovi\u00e9tica. Est\u00e1 caminhando para sua s\u00e9tima Olimp\u00edada e j\u00e1 ganhou medalhas em 3 edi\u00e7\u00f5es (1 de Ouro \u2013 Londres-2012 e 2 de bronze).<\/p>\n<p style=\"text-align: justify;\">Por toda sua carreira participou da prova de carabina deitado 50 metros e bateu o recorde mundial por seis vezes (nesse caso, o recorde mundial \u00e9 fazer 100% dos pontos, que totalizam 600).<\/p>\n<p style=\"text-align: justify;\">Apelidado de \u201c O homem que n\u00e3o sorri\u201d, teve uma leve reca\u00edda na comemora\u00e7\u00e3o de sua medalha dourada nos \u00faltimos Jogos. <em>&#8220;Estou absolutamente encantado. Isto significa tudo para o meu pa\u00eds. Tenho estado h\u00e1\u00a0mais de 15 anos nesta disciplina e \u00e9 um dos melhores sentimentos que j\u00e1 tive.\u201d<\/em><\/p>\n<p style=\"text-align: justify;\"><span style=\"color: #ff6600;\"><a style=\"color: #ff6600;\" href=\"https:\/\/ingressos.rio2016.com\/rio2016.html?affiliate=OGF&amp;doc=sessionDetails&amp;key=1317291$6633807&amp;fun=evdetail\" target=\"_blank\">https:\/\/ingressos.rio2016.com\/rio2016.html?affiliate=OGF&amp;doc=sessionDetails&amp;key=1317291$6633807&amp;fun=evdetail<\/a><\/span><\/p>\n<p style=\"text-align: justify;\"><strong><a href=\"http:\/\/www.pedromigao.com.br\/ourodetolo\/wp-content\/uploads\/2016\/08\/bartekova.jpg\"><img loading=\"lazy\" decoding=\"async\" class=\"alignright size-medium wp-image-42634\" src=\"http:\/\/www.pedromigao.com.br\/ourodetolo\/wp-content\/uploads\/2016\/08\/bartekova-300x199.jpg\" alt=\"bartekova\" width=\"300\" height=\"199\" srcset=\"http:\/\/www.pedromigao.com.br\/ourodetolo\/wp-content\/uploads\/2016\/08\/bartekova-300x199.jpg 300w, http:\/\/www.pedromigao.com.br\/ourodetolo\/wp-content\/uploads\/2016\/08\/bartekova-511x340.jpg 511w, http:\/\/www.pedromigao.com.br\/ourodetolo\/wp-content\/uploads\/2016\/08\/bartekova.jpg 594w\" sizes=\"auto, (max-width: 300px) 100vw, 300px\" \/><\/a>Danka Bartekova \u2013 Tiro \u2013 Porta Bandeira Eslov\u00e1quia<\/strong><\/p>\n<p style=\"text-align: justify;\">Atleta de 31 anos, Bartekova vem de medalha em Londres-2012, com bronze no skeet.\u00a0 No mesmo ano de 2012 foi eleita membra do COI para a comiss\u00e3o de atletas.<\/p>\n<p style=\"text-align: justify;\">Bartekova disse: <em>&#8220;De modo que ainda sou atleta ativa e tamb\u00e9m um estudante de rela\u00e7\u00f5es internacionais, eu realmente queria trabalhar para o COI e representar os atletas dentro do Movimento Ol\u00edmpico.\u00a0Estou muito honrada de ter a oportunidade de represent\u00e1-los e trazer minhas experi\u00eancias da minha carreira desportiva no trabalho da Comiss\u00e3o de Atletas do COI. &#8220;<\/em><\/p>\n<p style=\"text-align: justify;\">Bartekova, come\u00e7ou a atirar quando ela nem sequer tinha 10 anos de idade.\u00a0A atiradora eslovaca Skeet de Trnava ganhou tr\u00eas etapas da Copa do Mundo ISSF desde 2006, e se tornou a campe\u00e3 da Copa ISSF Mundial em 2012. Conquistando o \u00e1pice de sua carreira em Londres e tentar\u00e1 dar sequ\u00eancia aqui no Rio -2016, sendo reconhecida como representante de seu pa\u00eds na cerim\u00f4nia de Abertura.<\/p>\n<p style=\"text-align: justify;\"><span style=\"color: #ff6600;\"><a style=\"color: #ff6600;\" href=\"https:\/\/ingressos.rio2016.com\/rio2016.html?affiliate=OGF&amp;doc=sessionDetails&amp;key=1317291$6633807&amp;fun=evdetail\" target=\"_blank\">https:\/\/ingressos.rio2016.com\/rio2016.html?affiliate=OGF&amp;doc=sessionDetails&amp;key=1317291$6633807&amp;fun=evdetail<\/a><\/span><\/p>\n<p style=\"text-align: justify;\"><strong><a href=\"http:\/\/www.pedromigao.com.br\/ourodetolo\/wp-content\/uploads\/2016\/08\/osea.jpg\"><img loading=\"lazy\" decoding=\"async\" class=\"alignleft size-medium wp-image-42629\" src=\"http:\/\/www.pedromigao.com.br\/ourodetolo\/wp-content\/uploads\/2016\/08\/osea-213x300.jpg\" alt=\"osea\" width=\"213\" height=\"300\" srcset=\"http:\/\/www.pedromigao.com.br\/ourodetolo\/wp-content\/uploads\/2016\/08\/osea-213x300.jpg 213w, http:\/\/www.pedromigao.com.br\/ourodetolo\/wp-content\/uploads\/2016\/08\/osea-241x340.jpg 241w, http:\/\/www.pedromigao.com.br\/ourodetolo\/wp-content\/uploads\/2016\/08\/osea.jpg 421w\" sizes=\"auto, (max-width: 213px) 100vw, 213px\" \/><\/a>Osea Kolinisau \u2013 Rugby \u2013 Porta Bandeira Fiji<\/strong><\/p>\n<p style=\"text-align: justify;\">Atleta de 30 anos, participa de sua primeira olimp\u00edada: afinal, o rugby est\u00e1 reestreando como esporte nos Jogos (n\u00e3o participa desde 1924). Para ser atleta representante na cerim\u00f4nia, Kolinisau obteve o apoio de Jitendra Mohan, presidente da Associa\u00e7\u00e3o Fijiana de Tiro, que n\u00e3o nomeou o atleta Glen Kable, uma vez que acredita que um porta-bandeira \u00e9 algu\u00e9m que tem produzido resultados substanciais para a na\u00e7\u00e3o.<\/p>\n<p style=\"text-align: justify;\"><em>&#8220;Tivemos uma reuni\u00e3o executiva e foi uma decis\u00e3o coletiva de que um porta-bandeira \u00e9 algu\u00e9m que a na\u00e7\u00e3o reconhece e se orgulha.\u201d<\/em> Kolinisau agradece: <em>&#8220;Esta oportunidade tem de ser aproveitada, pois s\u00f3 vem uma vez na vida&#8221;.<\/em><\/p>\n<p style=\"text-align: justify;\"><span style=\"color: #ff6600;\"><a style=\"color: #ff6600;\" href=\"https:\/\/ingressos.rio2016.com\/rio2016.html?affiliate=OGF&amp;doc=sessionDetails&amp;key=1316119$6633794&amp;fun=evdetail\" target=\"_blank\">https:\/\/ingressos.rio2016.com\/rio2016.html?affiliate=OGF&amp;doc=sessionDetails&amp;key=1316119$6633794&amp;fun=evdetail<\/a><\/span><\/p>\n<p style=\"text-align: justify;\"><span style=\"color: #ff6600;\"><a style=\"color: #ff6600;\" href=\"https:\/\/ingressos.rio2016.com\/rio2016.html?affiliate=OGF&amp;doc=sessionDetails&amp;key=1316119$6633788&amp;fun=evdetail\" target=\"_blank\">https:\/\/ingressos.rio2016.com\/rio2016.html?affiliate=OGF&amp;doc=sessionDetails&amp;key=1316119$6633788&amp;fun=evdetail<\/a><\/span><\/p>\n<p style=\"text-align: justify;\"><strong><a href=\"http:\/\/www.pedromigao.com.br\/ourodetolo\/wp-content\/uploads\/2016\/08\/Gintare.jpg\"><img loading=\"lazy\" decoding=\"async\" class=\"alignright size-medium wp-image-42633\" src=\"http:\/\/www.pedromigao.com.br\/ourodetolo\/wp-content\/uploads\/2016\/08\/Gintare-300x225.jpg\" alt=\"Gintare\" width=\"300\" height=\"225\" srcset=\"http:\/\/www.pedromigao.com.br\/ourodetolo\/wp-content\/uploads\/2016\/08\/Gintare-300x225.jpg 300w, http:\/\/www.pedromigao.com.br\/ourodetolo\/wp-content\/uploads\/2016\/08\/Gintare-453x340.jpg 453w, http:\/\/www.pedromigao.com.br\/ourodetolo\/wp-content\/uploads\/2016\/08\/Gintare.jpg 640w\" sizes=\"auto, (max-width: 300px) 100vw, 300px\" \/><\/a>Gintare Scheidt \u2013 Vela- Porta Bandeira Litu\u00e2nia<\/strong><\/p>\n<p style=\"text-align: justify;\">Atleta de 33 anos, velejadora de sucesso, prata em Pequim-2008 na classe Laser. At\u00e9 a\u00ed tudo bem: mas se pararmos para notar, veremos que esse sobrenome e a classe de vela nos s\u00e3o bastante familiares. E n\u00e3o \u00e9 para menos: Gintare, a porta bandeira da Litu\u00e2nia nesses Jogos \u00e9 esposa do nosso multicampe\u00e3o Ol\u00edmpico Robert Scheidt, um mito da classe Laser.<\/p>\n<p style=\"text-align: justify;\">Ali\u00e1s, eles devem muito tamb\u00e9m aos Jogos Ol\u00edmpicos em suas vidas pessoais, afinal se conheceram durante o evento teste para os Jogos de Pequim-2008 (em 2007). Hoje, s\u00e3o casados e t\u00eam dois filhos.<\/p>\n<p style=\"text-align: justify;\">Robert inclusive crava: <em>\u201cA gente tem uma situa\u00e7\u00e3o bem positiva l\u00e1 em casa. Acho que temos duas chances de medalhas numa fam\u00edlia s\u00f3\u201d.<\/em><\/p>\n<p style=\"text-align: justify;\"><span style=\"color: #ff6600;\"><em><a style=\"color: #ff6600;\" href=\"https:\/\/ingressos.rio2016.com\/rio2016.html?affiliate=OGF&amp;doc=sessionDetails&amp;key=1317280$6633803&amp;fun=evdetail\" target=\"_blank\">https:\/\/ingressos.rio2016.com\/rio2016.html?affiliate=OGF&amp;doc=sessionDetails&amp;key=1317280$6633803&amp;fun=evdetail<\/a><\/em><\/span><\/p>\n<p style=\"text-align: justify;\"><strong><a href=\"http:\/\/www.pedromigao.com.br\/ourodetolo\/wp-content\/uploads\/2016\/08\/Pini-Ryan.jpg\"><img loading=\"lazy\" decoding=\"async\" class=\"alignleft size-medium wp-image-42628\" src=\"http:\/\/www.pedromigao.com.br\/ourodetolo\/wp-content\/uploads\/2016\/08\/Pini-Ryan-300x200.jpg\" alt=\"Pini Ryan\" width=\"300\" height=\"200\" srcset=\"http:\/\/www.pedromigao.com.br\/ourodetolo\/wp-content\/uploads\/2016\/08\/Pini-Ryan-300x200.jpg 300w, http:\/\/www.pedromigao.com.br\/ourodetolo\/wp-content\/uploads\/2016\/08\/Pini-Ryan.jpg 472w\" sizes=\"auto, (max-width: 300px) 100vw, 300px\" \/><\/a>Ryan Pini \u2013 Nata\u00e7\u00e3o \u2013 Porta Bandeira Papua Nova Guin\u00e9<\/strong><\/p>\n<p style=\"text-align: justify;\">Atleta de 34 anos, \u00a0apesar de desconhecido da grande m\u00eddia, \u00e9 um atleta de grande destaque em sua regi\u00e3o. Est\u00e1 caminhando para sua quarta olimp\u00edada e pela segunda vez ter\u00e1 a incumb\u00eancia de representar o seu pa\u00eds na Parada das Na\u00e7\u00f5es.<\/p>\n<p style=\"text-align: justify;\">J\u00e1 foi campe\u00e3o dos Jogos da comunidade Brit\u00e2nica nos 100 borboleta e tem dom\u00ednio total no seu continente nessa prova.<\/p>\n<p style=\"text-align: justify;\">Como curiosidade tem o fato de ter recebido a condecora\u00e7\u00e3o da Ordem do Imp\u00e9rio Brit\u00e2nico.<\/p>\n<p style=\"text-align: justify;\">O nadador que havia se aposentado ap\u00f3s os Jogos de Londres em 2012, mas voltou para a piscina no ano passado para disputar os Jogos do Pac\u00edfico, onde ganhou sete ouros.<\/p>\n<p style=\"text-align: justify;\">Ele vai competir em apenas um evento no Rio: seu favorito 100 borboleta, mas disse que a finalidade de sua jornada ol\u00edmpica ainda n\u00e3o ser\u00e1 de apenas participar.\u00a0<em>&#8220;Quero dizer que n\u00e3o se sente como este (evento) vai ser o fim de tudo, mas ainda estou nessa fase de prepara\u00e7\u00e3o, onde tudo o que eu estou pensando em fazer \u00e9 a melhor prova poss\u00edvel.&#8221;<\/em><\/p>\n<p style=\"text-align: justify;\">Em seu tempo fora da piscina, Pini visita escolas e locais de trabalho, funcionando como um modelo inspirador para os jovens e velhos, usando essas viagens para promover a motiva\u00e7\u00e3o e sucesso.<\/p>\n<p style=\"text-align: justify;\"><span style=\"color: #ff6600;\"><a style=\"color: #ff6600;\" href=\"https:\/\/ingressos.rio2016.com\/rio2016.html?affiliate=OGF&amp;doc=sessionDetails&amp;key=1282348$6579675&amp;fun=evdetail\" target=\"_blank\">https:\/\/ingressos.rio2016.com\/rio2016.html?affiliate=OGF&amp;doc=sessionDetails&amp;key=1282348$6579675&amp;fun=evdetail<\/a><\/span><\/p>\n<p style=\"text-align: justify;\"><strong><a href=\"http:\/\/www.pedromigao.com.br\/ourodetolo\/wp-content\/uploads\/2016\/08\/San-Marino.jpg\"><img loading=\"lazy\" decoding=\"async\" class=\"alignright size-medium wp-image-42627\" src=\"http:\/\/www.pedromigao.com.br\/ourodetolo\/wp-content\/uploads\/2016\/08\/San-Marino-300x200.jpg\" alt=\"San Marino\" width=\"300\" height=\"200\" srcset=\"http:\/\/www.pedromigao.com.br\/ourodetolo\/wp-content\/uploads\/2016\/08\/San-Marino-300x200.jpg 300w, http:\/\/www.pedromigao.com.br\/ourodetolo\/wp-content\/uploads\/2016\/08\/San-Marino-768x511.jpg 768w, http:\/\/www.pedromigao.com.br\/ourodetolo\/wp-content\/uploads\/2016\/08\/San-Marino-511x340.jpg 511w, http:\/\/www.pedromigao.com.br\/ourodetolo\/wp-content\/uploads\/2016\/08\/San-Marino.jpg 950w\" sizes=\"auto, (max-width: 300px) 100vw, 300px\" \/><\/a>Arianna Perilli \u2013 Tiro \u2013 Porta Bandeira San Marino<\/strong><\/p>\n<p style=\"text-align: justify;\">Atleta de 40 anos, Italiana de nascimento, competia at\u00e9 2009 por l\u00e1 at\u00e9 que optou por naturalizar-se samarinesa (sua m\u00e3e \u00e9 natural do pa\u00eds).<\/p>\n<p style=\"text-align: justify;\">A fam\u00edlia j\u00e1 tem hist\u00f3rico inclusive de porta bandeiras. Sua irm\u00e3 Alessandra Perilli\u00a0 foi a eleita para representar o pa\u00eds nas Olimp\u00edadas de Londres-2012.<\/p>\n<p style=\"text-align: justify;\">Ap\u00f3s a naturaliza\u00e7\u00e3o, Arianna deu uma pausa na carreira, mas voltou com tudo em 2013. Ganhou a prata na prova da fossa ol\u00edmpica nos Jogos Europeus de 2015 e assim conquistou o direito de disputar os Jogos do Rio 2016.<\/p>\n<p style=\"text-align: justify;\"><span style=\"color: #ff6600;\"><a style=\"color: #ff6600;\" href=\"https:\/\/ingressos.rio2016.com\/rio2016.html?affiliate=OGF&amp;doc=sessionDetails&amp;key=1317291$6633813&amp;fun=evdetail\" target=\"_blank\">https:\/\/ingressos.rio2016.com\/rio2016.html?affiliate=OGF&amp;doc=sessionDetails&amp;key=1317291$6633813&amp;fun=evdetail<\/a><\/span><\/p>\n<p style=\"text-align: justify;\"><strong><a href=\"http:\/\/www.pedromigao.com.br\/ourodetolo\/wp-content\/uploads\/2016\/08\/Lola.jpg\"><img loading=\"lazy\" decoding=\"async\" class=\"alignleft size-medium wp-image-42632\" src=\"http:\/\/www.pedromigao.com.br\/ourodetolo\/wp-content\/uploads\/2016\/08\/Lola-294x300.jpg\" alt=\"Lola\" width=\"294\" height=\"300\" srcset=\"http:\/\/www.pedromigao.com.br\/ourodetolo\/wp-content\/uploads\/2016\/08\/Lola-294x300.jpg 294w, http:\/\/www.pedromigao.com.br\/ourodetolo\/wp-content\/uploads\/2016\/08\/Lola-333x340.jpg 333w, http:\/\/www.pedromigao.com.br\/ourodetolo\/wp-content\/uploads\/2016\/08\/Lola.jpg 420w\" sizes=\"auto, (max-width: 294px) 100vw, 294px\" \/><\/a>Dolores Moreira \u2013 Vela \u2013 Porta Bandeira Uruguai<\/strong><\/p>\n<p style=\"text-align: justify;\">Atleta de apenas 17 anos, Dolores \u201cLola\u201d Moreira se destacou nos Jogos Pan Americanos de Toronto por alcan\u00e7ar a prata na categoria Laser Radial. Entrou para a hist\u00f3ria duplamente pois se classificou para as Olimp\u00edadas e foi a mais nova uruguaia a ganhar uma medalha (\u00e0 \u00e9poca tinha 16 anos).<\/p>\n<p style=\"text-align: justify;\">Nesses mesmos Jogos Pan Americanos, foi a respons\u00e1vel pela bandeira nacional na cerim\u00f4nia de Abertura &#8211; mas foi em substitui\u00e7\u00e3o a Deborah Rodriguez, do atletismo, que por problemas no voo n\u00e3o conseguiu chegar a tempo da cerim\u00f4nia em Toronto.<\/p>\n<p style=\"text-align: justify;\">Dessa vez, por\u00e9m, a velejadora foi escolhida por unanimidade, em reuni\u00e3o do Conselho Diretor do Comite Ol\u00edmpico Uruguai.<\/p>\n<p style=\"text-align: justify;\">A idade de menina contrasta com\u00a0 a responsabilidade de atleta: <em>\u2018\u2019Para mim,\u00a0a vela \u00e9 tudo.\u00a0Estou lutando com os estudos na escola porque eu estou velejando e treinando todos os dias, e eu quero me\u00a0dedicar ao esporte para o resto da minha vida. \u00c9 algo que eu amo para\u00a0fazer e que\u00a0n\u00e3o trocaria por nada&#8221;,\u00a0<\/em>disse ela \u00e0 EFE.<\/p>\n<p style=\"text-align: justify;\"><span style=\"color: #ff6600;\"><a style=\"color: #ff6600;\" href=\"https:\/\/ingressos.rio2016.com\/rio2016.html?affiliate=OGF&amp;doc=sessionDetails&amp;key=1317280$6633803&amp;fun=evdetail\" target=\"_blank\">https:\/\/ingressos.rio2016.com\/rio2016.html?affiliate=OGF&amp;doc=sessionDetails&amp;key=1317280$6633803&amp;fun=evdetail<\/a><\/span><\/p>\n<p style=\"text-align: justify;\"><strong><a href=\"http:\/\/www.pedromigao.com.br\/ourodetolo\/wp-content\/uploads\/2016\/08\/Yusra.jpg\"><img loading=\"lazy\" decoding=\"async\" class=\"alignright size-medium wp-image-42625\" src=\"http:\/\/www.pedromigao.com.br\/ourodetolo\/wp-content\/uploads\/2016\/08\/Yusra-300x200.jpg\" alt=\"Yusra\" width=\"300\" height=\"200\" srcset=\"http:\/\/www.pedromigao.com.br\/ourodetolo\/wp-content\/uploads\/2016\/08\/Yusra-300x200.jpg 300w, http:\/\/www.pedromigao.com.br\/ourodetolo\/wp-content\/uploads\/2016\/08\/Yusra-511x340.jpg 511w, http:\/\/www.pedromigao.com.br\/ourodetolo\/wp-content\/uploads\/2016\/08\/Yusra.jpg 748w\" sizes=\"auto, (max-width: 300px) 100vw, 300px\" \/><\/a>Yusra Mardini \u2013 Nata\u00e7\u00e3o \u2013 Time de Refugiados COI<\/strong><\/p>\n<p style=\"text-align: justify;\">Atleta de 18 anos, tem uma hist\u00f3ria de vida emblem\u00e1tica. S\u00edria de nascimento, fugiu de sua terra natal com sua irm\u00e3 para a Turquia quando tinha 14 anos. De l\u00e1, pegou um barco infl\u00e1vel para tentar chegar a Gr\u00e9cia.<\/p>\n<p style=\"text-align: justify;\">No meio do caminho, por\u00e9m, as coisas complicaram. Problemas nas condi\u00e7\u00f5es mar\u00edtimas fizeram com que o barco come\u00e7asse a naufragar. A heroica menina e sua irm\u00e3 tentaram ainda fazer com que o barco voltasse \u00e0 flutua\u00e7\u00e3o natural, sem sucesso.<\/p>\n<p style=\"text-align: justify;\">Elas ent\u00e3o se esfor\u00e7aram na tentativa de salvar a tripula\u00e7\u00e3o do barco. Muitos n\u00e3o sabiam nadar, e al\u00e9m de ser \u00e0 noite (para passar despercebido pela guarda costeira), todos os itens e malas j\u00e1 haviam sido levados mar afora. Elas fizeram ent\u00e3o o que lhes restava: nadaram por 3 horas at\u00e9 conseguirem atingir ch\u00e3o firme na Gr\u00e9cia. E todos se salvaram.<\/p>\n<p style=\"text-align: justify;\">Com essa hist\u00f3ria, a pequena Yusra havia se tornado uma refugiada; e de promessa grega, estava largada sem rumo na Gr\u00e9cia. A andan\u00e7a continuou em terras europeias e ela foi parar na Alemanha, onde encontrou apoio para continuar sua carreira de atleta.<\/p>\n<p style=\"text-align: justify;\">Sua expectativa era de se preparar para T\u00f3quio-2020; por\u00e9m o chamado do COI veio e ela al\u00e9m de se preparar para os 100 metros livres, ter\u00e1 como miss\u00e3o liderar o Time de refugiados (com representantes de S\u00edria, Sud\u00e3o do Sul, Congo e Eti\u00f3pia) na cerim\u00f4nia de Abertura Ol\u00edmpica, no dia 5 de agosto.<\/p>\n<p style=\"text-align: justify;\"><span style=\"color: #ff6600;\"><a style=\"color: #ff6600;\" href=\"https:\/\/ingressos.rio2016.com\/rio2016.html?affiliate=OGF&amp;doc=sessionDetails&amp;key=1282348$6579678&amp;fun=evdetail\" target=\"_blank\">https:\/\/ingressos.rio2016.com\/rio2016.html?affiliate=OGF&amp;doc=sessionDetails&amp;key=1282348$6579678&amp;fun=evdetail<\/a><\/span><\/p>\n<p style=\"text-align: justify;\"><strong><a href=\"http:\/\/www.pedromigao.com.br\/ourodetolo\/wp-content\/uploads\/2016\/08\/Nacif.jpg\"><img loading=\"lazy\" decoding=\"async\" class=\"alignleft size-medium wp-image-42630\" src=\"http:\/\/www.pedromigao.com.br\/ourodetolo\/wp-content\/uploads\/2016\/08\/Nacif-300x200.jpg\" alt=\"Nacif\" width=\"300\" height=\"200\" srcset=\"http:\/\/www.pedromigao.com.br\/ourodetolo\/wp-content\/uploads\/2016\/08\/Nacif-300x200.jpg 300w, http:\/\/www.pedromigao.com.br\/ourodetolo\/wp-content\/uploads\/2016\/08\/Nacif-510x340.jpg 510w, http:\/\/www.pedromigao.com.br\/ourodetolo\/wp-content\/uploads\/2016\/08\/Nacif.jpg 600w\" sizes=\"auto, (max-width: 300px) 100vw, 300px\" \/><\/a>Nacif Elias \u2013 Jud\u00f4 \u2013 Porta Bandeira L\u00edbano<\/strong><\/p>\n<p style=\"text-align: justify;\">Atleta de 27 anos, tem uma trajet\u00f3ria pouco comum desde que come\u00e7ou a brilhar nos tatames.<\/p>\n<p style=\"text-align: justify;\">Brasileiro de nascimento (e forma\u00e7\u00e3o), o capixaba Nacif n\u00e3o demorou muito para deslanchar na carreira e alcan\u00e7ar o status de integrante da sele\u00e7\u00e3o brasileira de Jud\u00f4. Por\u00e9m in\u00fameros problemas o atrapalharam nessa carreira que ainda em est\u00e1gio inicial: <em>\u201cNo Brasil eu n\u00e3o tinha essa liberdade (de escolher quais competi\u00e7\u00f5es disputaria). Tinha que seguir as ordens deles para as competi\u00e7\u00f5es: &#8216;voc\u00ea vai nessa, nessa e nessa&#8217;. N\u00e3o havia direito de escolha\u201d<\/em>, afirma o judoca.<\/p>\n<p style=\"text-align: justify;\">Em 2013, ap\u00f3s ficar de fora das Olimp\u00edadas Londres-2012 devido \u00e0 escolha t\u00e9cnica. Nacif decidiu naturalizar-se Liban\u00eas e desde ent\u00e3o sua carreira deslanchou. Hoje tem status de melhor judoca do pa\u00eds e \u00e9 esperan\u00e7a de medalha na categoria meio m\u00e9dio nos tatames brasileiros.<\/p>\n<p style=\"text-align: justify;\">Foi escolhido pelo comit\u00ea local como porta bandeira e ser\u00e1 o primeiro brasileiro do dia a ostentar uma bandeira nacional no Maracan\u00e3.<\/p>\n<p style=\"text-align: justify;\"><span style=\"color: #ff6600;\"><a style=\"color: #ff6600;\" href=\"https:\/\/ingressos.rio2016.com\/rio2016.html?affiliate=OGF&amp;doc=sessionDetails&amp;key=1316777$6633762&amp;fun=evdetail\" target=\"_blank\">https:\/\/ingressos.rio2016.com\/rio2016.html?affiliate=OGF&amp;doc=sessionDetails&amp;key=1316777$6633762&amp;fun=evdetail<\/a><\/span><\/p>\n<p style=\"text-align: justify;\">Como \u00faltima curiosidade, lembremos de aplaudir duplamente a nadadora Porta Bandeira da It\u00e1lia Federica Pellegrini (foto de capa), que far\u00e1 28 anos no dia da cerim\u00f4nia de abertura!<\/p>\n<p style=\"text-align: justify;\">E assim termina nossa passada a limpo nas hist\u00f3rias mais curiosas e surpreendentes dos atletas que participar\u00e3o do maior evento esportivo do mundo!<\/p>\n<p style=\"text-align: justify;\">At\u00e9 l\u00e1!<\/p>\n<p style=\"text-align: justify;\">[related_posts limit=&#8221;3&#8243;]<\/p>\n","protected":false},"excerpt":{"rendered":"<p>(Por Thiago Moreira, trabalhador offshore, tricolor (carioca!) de cora\u00e7\u00e3o e aficionado por basquete\u00a0e fatos curiosos do esporte em geral) Ol\u00e1! Est\u00e1 chegando a hora! AgostoTour Details<\/p>\n","protected":false},"author":2,"featured_media":42640,"comment_status":"open","ping_status":"open","sticky":false,"template":"","format":"standard","meta":{"footnotes":""},"categories":[1170],"tags":[41,665,51,94],"class_list":["post-42636","post","type-post","status-publish","format-standard","has-post-thumbnail","hentry","category-time-olimpico","tag-esporte","tag-jogos-olimpicos-2016","tag-politica-internacional","tag-rio-2016"],"_links":{"self":[{"href":"http:\/\/www.pedromigao.com.br\/ourodetolo\/wp-json\/wp\/v2\/posts\/42636","targetHints":{"allow":["GET"]}}],"collection":[{"href":"http:\/\/www.pedromigao.com.br\/ourodetolo\/wp-json\/wp\/v2\/posts"}],"about":[{"href":"http:\/\/www.pedromigao.com.br\/ourodetolo\/wp-json\/wp\/v2\/types\/post"}],"author":[{"embeddable":true,"href":"http:\/\/www.pedromigao.com.br\/ourodetolo\/wp-json\/wp\/v2\/users\/2"}],"replies":[{"embeddable":true,"href":"http:\/\/www.pedromigao.com.br\/ourodetolo\/wp-json\/wp\/v2\/comments?post=42636"}],"version-history":[{"count":0,"href":"http:\/\/www.pedromigao.com.br\/ourodetolo\/wp-json\/wp\/v2\/posts\/42636\/revisions"}],"wp:featuredmedia":[{"embeddable":true,"href":"http:\/\/www.pedromigao.com.br\/ourodetolo\/wp-json\/wp\/v2\/media\/42640"}],"wp:attachment":[{"href":"http:\/\/www.pedromigao.com.br\/ourodetolo\/wp-json\/wp\/v2\/media?parent=42636"}],"wp:term":[{"taxonomy":"category","embeddable":true,"href":"http:\/\/www.pedromigao.com.br\/ourodetolo\/wp-json\/wp\/v2\/categories?post=42636"},{"taxonomy":"post_tag","embeddable":true,"href":"http:\/\/www.pedromigao.com.br\/ourodetolo\/wp-json\/wp\/v2\/tags?post=42636"}],"curies":[{"name":"wp","href":"https:\/\/api.w.org\/{rel}","templated":true}]}}