{"id":42616,"date":"2016-08-04T06:45:12","date_gmt":"2016-08-04T09:45:12","guid":{"rendered":"http:\/\/www.pedromigao.com.br\/ourodetolo\/?p=42616"},"modified":"2016-08-01T10:57:12","modified_gmt":"2016-08-01T13:57:12","slug":"rio-2016-a-nossa-vez","status":"publish","type":"post","link":"http:\/\/www.pedromigao.com.br\/ourodetolo\/2016\/08\/rio-2016-a-nossa-vez\/","title":{"rendered":"Rio 2016 &#8211; A nossa vez&#8230;"},"content":{"rendered":"<p style=\"text-align: justify;\">A primeira imagem que me vem \u00e0 cabe\u00e7a de Jogos Ol\u00edmpicos \u00e9 a famosa l\u00e1grima do Ursinho Micha finalizando Moscou 1980. Lembro muito pouca coisa daqueles jogos, algo de v\u00f4lei e medalhas na vela at\u00e9 porque meu \u00fanico interesse era no basquete, modalidade que jogava na escola.<\/p>\n<p style=\"text-align: justify;\">Para os jogos de Los Angeles, o pr\u00e9-ol\u00edmpico da modalidade foi em S\u00e3o Paulo e passei a semana com o meu pai indo a tudo. A sele\u00e7\u00e3o jogava bonito e Carioquinha inventou a ponte a\u00e9rea. Oscar, Marcel, Marquinhos&#8230;<\/p>\n<p style=\"text-align: justify;\">Era um tima\u00e7o. Sempre joguei com a camisa 11, por ser f\u00e3 de Marcel. Chegamos a sonhar com um p\u00f3dio em 84; afinal ter\u00edamos um boicote dos pa\u00edses alinhados com a velha Uni\u00e3o Sovi\u00e9tica. Mas o time foi mal e sequer se classificou para as fases seguintes do torneio ol\u00edmpico.<\/p>\n<p style=\"text-align: justify;\">Afirmo sem pestanejar que sempre que esse evento ia chegando, pelo porte das cidades sede, nunca imaginei que estar\u00edamos com ele por essas bandas. A Copa do Mundo quando foi confirmada j\u00e1 me causou surpresa, mas os Jogos seriam demais. C\u00e9tico, assisti a escolha com aquele olhar de \u201c<em>o fato de estar entre as 4 ou 5 j\u00e1 est\u00e1 bom\u201d<\/em>. Quando o Rio foi confirmado comecei a imaginar a loucura (em v\u00e1rios sentidos) que isso representaria.<\/p>\n<p style=\"text-align: justify;\"><a href=\"http:\/\/www.pedromigao.com.br\/ourodetolo\/wp-content\/uploads\/2016\/07\/20160526_163401.jpg\"><img loading=\"lazy\" decoding=\"async\" class=\"aligncenter size-large wp-image-42368\" src=\"http:\/\/www.pedromigao.com.br\/ourodetolo\/wp-content\/uploads\/2016\/07\/20160526_163401-550x309.jpg\" alt=\"20160526_163401\" width=\"550\" height=\"309\" srcset=\"http:\/\/www.pedromigao.com.br\/ourodetolo\/wp-content\/uploads\/2016\/07\/20160526_163401-550x309.jpg 550w, http:\/\/www.pedromigao.com.br\/ourodetolo\/wp-content\/uploads\/2016\/07\/20160526_163401-300x169.jpg 300w, http:\/\/www.pedromigao.com.br\/ourodetolo\/wp-content\/uploads\/2016\/07\/20160526_163401-768x432.jpg 768w\" sizes=\"auto, (max-width: 550px) 100vw, 550px\" \/><\/a>E os Jogos do Rio chegaram!<\/p>\n<p style=\"text-align: justify;\">O pa\u00eds enfrenta uma crise de des\u00e2nimo sem precedentes na hist\u00f3ria recente. Temos uma crise politica que se arrasta desde 2013, uma crise econ\u00f4mica que faz ceifar principalmente dos menos favorecidos seus ganhos recentes, uma sensa\u00e7\u00e3o de inseguran\u00e7a nas ruas e uma elei\u00e7\u00e3o que se aproxima e que deve ser triste no n\u00edvel do debate. Por isso muitas pessoas tem ignorado a presen\u00e7a ol\u00edmpica que temos em nosso pa\u00eds desde o in\u00edcio de julho &#8211; e n\u00e3o se dando conta que isso pode ser uma oportunidade \u00fanica.<\/p>\n<p style=\"text-align: justify;\">Celebrar os jogos \u00e9 algo que dever\u00edamos estar fazendo todos os dias nos \u00faltimos meses. Acompanhar quem vem lamentar quem desiste ter a exata no\u00e7\u00e3o do tamanho dos atletas que estar\u00e3o por aqui e fazendo todo o esfor\u00e7o pelo resultado de suas vidas.<\/p>\n<p style=\"text-align: justify;\">A partir do dia 5 pipocar\u00e3o em nossas retinas hist\u00f3rias maravilhosas de supera\u00e7\u00e3o, de gente que fez do esporte sua raz\u00e3o de viver, de seu modo de defender com sangue se preciso a na\u00e7\u00e3o que ele tr\u00e1s no peito. Os ideais ol\u00edmpicos que tanto tentam enganar das formas mais torpes e vergonhosas.<\/p>\n<p style=\"text-align: justify;\">O Rio se preparou como nunca para os Jogos. Tenho a opini\u00e3o que \u00e9 a \u00fanica cidade brasileira que pode os hospedar. A alegria do carioca vai entusiasmar os milhares de visitantes. O samba ser\u00e1 exaltado na abertura, dando ainda mais \u00eanfase \u00e0 m\u00fasica que representa o Brasil.<\/p>\n<p style=\"text-align: justify;\"><a href=\"http:\/\/www.pedromigao.com.br\/ourodetolo\/wp-content\/uploads\/2016\/06\/20160612_090255.jpg\"><img loading=\"lazy\" decoding=\"async\" class=\"aligncenter size-large wp-image-42030\" src=\"http:\/\/www.pedromigao.com.br\/ourodetolo\/wp-content\/uploads\/2016\/06\/20160612_090255-550x309.jpg\" alt=\"20160612_090255\" width=\"550\" height=\"309\" srcset=\"http:\/\/www.pedromigao.com.br\/ourodetolo\/wp-content\/uploads\/2016\/06\/20160612_090255-550x309.jpg 550w, http:\/\/www.pedromigao.com.br\/ourodetolo\/wp-content\/uploads\/2016\/06\/20160612_090255-300x169.jpg 300w, http:\/\/www.pedromigao.com.br\/ourodetolo\/wp-content\/uploads\/2016\/06\/20160612_090255-768x432.jpg 768w\" sizes=\"auto, (max-width: 550px) 100vw, 550px\" \/><\/a>Claro que n\u00e3o precisamos em nenhum segundo esconder ou esquecer mazelas ou qualquer coisa que julguemos que os nossos queridos governantes n\u00e3o fa\u00e7am pelo povo.\u00a0 Podemos n\u00e3o fazer os jogos mais ricos, mais bem organizados, mas tenho certeza que ser\u00e3o os mais alegres e felizes. E que certamente, como em todas as edi\u00e7\u00f5es, ser\u00e3o inesquec\u00edveis.<\/p>\n<p style=\"text-align: justify;\">Que os Deuses do Olimpo tragam lindos dias de Sol \u00e0 cidade mais linda do mundo, que fam\u00edlias lotem as ruas para aplaudir esses g\u00eanios das pistas, quadras e \u00e1guas. Jamais esqueceremos esse per\u00edodo que o Brasil passar\u00e1. E que os pedidos de paz , que tanto as aberturas pedem, fa\u00e7am com que as radicalidades sejam deixadas de lado.<\/p>\n<p style=\"text-align: justify;\">Viva a Rio 2016!<\/p>\n<p style=\"text-align: justify;\"><strong>Imagens: Minist\u00e9rio dos Esportes e Arquivo Ouro de Tolo<\/strong><\/p>\n<p style=\"text-align: justify;\">[related_posts limit=&#8221;3&#8243;]<\/p>\n","protected":false},"excerpt":{"rendered":"<p>A primeira imagem que me vem \u00e0 cabe\u00e7a de Jogos Ol\u00edmpicos \u00e9 a famosa l\u00e1grima do Ursinho Micha finalizando Moscou 1980. Lembro muito pouca coisaTour Details<\/p>\n","protected":false},"author":26,"featured_media":42565,"comment_status":"open","ping_status":"open","sticky":false,"template":"","format":"standard","meta":{"footnotes":""},"categories":[485],"tags":[41,665,94,6],"class_list":["post-42616","post","type-post","status-publish","format-standard","has-post-thumbnail","hentry","category-vamos-a-luta","tag-esporte","tag-jogos-olimpicos-2016","tag-rio-2016","tag-vida-cotidiana"],"_links":{"self":[{"href":"http:\/\/www.pedromigao.com.br\/ourodetolo\/wp-json\/wp\/v2\/posts\/42616","targetHints":{"allow":["GET"]}}],"collection":[{"href":"http:\/\/www.pedromigao.com.br\/ourodetolo\/wp-json\/wp\/v2\/posts"}],"about":[{"href":"http:\/\/www.pedromigao.com.br\/ourodetolo\/wp-json\/wp\/v2\/types\/post"}],"author":[{"embeddable":true,"href":"http:\/\/www.pedromigao.com.br\/ourodetolo\/wp-json\/wp\/v2\/users\/26"}],"replies":[{"embeddable":true,"href":"http:\/\/www.pedromigao.com.br\/ourodetolo\/wp-json\/wp\/v2\/comments?post=42616"}],"version-history":[{"count":0,"href":"http:\/\/www.pedromigao.com.br\/ourodetolo\/wp-json\/wp\/v2\/posts\/42616\/revisions"}],"wp:featuredmedia":[{"embeddable":true,"href":"http:\/\/www.pedromigao.com.br\/ourodetolo\/wp-json\/wp\/v2\/media\/42565"}],"wp:attachment":[{"href":"http:\/\/www.pedromigao.com.br\/ourodetolo\/wp-json\/wp\/v2\/media?parent=42616"}],"wp:term":[{"taxonomy":"category","embeddable":true,"href":"http:\/\/www.pedromigao.com.br\/ourodetolo\/wp-json\/wp\/v2\/categories?post=42616"},{"taxonomy":"post_tag","embeddable":true,"href":"http:\/\/www.pedromigao.com.br\/ourodetolo\/wp-json\/wp\/v2\/tags?post=42616"}],"curies":[{"name":"wp","href":"https:\/\/api.w.org\/{rel}","templated":true}]}}